{"id":61072,"date":"2015-05-10T19:58:51","date_gmt":"2015-05-10T17:58:51","guid":{"rendered":"http:\/\/stockportal.hu\/?p=61072"},"modified":"2015-05-10T19:58:51","modified_gmt":"2015-05-10T17:58:51","slug":"brit-valasztasok-skot-kormanyfo-a-valasztas-nem-a-skot-fuggetlensegrol-szolt","status":"publish","type":"post","link":"https:\/\/gazdasagportal.hu\/index.php\/brit-valasztasok-skot-kormanyfo-a-valasztas-nem-a-skot-fuggetlensegrol-szolt\/","title":{"rendered":"Brit v\u00e1laszt\u00e1sok &#8211; Sk\u00f3t korm\u00e1nyf\u0151: a v\u00e1laszt\u00e1s nem a sk\u00f3t f\u00fcggetlens\u00e9gr\u0151l sz\u00f3lt"},"content":{"rendered":"<p><strong>A sk\u00f3t minisztereln\u00f6k szerint a cs\u00fct\u00f6rt\u00f6ki nagy-britanniai parlamenti v\u00e1laszt\u00e1sok nem Sk\u00f3cia f\u00fcggetlens\u00e9g\u00e9r\u0151l sz\u00f3ltak.<\/strong><!--more--><\/p>\n<div class=\"ads-in-post1\"><div id=\"gazdasagportal.hu_fullbanner_wideboard\"><\/div>\r\n<\/div>\n<p>    A v\u00e1laszt\u00e1sokon a Sk\u00f3ci\u00e1ban korm\u00e1nyz\u00f3 Sk\u00f3t Nemzeti P\u00e1rt (SNP) p\u00e9ld\u00e1tlan el\u0151ret\u00f6r\u00e9ssel az eddigi hatr\u00f3l 56-ra n\u00f6velte k\u00e9pvisel\u0151inek l\u00e9tsz\u00e1m\u00e1t a londoni parlament als\u00f3h\u00e1z\u00e1ban, vagyis megszerezte a brit parlamentben Sk\u00f3ci\u00e1nak j\u00e1r\u00f3 59 mand\u00e1tum z\u00f6m\u00e9t.<br \/>\n    Ennek nyom\u00e1n feler\u0151s\u00f6dtek a tal\u00e1lgat\u00e1sok arr\u00f3l, hogy napirendre ker\u00fclhet a sk\u00f3t f\u00fcggetlens\u00e9gr\u0151l sz\u00f3l\u00f3 \u00fajabb n\u00e9pszavaz\u00e1s ki\u00edr\u00e1sa.<br \/>\n    Sk\u00f3ci\u00e1ban az SNP vezette sk\u00f3t korm\u00e1ny kezdem\u00e9nyez\u00e9s\u00e9re szeptember 18-\u00e1n tartottak n\u00e9pszavaz\u00e1st a f\u00fcggetlenn\u00e9 v\u00e1l\u00e1sr\u00f3l. A referendumon az elszakad\u00e1st ellenz\u0151 er\u0151k gy\u0151ztek 55,3 sz\u00e1zal\u00e9kos szavazatar\u00e1nnyal; a f\u00fcggetlens\u00e9gre a v\u00e1laszt\u00f3k 44,7 sz\u00e1zal\u00e9ka voksolt.<br \/>\n    Nicola Sturgeon, az SNP vezet\u0151je, a sk\u00f3t korm\u00e1ny minisztereln\u00f6ke a BBC telev\u00edzi\u00f3 vas\u00e1rnapi politikai magazinm\u0171sor\u00e1ban kijelentette: v\u00e1ltozatlan c\u00e9lkit\u0171z\u00e9se, \u00e9s hisz is abban, hogy Sk\u00f3cia &#8222;egy nap&#8221; f\u00fcggetlenn\u00e9 v\u00e1lik. Hozz\u00e1tette ugyanakkor: m\u00e1r a v\u00e1laszt\u00e1sok el\u0151tt vil\u00e1goss\u00e1 tette, hogy az SNP-re leadott voksokat nem fogja a f\u00fcggetlens\u00e9gre leadott voksoknak tekinteni.<br \/>\n    A sk\u00f3t korm\u00e1nyf\u0151 els\u0151sorban arra reag\u00e1lt, hogy el\u0151dje, Alex Salmond volt sk\u00f3t minisztereln\u00f6k &#8211; aki a szeptemberi referendum ut\u00e1n lemondott &#8211; az SNP \u00e1ltal a cs\u00fct\u00f6rt\u00f6ki brit parlamenti v\u00e1laszt\u00e1sokon el\u00e9rt rendk\u00edv\u00fcli el\u0151ret\u00f6r\u00e9st &#8222;hatalmas el\u0151rel\u00e9p\u00e9snek&#8221; nevezte Sk\u00f3cia f\u00fcggetlens\u00e9ge fel\u00e9.<br \/>\n    Nicola Sturgeon a vas\u00e1rnapi BBC-m\u0171sorban kijelentette: nincs n\u00e9zetk\u00fcl\u00f6nbs\u00e9g k\u00f6zte \u00e9s Salmond k\u00f6z\u00f6tt, mivel \u0151 is v\u00e1ltozatlanul hisz abban, hogy Sk\u00f3cia elnyeri f\u00fcggetlens\u00e9g\u00e9t, de most a n\u00e9pszavaz\u00e1s \u00e1ltal megosztott sk\u00f3t lakoss\u00e1g egyes\u00edt\u00e9se az els\u0151dleges feladat.<br \/>\n    Sturgeon hangs\u00falyozta: a cs\u00fct\u00f6rt\u00f6ki v\u00e1laszt\u00e1sokon azok k\u00f6z\u00fcl is sokan az SNP-re szavaztak, akik a szeptemberi n\u00e9pszavaz\u00e1son elutas\u00edtott\u00e1k Sk\u00f3cia elszakad\u00e1s\u00e1t, \u00e9s &#8222;\u00fajb\u00f3l elutas\u00edtan\u00e1k, ha holnap ism\u00e9t referendum lenne&#8221;.<br \/>\n    A sk\u00f3t minisztereln\u00f6k hozz\u00e1tette ugyanakkor, hogy a Konzervat\u00edv P\u00e1rt v\u00e1laszt\u00e1si gy\u0151zelm\u00e9vel &#8222;l\u00e1t\u00f3t\u00e1vols\u00e1gba ker\u00fclt&#8221; a toryk \u00e1ltal a brit EU-tags\u00e1g sors\u00e1r\u00f3l meg\u00edg\u00e9rt n\u00e9pszavaz\u00e1s. Nicola Sturgeon szerint ha a sk\u00f3tok t\u00f6bbs\u00e9ge e n\u00e9pszavaz\u00e1son az EU-tags\u00e1g mellett voksol, mik\u00f6zben az Egyes\u00fclt Kir\u00e1lys\u00e1g t\u00f6bbi r\u00e9sz\u00e9nek lakoss\u00e1ga a kil\u00e9p\u00e9st p\u00e1rtolja, az egyben azt is er\u0151teljesen jelezn\u00e9, hogy a sk\u00f3t k\u00f6zv\u00e9lem\u00e9ny az \u00fajabb f\u00fcggetlens\u00e9gi n\u00e9pszavaz\u00e1s ki\u00edr\u00e1s\u00e1t szeretn\u00e9.<br \/>\n    A sk\u00f3t korm\u00e1nyf\u0151 a BBC-interj\u00faban kijelentette azt is: \u0151 nem akarja ugyan a brit EU-tags\u00e1gr\u00f3l sz\u00f3l\u00f3 n\u00e9pszavaz\u00e1st, de ha ez elker\u00fclhetetlen, akkor k\u00edv\u00e1natosnak tartan\u00e1 a &#8222;kett\u0151s t\u00f6bbs\u00e9g&#8221; elv\u00e9nek alkalmaz\u00e1s\u00e1t. Nicola Sturgeon szerint ennek alapj\u00e1n ahhoz, hogy Nagy-Britannia kil\u00e9pjen az Eur\u00f3pai Uni\u00f3b\u00f3l, nem lenne el\u00e9g az, hogy orsz\u00e1gos \u00e1tlagban a t\u00f6bbs\u00e9g erre szavazott, hanem arra is sz\u00fcks\u00e9g lenne, hogy az Egyes\u00fclt Kir\u00e1lys\u00e1got alkot\u00f3 n\u00e9gy orsz\u00e1gr\u00e9sz &#8211; Anglia, Sk\u00f3cia, Wales \u00e9s \u00c9szak-\u00cdrorsz\u00e1g &#8211; mindegyik\u00e9ben a v\u00e1laszt\u00f3k t\u00f6bbs\u00e9ge ezt megszavazza.<br \/>\n    David Cameron konzervat\u00edv p\u00e1rti brit minisztereln\u00f6k m\u00e1r k\u00e9t \u00e9ve bejelentette, hogy ha az idei parlamenti v\u00e1laszt\u00e1sokon a konzervat\u00edvok korm\u00e1nyon maradnak, 2017 v\u00e9g\u00e9ig n\u00e9pszavaz\u00e1st \u00edrnak ki arr\u00f3l, hogy Nagy-Britannia az Eur\u00f3pai Uni\u00f3 tagja maradjon-e. A cs\u00fct\u00f6rt\u00f6ki parlamenti v\u00e1laszt\u00e1sokon a konzervat\u00edvok abszol\u00fat t\u00f6bbs\u00e9get szereztek az als\u00f3h\u00e1zban, \u00edgy \u00f6n\u00e1ll\u00f3an, az eddigi koal\u00edci\u00f3s partner, az EU-p\u00e1rti Liber\u00e1lis Demokrat\u00e1k n\u00e9lk\u00fcl alak\u00edthatj\u00e1k meg az \u00faj korm\u00e1nyt.<br \/>\n    Egybehangz\u00f3 elemz\u0151i v\u00e9lem\u00e9nyek szerint ez a t\u00e9ny az eddigiekn\u00e9l is val\u00f3sz\u00edn\u0171bb\u00e9 teszi, hogy az EU-tags\u00e1gr\u00f3l sz\u00f3l\u00f3 n\u00e9pszavaz\u00e1st a korm\u00e1ny val\u00f3ban ki\u00edrja, esetleg a 2017 v\u00e9g\u00e9ben megszabott hat\u00e1rid\u0151n\u00e9l ak\u00e1r j\u00f3val kor\u00e1bban.(MTI)<\/p>\n","protected":false},"excerpt":{"rendered":"<p>A sk\u00f3t minisztereln\u00f6k szerint a cs\u00fct\u00f6rt\u00f6ki nagy-britanniai parlamenti v\u00e1laszt\u00e1sok nem Sk\u00f3cia f\u00fcggetlens\u00e9g\u00e9r\u0151l sz\u00f3ltak.<\/p>\n","protected":false},"author":1,"featured_media":0,"comment_status":"open","ping_status":"closed","sticky":false,"template":"","format":"standard","meta":[],"categories":[12],"tags":[],"_links":{"self":[{"href":"https:\/\/gazdasagportal.hu\/index.php\/wp-json\/wp\/v2\/posts\/61072"}],"collection":[{"href":"https:\/\/gazdasagportal.hu\/index.php\/wp-json\/wp\/v2\/posts"}],"about":[{"href":"https:\/\/gazdasagportal.hu\/index.php\/wp-json\/wp\/v2\/types\/post"}],"author":[{"embeddable":true,"href":"https:\/\/gazdasagportal.hu\/index.php\/wp-json\/wp\/v2\/users\/1"}],"replies":[{"embeddable":true,"href":"https:\/\/gazdasagportal.hu\/index.php\/wp-json\/wp\/v2\/comments?post=61072"}],"version-history":[{"count":1,"href":"https:\/\/gazdasagportal.hu\/index.php\/wp-json\/wp\/v2\/posts\/61072\/revisions"}],"predecessor-version":[{"id":61073,"href":"https:\/\/gazdasagportal.hu\/index.php\/wp-json\/wp\/v2\/posts\/61072\/revisions\/61073"}],"wp:attachment":[{"href":"https:\/\/gazdasagportal.hu\/index.php\/wp-json\/wp\/v2\/media?parent=61072"}],"wp:term":[{"taxonomy":"category","embeddable":true,"href":"https:\/\/gazdasagportal.hu\/index.php\/wp-json\/wp\/v2\/categories?post=61072"},{"taxonomy":"post_tag","embeddable":true,"href":"https:\/\/gazdasagportal.hu\/index.php\/wp-json\/wp\/v2\/tags?post=61072"}],"curies":[{"name":"wp","href":"https:\/\/api.w.org\/{rel}","templated":true}]}}