{"id":61036,"date":"2015-05-09T16:35:20","date_gmt":"2015-05-09T14:35:20","guid":{"rendered":"http:\/\/stockportal.hu\/?p=61036"},"modified":"2015-05-08T23:06:12","modified_gmt":"2015-05-08T21:06:12","slug":"tobb-mint-8-milliard-forint-osztalekot-fizet-az-allamkasszaba-az-atomeromu","status":"publish","type":"post","link":"https:\/\/gazdasagportal.hu\/index.php\/tobb-mint-8-milliard-forint-osztalekot-fizet-az-allamkasszaba-az-atomeromu\/","title":{"rendered":"T\u00f6bb mint 8 milli\u00e1rd forint osztal\u00e9kot fizet az \u00e1llamkassz\u00e1ba az atomer\u0151m\u0171"},"content":{"rendered":"<p><strong>Elfogadta a r\u00e9szv\u00e9nyt\u00e1rsas\u00e1g 2014. \u00e9vi m\u00e9rleg\u00e9t \u00e9s eredm\u00e9ny-kimutat\u00e1s\u00e1t 2015. m\u00e1jus 8-\u00e1n tartott \u00e9ves rendes k\u00f6zgy\u0171l\u00e9s\u00e9n az MVM Paksi Atomer\u0151m\u0171 Zrt. A k\u00f6zgy\u0171l\u00e9s d\u00f6nt\u00e9se nyom\u00e1n a c\u00e9g t\u00f6bb mint 8 milli\u00e1rd forint osztal\u00e9kot fizet az \u00e1llamkassz\u00e1ba.<\/strong><!--more--><\/p>\n<div class=\"ads-in-post1\"><div id=\"gazdasagportal.hu_fullbanner_wideboard\"><\/div>\r\n<\/div>\n<p>    A Paksi Atomer\u0151m\u0171 honlapj\u00e1n olvashat\u00f3 \u00f6sszefoglal\u00f3 szerint 8 milli\u00e1rd 228 milli\u00f3 922 ezer 650 forint osztal\u00e9k kifizet\u00e9s\u00e9r\u0151l sz\u00fcletett d\u00f6nt\u00e9s, az \u00f6sszeget 2015. augusztus 15-\u00e9n fizeti be az \u00e1llamkassz\u00e1ba a Paksi Atomer\u0151m\u0171.<br \/>\n    A Paksi Atomer\u0151m\u0171 \u00e1ltal megtermelt villamosenergia mennyis\u00e9ge n\u0151tt 2014-ben az el\u0151z\u0151 \u00e9vhez k\u00e9pest, de az \u00e9rt\u00e9kes\u00edt\u00e9si nett\u00f3 \u00e1rbev\u00e9tele a rezsics\u00f6kkent\u00e9s ok\u00e1n m\u00e9rs\u00e9kelt \u00e1rak miatt 6,8 sz\u00e1zal\u00e9kkal alatta maradt a 2013-asnak. Az MVM Paksi Atomer\u0151m\u0171 Zrt. az elm\u00falt \u00e9vre vonatkoz\u00f3an 172,9 milli\u00e1rd forint \u00e1rbev\u00e9telt k\u00f6nyvelhetett el.<br \/>\n    A c\u00e9g k\u00f6zgy\u0171l\u00e9se a p\u00e9nz\u00fcgyi m\u00e9rlegen k\u00edv\u00fcl megt\u00e1rgyalta \u00e9s j\u00f3v\u00e1hagyta a 2015. \u00e9vi \u00fczlet- \u00e9s fejleszt\u00e9spolitik\u00e1t. \u201eAlapvet\u0151, az \u00fczlet- \u00e9s fejleszt\u00e9spolitik\u00e1hoz kapcsol\u00f3d\u00f3 elv\u00e1r\u00e1sk\u00e9nt fogalmazta meg az atomer\u0151m\u0171 nukle\u00e1ris biztons\u00e1g\u00e1ra vonatkoz\u00f3 k\u00f6vetelm\u00e9nyek marad\u00e9ktalan betart\u00e1s\u00e1t \u00e9s az \u00fczemid\u0151-hosszabb\u00edt\u00e1si program feladatainak v\u00e9grehajt\u00e1s\u00e1t a t\u00e1rsas\u00e1g \u00e9s az Orsz\u00e1gos Atomenergia Hivatal vonatkoz\u00f3 el\u0151\u00edr\u00e1sainak figyelembev\u00e9tel\u00e9vel.\u201d \u2013 fogalmaz az er\u0151m\u0171 \u00f6sszefoglal\u00f3ja.<br \/>\n    Azt is hangs\u00falyozz\u00e1k, hogy haz\u00e1nk egyetlen atomer\u0151m\u0171ve a gazdas\u00e1gos, biztons\u00e1gos, k\u00f6rnyezetbar\u00e1t \u00fczemeltet\u00e9s mellett k\u00f6telezte el mag\u00e1t: az orsz\u00e1gban a legolcs\u00f3bb \u00e1ram Paksr\u00f3l sz\u00e1rmazik, a t\u00e1rsas\u00e1g legfontosabb alapelve a biztons\u00e1g, a kl\u00edmav\u00e1ltoz\u00e1s elleni k\u00fczdelem szempontj\u00e1b\u00f3l pedig kulcsfontoss\u00e1g\u00fa a k\u00f6zel nulla sz\u00e9n-dioxid-kibocs\u00e1t\u00e1s, amellyel az atomer\u0151m\u0171 \u00fczemel.<br \/>\n    A k\u00f6zgy\u0171l\u00e9s d\u00f6nt\u00e9s\u00e9nek \u00e9rtelm\u00e9ben igazgat\u00f3s\u00e1gi tagg\u00e1 v\u00e1lasztott\u00e1k T\u00f3th J\u00e1nost, a fel\u00fcgyel\u0151bizotts\u00e1gban pedig Sum J\u00e1nos Szil\u00e1rd k\u00f6veti a t\u00e1voz\u00f3 B\u00e1rsony Bal\u00e1zst. (MTI)<\/p>\n","protected":false},"excerpt":{"rendered":"<p>Elfogadta a r\u00e9szv\u00e9nyt\u00e1rsas\u00e1g 2014. \u00e9vi m\u00e9rleg\u00e9t \u00e9s eredm\u00e9ny-kimutat\u00e1s\u00e1t 2015. m\u00e1jus 8-\u00e1n tartott \u00e9ves rendes k\u00f6zgy\u0171l\u00e9s\u00e9n az MVM Paksi Atomer\u0151m\u0171 Zrt. A k\u00f6zgy\u0171l\u00e9s d\u00f6nt\u00e9se nyom\u00e1n a c\u00e9g t\u00f6bb mint 8 milli\u00e1rd forint osztal\u00e9kot fizet az \u00e1llamkassz\u00e1ba.<\/p>\n","protected":false},"author":1,"featured_media":0,"comment_status":"open","ping_status":"closed","sticky":false,"template":"","format":"standard","meta":[],"categories":[19],"tags":[],"_links":{"self":[{"href":"https:\/\/gazdasagportal.hu\/index.php\/wp-json\/wp\/v2\/posts\/61036"}],"collection":[{"href":"https:\/\/gazdasagportal.hu\/index.php\/wp-json\/wp\/v2\/posts"}],"about":[{"href":"https:\/\/gazdasagportal.hu\/index.php\/wp-json\/wp\/v2\/types\/post"}],"author":[{"embeddable":true,"href":"https:\/\/gazdasagportal.hu\/index.php\/wp-json\/wp\/v2\/users\/1"}],"replies":[{"embeddable":true,"href":"https:\/\/gazdasagportal.hu\/index.php\/wp-json\/wp\/v2\/comments?post=61036"}],"version-history":[{"count":1,"href":"https:\/\/gazdasagportal.hu\/index.php\/wp-json\/wp\/v2\/posts\/61036\/revisions"}],"predecessor-version":[{"id":61037,"href":"https:\/\/gazdasagportal.hu\/index.php\/wp-json\/wp\/v2\/posts\/61036\/revisions\/61037"}],"wp:attachment":[{"href":"https:\/\/gazdasagportal.hu\/index.php\/wp-json\/wp\/v2\/media?parent=61036"}],"wp:term":[{"taxonomy":"category","embeddable":true,"href":"https:\/\/gazdasagportal.hu\/index.php\/wp-json\/wp\/v2\/categories?post=61036"},{"taxonomy":"post_tag","embeddable":true,"href":"https:\/\/gazdasagportal.hu\/index.php\/wp-json\/wp\/v2\/tags?post=61036"}],"curies":[{"name":"wp","href":"https:\/\/api.w.org\/{rel}","templated":true}]}}