{"id":61002,"date":"2015-05-10T05:04:09","date_gmt":"2015-05-10T03:04:09","guid":{"rendered":"http:\/\/stockportal.hu\/?p=61002"},"modified":"2015-05-09T22:03:15","modified_gmt":"2015-05-09T20:03:15","slug":"atlagosan-szazezer-forintos-karokat-okozott-a-szerdai-vihar","status":"publish","type":"post","link":"https:\/\/gazdasagportal.hu\/index.php\/atlagosan-szazezer-forintos-karokat-okozott-a-szerdai-vihar\/","title":{"rendered":"\u00c1tlagosan sz\u00e1zezer forintos k\u00e1rokat okozott a szerdai vihar"},"content":{"rendered":"<p><strong>A szerda esti-\u00e9jszakai viharok ut\u00e1n ezres nagys\u00e1grend\u0171 bejelent\u00e9sek \u00e9rkeztek a biztos\u00edt\u00f3khoz a lak\u00e1sbiztos\u00edt\u00e1sok alapj\u00e1n, \u00e1tlagosan egy k\u00e1r 100 ezer forintos &#8211; k\u00f6z\u00f6lt\u00e9k a biztos\u00edt\u00f3k p\u00e9nteken az MTI-vel.<\/strong><!--more--><\/p>\n<div class=\"ads-in-post1\"><div id=\"gazdasagportal.hu_fullbanner_wideboard\"><\/div>\r\n<\/div>\n<p>    Az Aegon Biztos\u00edt\u00f3hoz p\u00e9ntek reggelig 1100 bejelent\u00e9s \u00e9rkezett, de a szakemberek tov\u00e1bbi bejelent\u00e9sekre sz\u00e1m\u00edtanak, amelyek sz\u00e1ma el\u00e9rheti az \u00f6tezret is. Az \u00fcgyfelek \u00e1ltal becs\u00fclt k\u00e1r eddig 155 milli\u00f3 forint. A legt\u00f6bb bejelent\u00e9s B\u00e1cs-Kiskun, Csongr\u00e1d \u00e9s Tolna megy\u00e9b\u0151l \u00e9rkezett, a nagy r\u00e9sz\u00fck j\u00e9gver\u00e9shez kapcsol\u00f3d\u00f3 k\u00e1rbejelent\u00e9s.<br \/>\n    A Generalihoz k\u00f6zel ezer k\u00e1rbejelent\u00e9s \u00e9rkezett eddig, mintegy 140 milli\u00f3 forint \u00e9rt\u00e9kben. Legt\u00f6bb k\u00e1rt Soltvadkertr\u0151l \u00e9s Szegv\u00e1rr\u00f3l jelentett\u00e9k.<br \/>\n    A Groupama Garancia Biztos\u00edt\u00f3hoz t\u00f6bb mint 1000 k\u00e1rbejelent\u00e9s \u00e9rkezett, amelyek k\u00e1r\u00e9rt\u00e9ke v\u00e1rhat\u00f3an el\u00e9ri a 100 milli\u00f3 forintot. A k\u00e1rbejelent\u00e9sek els\u0151sorban B\u00e1cs, Tolna \u00e9s Csongr\u00e1d megy\u00e9kb\u0151l \u00e9rkeztek. A mostani extr\u00e9m id\u0151j\u00e1r\u00e1s nem s\u00e1vokban, hanem foltokban okozott k\u00e1rokat &#8211; jegyzi meg a biztos\u00edt\u00f3 k\u00f6zlem\u00e9nye.(MTI)<\/p>\n","protected":false},"excerpt":{"rendered":"<p>A szerda esti-\u00e9jszakai viharok ut\u00e1n ezres nagys\u00e1grend\u0171 bejelent\u00e9sek \u00e9rkeztek a biztos\u00edt\u00f3khoz a lak\u00e1sbiztos\u00edt\u00e1sok alapj\u00e1n, \u00e1tlagosan egy k\u00e1r 100 ezer forintos &#8211; k\u00f6z\u00f6lt\u00e9k a biztos\u00edt\u00f3k p\u00e9nteken az MTI-vel.<\/p>\n","protected":false},"author":1,"featured_media":0,"comment_status":"open","ping_status":"closed","sticky":false,"template":"","format":"standard","meta":[],"categories":[51],"tags":[],"_links":{"self":[{"href":"https:\/\/gazdasagportal.hu\/index.php\/wp-json\/wp\/v2\/posts\/61002"}],"collection":[{"href":"https:\/\/gazdasagportal.hu\/index.php\/wp-json\/wp\/v2\/posts"}],"about":[{"href":"https:\/\/gazdasagportal.hu\/index.php\/wp-json\/wp\/v2\/types\/post"}],"author":[{"embeddable":true,"href":"https:\/\/gazdasagportal.hu\/index.php\/wp-json\/wp\/v2\/users\/1"}],"replies":[{"embeddable":true,"href":"https:\/\/gazdasagportal.hu\/index.php\/wp-json\/wp\/v2\/comments?post=61002"}],"version-history":[{"count":1,"href":"https:\/\/gazdasagportal.hu\/index.php\/wp-json\/wp\/v2\/posts\/61002\/revisions"}],"predecessor-version":[{"id":61003,"href":"https:\/\/gazdasagportal.hu\/index.php\/wp-json\/wp\/v2\/posts\/61002\/revisions\/61003"}],"wp:attachment":[{"href":"https:\/\/gazdasagportal.hu\/index.php\/wp-json\/wp\/v2\/media?parent=61002"}],"wp:term":[{"taxonomy":"category","embeddable":true,"href":"https:\/\/gazdasagportal.hu\/index.php\/wp-json\/wp\/v2\/categories?post=61002"},{"taxonomy":"post_tag","embeddable":true,"href":"https:\/\/gazdasagportal.hu\/index.php\/wp-json\/wp\/v2\/tags?post=61002"}],"curies":[{"name":"wp","href":"https:\/\/api.w.org\/{rel}","templated":true}]}}