{"id":60956,"date":"2015-05-08T11:14:10","date_gmt":"2015-05-08T09:14:10","guid":{"rendered":"http:\/\/stockportal.hu\/?p=60956"},"modified":"2015-05-08T11:14:10","modified_gmt":"2015-05-08T09:14:10","slug":"londoni-elemzo-meglepo-mertekben-novekedett-a-magyar-gazdasag","status":"publish","type":"post","link":"https:\/\/gazdasagportal.hu\/index.php\/londoni-elemzo-meglepo-mertekben-novekedett-a-magyar-gazdasag\/","title":{"rendered":"Londoni elemz\u0151: meglep\u0151 m\u00e9rt\u00e9kben n\u00f6vekedett a magyar gazdas\u00e1g"},"content":{"rendered":"<p><strong>Meglep\u0151 m\u00e9rt\u00e9kben n\u00f6vekedett a magyar gazdas\u00e1g az elm\u00falt m\u00e1sf\u00e9l \u00e9vben &#8211; mondta William Jackson, a londoni Capital Economics felt\u00f6rekv\u0151 piacokra szakosodott vezet\u0151 elemz\u0151je p\u00e9nteken a Kossuth R\u00e1di\u00f3 180 perc c\u00edm\u0171 m\u0171sor\u00e1ban.<\/strong><!--more--><\/p>\n<div class=\"ads-in-post1\"><div id=\"gazdasagportal.hu_fullbanner_wideboard\"><\/div>\r\n<\/div>\n<p>    Arra reag\u00e1lva, hogy az Eur\u00f3pai Bizotts\u00e1g kedden 0,5 sz\u00e1zal\u00e9kponttal, 2,8 sz\u00e1zal\u00e9kra jav\u00edtotta el\u0151rejelz\u00e9s\u00e9t a magyar gazdas\u00e1g idei n\u00f6veked\u00e9s\u00e9re, az elemz\u0151 a n\u00f6veked\u00e9st el\u0151seg\u00edt\u0151 t\u00e9nyez\u0151k k\u00f6z\u00f6tt sorolta fel az ipari teljes\u00edtm\u00e9ny javul\u00e1s\u00e1t, amelyet szerinte a n\u00e9met gazdas\u00e1g er\u0151s\u00f6d\u00e9se is seg\u00edtett, a lakoss\u00e1gi energia\u00e1rak cs\u00f6kkent\u00e9s\u00e9t, az uni\u00f3s forr\u00e1sok n\u00f6vekv\u0151 felhaszn\u00e1l\u00e1s\u00e1t \u00e9s a munkaer\u0151piac b\u0151v\u00fcl\u00e9s\u00e9t, amit legink\u00e1bb a k\u00f6zfoglalkoztat\u00e1snak tulajdon\u00edtott.<br \/>\n    A gazdas\u00e1gi n\u00f6veked\u00e9s fenntarthat\u00f3s\u00e1g\u00e1val kapcsolatban a Capital Economics elemz\u0151je elmondta: az infl\u00e1ci\u00f3 v\u00e1rhat\u00f3an tov\u00e1bbra is m\u00e9rs\u00e9kelt marad, a magyar ipar sz\u00e1m\u00e1ra kulcsfontoss\u00e1g\u00fa n\u00e9met gazdas\u00e1g is j\u00f3l teljes\u00edt, k\u00e9rd\u00e9s azonban, hogy a korm\u00e1nyzati int\u00e9zked\u00e9sekre v\u00e1ltozatlanul gazdas\u00e1gi \u00f6szt\u00f6nz\u0151k\u00e9nt lehet-e sz\u00e1m\u00edtani.<br \/>\n    Az elemz\u0151 szerint a gazdas\u00e1gi n\u00f6veked\u00e9s fenntart\u00e1s\u00e1hoz Magyarorsz\u00e1gnak kisz\u00e1m\u00edthat\u00f3bb befektet\u0151i k\u00f6rnyezetet kell teremtenie, amiben nem keletkezhet az a l\u00e1tszat, hogy bizonyos k\u00fclf\u00f6ldi tulajdon\u00fa \u00e1gazatok a korm\u00e1nyzati int\u00e9zked\u00e9sek c\u00e9lpontjai lenn\u00e9nek.<br \/>\n    A korm\u00e1ny gazdas\u00e1gpolitikai int\u00e9zked\u00e9sei k\u00f6z\u00fcl kiemelte, hogy m\u00e9rs\u00e9kl\u0151dik a bankad\u00f3, \u00e9s a devizahitelek forintos\u00edt\u00e1sa is szab\u00e1lyozottabban, egy\u00fcttm\u0171k\u00f6d\u0151bben zajlott, mint 2011-ben.<br \/>\n    Mivel az \u00e1llamad\u00f3ss\u00e1g m\u00e9g mindig viszonylag magas, az elemz\u0151 szerint nem val\u00f3sz\u00edn\u0171, hogy a tavalyihoz hasonl\u00f3 m\u00e9rt\u00e9kben b\u0151v\u00edthet\u0151 az \u00e1llami foglalkoztat\u00e1s. \u00dagy v\u00e9lte, nem z\u00e1rhat\u00f3 ki a k\u00f6lts\u00e9gvet\u00e9si szigor\u00edt\u00e1s sem a k\u00f6vetkez\u0151 \u00e9vekben.(MTI)<\/p>\n","protected":false},"excerpt":{"rendered":"<p>Meglep\u0151 m\u00e9rt\u00e9kben n\u00f6vekedett a magyar gazdas\u00e1g az elm\u00falt m\u00e1sf\u00e9l \u00e9vben &#8211; mondta William Jackson, a londoni Capital Economics felt\u00f6rekv\u0151 piacokra szakosodott vezet\u0151 elemz\u0151je p\u00e9nteken a Kossuth R\u00e1di\u00f3 180 perc c\u00edm\u0171 m\u0171sor\u00e1ban.<\/p>\n","protected":false},"author":1,"featured_media":19066,"comment_status":"open","ping_status":"closed","sticky":false,"template":"","format":"standard","meta":[],"categories":[146,19],"tags":[],"_links":{"self":[{"href":"https:\/\/gazdasagportal.hu\/index.php\/wp-json\/wp\/v2\/posts\/60956"}],"collection":[{"href":"https:\/\/gazdasagportal.hu\/index.php\/wp-json\/wp\/v2\/posts"}],"about":[{"href":"https:\/\/gazdasagportal.hu\/index.php\/wp-json\/wp\/v2\/types\/post"}],"author":[{"embeddable":true,"href":"https:\/\/gazdasagportal.hu\/index.php\/wp-json\/wp\/v2\/users\/1"}],"replies":[{"embeddable":true,"href":"https:\/\/gazdasagportal.hu\/index.php\/wp-json\/wp\/v2\/comments?post=60956"}],"version-history":[{"count":1,"href":"https:\/\/gazdasagportal.hu\/index.php\/wp-json\/wp\/v2\/posts\/60956\/revisions"}],"predecessor-version":[{"id":60957,"href":"https:\/\/gazdasagportal.hu\/index.php\/wp-json\/wp\/v2\/posts\/60956\/revisions\/60957"}],"wp:featuredmedia":[{"embeddable":true,"href":"https:\/\/gazdasagportal.hu\/index.php\/wp-json\/wp\/v2\/media\/19066"}],"wp:attachment":[{"href":"https:\/\/gazdasagportal.hu\/index.php\/wp-json\/wp\/v2\/media?parent=60956"}],"wp:term":[{"taxonomy":"category","embeddable":true,"href":"https:\/\/gazdasagportal.hu\/index.php\/wp-json\/wp\/v2\/categories?post=60956"},{"taxonomy":"post_tag","embeddable":true,"href":"https:\/\/gazdasagportal.hu\/index.php\/wp-json\/wp\/v2\/tags?post=60956"}],"curies":[{"name":"wp","href":"https:\/\/api.w.org\/{rel}","templated":true}]}}