{"id":60950,"date":"2015-05-08T10:16:30","date_gmt":"2015-05-08T08:16:30","guid":{"rendered":"http:\/\/stockportal.hu\/?p=60950"},"modified":"2015-05-08T10:16:30","modified_gmt":"2015-05-08T08:16:30","slug":"brit-valasztasok-abszolut-tobbseget-szerezhetett-a-konzervativ-part","status":"publish","type":"post","link":"https:\/\/gazdasagportal.hu\/index.php\/brit-valasztasok-abszolut-tobbseget-szerezhetett-a-konzervativ-part\/","title":{"rendered":"Brit v\u00e1laszt\u00e1sok &#8211; Abszol\u00fat t\u00f6bbs\u00e9get szerezhetett a Konzervat\u00edv P\u00e1rt"},"content":{"rendered":"<p><strong>A p\u00e9ntek reggeli sz\u00e1m\u00edt\u00e1sok szerint a 2010 \u00f3ta korm\u00e1nyz\u00f3 Konzervat\u00edv P\u00e1rt val\u00f3sz\u00edn\u0171leg megszerezte az \u00f6n\u00e1ll\u00f3 korm\u00e1nyalak\u00edt\u00e1shoz el\u00e9gs\u00e9ges abszol\u00fat t\u00f6bbs\u00e9get a brit parlamenti v\u00e1laszt\u00e1sokon.<\/strong><!--more--><\/p>\n<div class=\"ads-in-post1\"><div id=\"gazdasagportal.hu_fullbanner_wideboard\"><\/div>\r\n<\/div>\n<p>    Ennek alapj\u00e1n bizonyosra vehet\u0151, hogy David Cameron eddigi minisztereln\u00f6k alak\u00edthatja meg Nagy-Britannia k\u00f6vetkez\u0151 korm\u00e1ny\u00e1t is.<br \/>\n    A m\u00e9g nem v\u00e9gleges v\u00e1laszt\u00e1si adatokat elemz\u0151 szak\u00e9rt\u0151k a BBC-nek nyilatkozva 329 f\u0151s tory frakci\u00f3t val\u00f3sz\u00edn\u0171s\u00edtettek a 650 f\u0151s als\u00f3h\u00e1zban; ez 22 f\u0151vel lenne t\u00f6bb az el\u0151z\u0151, 2010-es v\u00e1laszt\u00e1sok ut\u00e1n kialakult konzervat\u00edv frakci\u00f3 l\u00e9tsz\u00e1m\u00e1n\u00e1l.<br \/>\n    A fel\u00fclvizsg\u00e1lt progn\u00f3zis szerint az els\u0151 sz\u00e1m\u00fa vet\u00e9lyt\u00e1rs, a Munk\u00e1sp\u00e1rt 233 mand\u00e1tumot szerezhetett az als\u00f3h\u00e1zban, 25-tel kevesebbet, mint \u00f6t \u00e9ve, \u00e9s 96-tal kevesebbet, mint a konzervat\u00edvok.<br \/>\n    A legnagyobb v\u00e1laszt\u00e1si katasztr\u00f3fa azonban a Konzervat\u00edv P\u00e1rttal eddig koal\u00edci\u00f3ban korm\u00e1nyz\u00f3 Liber\u00e1lis Demokrat\u00e1kat \u00e9rte: a p\u00e9ntek reggeli el\u0151rejelz\u00e9s nekik mind\u00f6ssze 8 mand\u00e1tumot j\u00f3solt, 49-cel kevesebbet eddigi frakci\u00f3juk l\u00e9tsz\u00e1m\u00e1n\u00e1l.<br \/>\n    A Sk\u00f3t Nemzeti P\u00e1rt (SNP) hatr\u00f3l 56-ra n\u00f6velhette als\u00f3h\u00e1zi l\u00e9tsz\u00e1m\u00e1t.<br \/>\n    A Munk\u00e1sp\u00e1rt \u00e9s a Liber\u00e1lis Demokrat\u00e1k egyar\u00e1nt s\u00falyos vesztes\u00e9geket szenvedtek sz\u00e1mszer\u0171leg \u00e9s szem\u00e9lyileg is.<br \/>\n    A Labour vez\u00e9rkar\u00e1b\u00f3l nem jutott be az als\u00f3h\u00e1zba Douglas Alexander, az eddigi munk\u00e1sp\u00e1rti \u00e1rny\u00e9kkorm\u00e1ny k\u00fcl\u00fcgyminiszter-jel\u00f6ltje, akit egy 20 esztend\u0151s egyetemista SNP-jel\u00f6lt, Mhairi Black gy\u0151z\u00f6tt le. Ezzel \u0151 lett a brit parlament als\u00f3h\u00e1z\u00e1nak 1667 \u00f3ta legfiatalabb tagja.<br \/>\n    Elvesztette k\u00e9pvisel\u0151i mand\u00e1tum\u00e1t emellett Ed Balls, a Labour \u00e1rny\u00e9kkorm\u00e1ny\u00e1nak p\u00e9nz\u00fcgyminiszter-jel\u00f6ltje is, aki Ed Miliband, a Munk\u00e1sp\u00e1rt vezet\u0151je ut\u00e1n a p\u00e1rt m\u00e1sodik legmagasabb rang\u00fa k\u00e9pvisel\u0151je volt.<br \/>\n    A Liber\u00e1lis Demokrat\u00e1k \u00e9lvonal\u00e1b\u00f3l nem ker\u00fclt be az \u00faj als\u00f3h\u00e1zba Vince Cable, az \u00fczleti \u00fcgyek eddigi minisztere, Danny Alexander, az eddigi koal\u00edci\u00f3s korm\u00e1ny p\u00e9nz\u00fcgyminiszter-helyettese \u00e9s Ed Davey, aki a v\u00e1laszt\u00e1sokig az energia\u00fcgyi miniszter tiszts\u00e9g\u00e9t t\u00f6lt\u00f6tte be.<br \/>\n    Egy\u00f6ntet\u0171 v\u00e1rakoz\u00e1sok szerint mind Ed Miliband, a Labour vezet\u0151je, mind Nick Clegg, a Liber\u00e1lis Demokrat\u00e1k vezet\u0151je, a koal\u00edci\u00f3s korm\u00e1ny eddigi minisztereln\u00f6k-helyettese t\u00e1vozik p\u00e1rtja \u00e9l\u00e9r\u0151l, annak ellen\u00e9re is, hogy mindketten beker\u00fcltek az \u00faj als\u00f3h\u00e1zba.<br \/>\n    A v\u00e1laszt\u00e1sok eredm\u00e9nye a brit k\u00f6zv\u00e9lem\u00e9ny-kutat\u00f3 szakma s\u00falyos, egyel\u0151re magyar\u00e1zatra v\u00e1r\u00f3 kudarc\u00e1t is jelenti, az el\u0151zetes felm\u00e9r\u00e9sek ugyanis h\u00f3napok \u00f3ta gyakorlatilag azonos t\u00e1mogatotts\u00e1got jeleztek a Konzervat\u00edv P\u00e1rtnak \u00e9s a Munk\u00e1sp\u00e1rtnak. Az egyetlen helyes el\u0151rejelz\u00e9s az volt, hogy a Sk\u00f3t Nemzeti P\u00e1rt &#8211; amelynek eddig hat k\u00e9pvisel\u0151je volt a londoni als\u00f3h\u00e1zban &#8211; a Sk\u00f3ci\u00e1nak j\u00e1r\u00f3 59 k\u00e9pvisel\u0151i mand\u00e1tum z\u00f6m\u00e9t megszerzi.(MTI)<\/p>\n","protected":false},"excerpt":{"rendered":"<p>A p\u00e9ntek reggeli sz\u00e1m\u00edt\u00e1sok szerint a 2010 \u00f3ta korm\u00e1nyz\u00f3 Konzervat\u00edv P\u00e1rt val\u00f3sz\u00edn\u0171leg megszerezte az \u00f6n\u00e1ll\u00f3 korm\u00e1nyalak\u00edt\u00e1shoz el\u00e9gs\u00e9ges abszol\u00fat t\u00f6bbs\u00e9get a brit parlamenti v\u00e1laszt\u00e1sokon.<\/p>\n","protected":false},"author":1,"featured_media":60805,"comment_status":"open","ping_status":"closed","sticky":false,"template":"","format":"standard","meta":[],"categories":[146,12],"tags":[],"_links":{"self":[{"href":"https:\/\/gazdasagportal.hu\/index.php\/wp-json\/wp\/v2\/posts\/60950"}],"collection":[{"href":"https:\/\/gazdasagportal.hu\/index.php\/wp-json\/wp\/v2\/posts"}],"about":[{"href":"https:\/\/gazdasagportal.hu\/index.php\/wp-json\/wp\/v2\/types\/post"}],"author":[{"embeddable":true,"href":"https:\/\/gazdasagportal.hu\/index.php\/wp-json\/wp\/v2\/users\/1"}],"replies":[{"embeddable":true,"href":"https:\/\/gazdasagportal.hu\/index.php\/wp-json\/wp\/v2\/comments?post=60950"}],"version-history":[{"count":1,"href":"https:\/\/gazdasagportal.hu\/index.php\/wp-json\/wp\/v2\/posts\/60950\/revisions"}],"predecessor-version":[{"id":60951,"href":"https:\/\/gazdasagportal.hu\/index.php\/wp-json\/wp\/v2\/posts\/60950\/revisions\/60951"}],"wp:featuredmedia":[{"embeddable":true,"href":"https:\/\/gazdasagportal.hu\/index.php\/wp-json\/wp\/v2\/media\/60805"}],"wp:attachment":[{"href":"https:\/\/gazdasagportal.hu\/index.php\/wp-json\/wp\/v2\/media?parent=60950"}],"wp:term":[{"taxonomy":"category","embeddable":true,"href":"https:\/\/gazdasagportal.hu\/index.php\/wp-json\/wp\/v2\/categories?post=60950"},{"taxonomy":"post_tag","embeddable":true,"href":"https:\/\/gazdasagportal.hu\/index.php\/wp-json\/wp\/v2\/tags?post=60950"}],"curies":[{"name":"wp","href":"https:\/\/api.w.org\/{rel}","templated":true}]}}