{"id":60946,"date":"2015-05-08T09:52:24","date_gmt":"2015-05-08T07:52:24","guid":{"rendered":"http:\/\/stockportal.hu\/?p=60946"},"modified":"2015-05-08T09:52:24","modified_gmt":"2015-05-08T07:52:24","slug":"az-mnb-a-bankok-vallalasait-varja-a-bankado-csokkentese-fejeben","status":"publish","type":"post","link":"https:\/\/gazdasagportal.hu\/index.php\/az-mnb-a-bankok-vallalasait-varja-a-bankado-csokkentese-fejeben\/","title":{"rendered":"Az MNB a bankok v\u00e1llal\u00e1sait v\u00e1rja a bankad\u00f3 cs\u00f6kkent\u00e9se fej\u00e9ben"},"content":{"rendered":"<p><strong>A jegybank k\u00e9t probl\u00e9m\u00e1t l\u00e1t abban, hogy a bankad\u00f3 cs\u00f6kkent\u00e9s\u00e9t a korm\u00e1ny az Eur\u00f3pai \u00dajj\u00e1\u00e9p\u00edt\u00e9si \u00e9s Fejleszt\u00e9si Bankkal (EBRD) k\u00f6t\u00f6tt meg\u00e1llapod\u00e1snak megfelel\u0151en hajtja v\u00e9gre a j\u00f6v\u0151 \u00e9vt\u0151l &#8211;  err\u0151l besz\u00e9lt az M1 aktu\u00e1lis csatorna p\u00e9ntek reggeli ad\u00e1s\u00e1ban Nagy M\u00e1rton, a Magyar Nemzeti Bank (MNB) p\u00e9nz\u00fcgyi stabilit\u00e1s\u00e9rt \u00e9s hitel\u00f6szt\u00f6nz\u00e9s\u00e9rt felel\u0151s \u00fcgyvezet\u0151 igazgat\u00f3ja.<\/strong><!--more--><\/p>\n<div class=\"ads-in-post1\"><div id=\"gazdasagportal.hu_fullbanner_wideboard\"><\/div>\r\n<\/div>\n<p>    Az els\u0151 az, hogy a bankad\u00f3 cs\u00f6kkent\u00e9se nincs hozz\u00e1k\u00f6tve a hitelez\u00e9s \u00e9l\u00e9nk\u00edt\u00e9shez, mik\u00f6zben elv\u00e1rhat\u00f3, hogy a k\u00f6nny\u00edt\u00e9s fej\u00e9ben a bankok n\u00f6velj\u00e9k hitelez\u00e9si aktivit\u00e1sukat a v\u00e1llalati szegmensben. A jegybank azt szeretn\u00e9 l\u00e1tni, hogy &#8211; amint azt az Erste Bank megtette az EBRD-vel k\u00f6t\u00f6tt meg\u00e1llapod\u00e1sban &#8211; a t\u00f6bbi bank is nyilatkozzon arr\u00f3l, hogyan k\u00e9pzeli a k\u00f6vetkez\u0151 \u00e9veket, hogyan tud hozz\u00e1tenni a gazdas\u00e1gi n\u00f6veked\u00e9shez &#8211; mondta, hozz\u00e1t\u00e9ve: az MNB azt v\u00e1rja, hogy minden bank megtegye a v\u00e1llal\u00e1s\u00e1t.<br \/>\n    A jegybank a bankad\u00f3 vet\u00edt\u00e9si alapj\u00e1ban l\u00e1tja a m\u00e1sik probl\u00e9m\u00e1t, amely a 2014-es m\u00e9rlegf\u0151\u00f6sszeg lesz az eddigi 2009-es ad\u00f3alap helyett. Nagy M\u00e1rton kifejtette: egyes bankok sz\u0171k\u00edtett\u00e9k hitelez\u00e9si aktivit\u00e1sukat a k\u00e9t id\u0151pont k\u00f6z\u00f6tt, \u00e9s \u00e9ppen ezek j\u00e1rnak j\u00f3l a bankad\u00f3 cs\u00f6kkent\u00e9s\u00e9vel, hiszen nemcsak az ad\u00f3 kulcsa, hanem az ad\u00f3 alapja is cs\u00f6kken.<br \/>\n    Az MNB azt szeretn\u00e9 el\u00e9rni, hogy a bankad\u00f3 egyre ink\u00e1bb egy gazdas\u00e1gi n\u00f6veked\u00e9st seg\u00edt\u0151 eszk\u00f6zz\u00e9 v\u00e1ljon, \u00e9s ne fisk\u00e1lis, ad\u00f3politikai eszk\u00f6z legyen. A jegybank \u00fcgyvezet\u0151 igazgat\u00f3ja megism\u00e9telte azt a v\u00e9lem\u00e9ny\u00e9t, hogy amely bank t\u00e9nylegesen n\u00f6veli  hitelez\u00e9si aktivit\u00e1s\u00e1t, az nagyobb tehercs\u00f6kkent\u00e9sben r\u00e9szes\u00fclj\u00f6n.<br \/>\n    Nagy M\u00e1rton a Napi Gazdas\u00e1g szerdai sz\u00e1m\u00e1ban megjelent interj\u00faban m\u00e1r a bankad\u00f3 differenci\u00e1lt cs\u00f6kkent\u00e9se mellett \u00e9rvelt.<br \/>\n    L\u00e1z\u00e1r J\u00e1nos, Minisztereln\u00f6ks\u00e9get vezet\u0151 miniszter cs\u00fct\u00f6rt\u00f6k\u00f6n bejelentette: a korm\u00e1ny d\u00f6nt\u00f6tt arr\u00f3l, hogy az EBRD-vel k\u00f6t\u00f6tt eredeti meg\u00e1llapod\u00e1snak megfelel\u0151en 2016-ban megkezdik a bankad\u00f3  cs\u00f6kkent\u00e9s\u00e9t, \u00e9s a  kabinet rem\u00e9ny\u00e9nek adott hangot, hogy  a p\u00e9nzint\u00e9zetek n\u00f6velik a kihelyezett hiteleik nagys\u00e1grendj\u00e9t.<br \/>\n    Az EBRD-vel febru\u00e1rban k\u00f6t\u00f6tt meg\u00e1llapod\u00e1s szerint a bankad\u00f3 m\u00e9rt\u00e9ke a m\u00e9rlegf\u0151\u00f6sszeg 0,53 sz\u00e1zal\u00e9k\u00e1r\u00f3l 2016-t\u00f3l 0,31 sz\u00e1zal\u00e9k\u00e1ra, cs\u00f6kken, \u00e9s a korm\u00e1ny sz\u00e1m\u00edt\u00e1sai szerint ezzel 60 milli\u00e1rd forinttal kisebb bev\u00e9telt jelent a k\u00f6lts\u00e9gvet\u00e9snek.(MTI)<\/p>\n","protected":false},"excerpt":{"rendered":"<p>A jegybank k\u00e9t probl\u00e9m\u00e1t l\u00e1t abban, hogy a bankad\u00f3 cs\u00f6kkent\u00e9s\u00e9t a korm\u00e1ny az Eur\u00f3pai \u00dajj\u00e1\u00e9p\u00edt\u00e9si \u00e9s Fejleszt\u00e9si Bankkal (EBRD) k\u00f6t\u00f6tt meg\u00e1llapod\u00e1snak megfelel\u0151en hajtja v\u00e9gre a j\u00f6v\u0151 \u00e9vt\u0151l &#8211; err\u0151l besz\u00e9lt az M1 aktu\u00e1lis csatorna p\u00e9ntek reggeli ad\u00e1s\u00e1ban Nagy M\u00e1rton, a Magyar Nemzeti Bank (MNB) p\u00e9nz\u00fcgyi stabilit\u00e1s\u00e9rt \u00e9s hitel\u00f6szt\u00f6nz\u00e9s\u00e9rt felel\u0151s \u00fcgyvezet\u0151 igazgat\u00f3ja.<\/p>\n","protected":false},"author":1,"featured_media":0,"comment_status":"open","ping_status":"closed","sticky":false,"template":"","format":"standard","meta":[],"categories":[19],"tags":[],"_links":{"self":[{"href":"https:\/\/gazdasagportal.hu\/index.php\/wp-json\/wp\/v2\/posts\/60946"}],"collection":[{"href":"https:\/\/gazdasagportal.hu\/index.php\/wp-json\/wp\/v2\/posts"}],"about":[{"href":"https:\/\/gazdasagportal.hu\/index.php\/wp-json\/wp\/v2\/types\/post"}],"author":[{"embeddable":true,"href":"https:\/\/gazdasagportal.hu\/index.php\/wp-json\/wp\/v2\/users\/1"}],"replies":[{"embeddable":true,"href":"https:\/\/gazdasagportal.hu\/index.php\/wp-json\/wp\/v2\/comments?post=60946"}],"version-history":[{"count":1,"href":"https:\/\/gazdasagportal.hu\/index.php\/wp-json\/wp\/v2\/posts\/60946\/revisions"}],"predecessor-version":[{"id":60947,"href":"https:\/\/gazdasagportal.hu\/index.php\/wp-json\/wp\/v2\/posts\/60946\/revisions\/60947"}],"wp:attachment":[{"href":"https:\/\/gazdasagportal.hu\/index.php\/wp-json\/wp\/v2\/media?parent=60946"}],"wp:term":[{"taxonomy":"category","embeddable":true,"href":"https:\/\/gazdasagportal.hu\/index.php\/wp-json\/wp\/v2\/categories?post=60946"},{"taxonomy":"post_tag","embeddable":true,"href":"https:\/\/gazdasagportal.hu\/index.php\/wp-json\/wp\/v2\/tags?post=60946"}],"curies":[{"name":"wp","href":"https:\/\/api.w.org\/{rel}","templated":true}]}}