{"id":60920,"date":"2015-05-08T05:08:28","date_gmt":"2015-05-08T03:08:28","guid":{"rendered":"http:\/\/stockportal.hu\/?p=60920"},"modified":"2015-05-11T09:53:57","modified_gmt":"2015-05-11T07:53:57","slug":"gyorsjelentes-2015-q1-varakozason-felul-teljesitett-a-mol-az-elso-negyedevben","status":"publish","type":"post","link":"https:\/\/gazdasagportal.hu\/index.php\/gyorsjelentes-2015-q1-varakozason-felul-teljesitett-a-mol-az-elso-negyedevben\/","title":{"rendered":"Gyorsjelent\u00e9s 2015 Q1 &#8211; V\u00e1rakoz\u00e1son fel\u00fcl teljes\u00edtett a Mol az els\u0151 negyed\u00e9vben"},"content":{"rendered":"<p><strong>Fel\u00fclm\u00falta az elemz\u0151i v\u00e1rakoz\u00e1sokat a Mol-csoport 2015 els\u0151 negyed\u00e9ves eredm\u00e9nye, az el\u0151z\u0151 negyed\u00e9vhez k\u00e9pest 5 sz\u00e1zal\u00e9kkal magasabb, 154,1 milli\u00e1rd forint \u00fajrabeszerz\u00e9si \u00e1rakkal becs\u00fclt, tiszt\u00edtott, kamat-, ad\u00f3fizet\u00e9s \u00e9s amortiz\u00e1ci\u00f3 el\u0151tti eredm\u00e9nyt (EBITDA) \u00e9rt el &#8211; k\u00f6z\u00f6lte a t\u00e1rsas\u00e1g p\u00e9nteken a Budapesti \u00c9rt\u00e9kt\u0151zsde honlapj\u00e1n.<\/strong><!--more--><\/p>\n<div class=\"ads-in-post1\"><div id=\"gazdasagportal.hu_fullbanner_wideboard\"><\/div>\r\n<\/div>\n<p>    Elemz\u0151k 145,3 milli\u00e1rd forint k\u00f6r\u00fcli negyed\u00e9ves tiszt\u00edtott EBITD\u00c1-ra sz\u00e1m\u00edtottak a portfolio.hu \u00e1ltal k\u00e9sz\u00edtett konszenzus szerint.<br \/>\n    A konszolid\u00e1lt, nemzetk\u00f6zi sz\u00e1mviteli elvek (IFRS) alapj\u00e1n k\u00e9sz\u00fclt p\u00e9nz\u00fcgyi gyorsjelent\u00e9s szerint az idei els\u0151 negyed\u00e9ves \u00fajrabeszerz\u00e9si \u00e1rakkal becs\u00fclt, tiszt\u00edtott EBITDA 47 sz\u00e1zal\u00e9kkal t\u00f6bb az el\u0151z\u0151 \u00e9v azonos id\u0151szak\u00e1ban el\u00e9rt 104,6 milli\u00e1rd forintn\u00e1l.<br \/>\n    Az \u00e9rt\u00e9kes\u00edt\u00e9s nett\u00f3 \u00e1rbev\u00e9tele 921,9 milli\u00e1rd forint volt az els\u0151 h\u00e1rom h\u00f3napban, amely 18 sz\u00e1zal\u00e9kkal alacsonyabb a 2014 els\u0151 negyed\u00e9vi 1120,9 milli\u00e1rd forinthoz k\u00e9pest.<br \/>\n    A jelent\u00e9s id\u00e9zi Hern\u00e1di Zsoltot, az olajipari v\u00e1llalat eln\u00f6k-vez\u00e9rigazgat\u00f3j\u00e1t, aki szerint a tart\u00f3san 60 doll\u00e1r alatti k\u0151olaj\u00e1r ellen\u00e9re siker\u00fclt er\u0151s p\u00e9nz\u00fcgyi teljes\u00edtm\u00e9nnyel kezdeni az \u00e9vet, \u00edgy m\u00e9g biztosabb, hogy a v\u00e1llalat el\u00e9ri a 2015-re kit\u0171z\u00f6tt 2 milli\u00e1rd doll\u00e1ros tiszt\u00edtott EBITD\u00c1-t. Hozz\u00e1tette: a feldolgoz\u00e1s \u00e9s kereskedelmi (downstream) \u00fczlet\u00e1g minden id\u0151k leger\u0151sebb els\u0151 negyed\u00e9ves eredm\u00e9ny\u00e9t \u00e9rte el, mindazon\u00e1ltal 2017-ig \u00fajabb 500 milli\u00f3 doll\u00e1ros hat\u00e9konys\u00e1gjavul\u00e1st akar el\u00e9rni a c\u00e9g. Az upstream (kutat\u00e1s \u00e9s kitermel\u00e9s) \u00fczlet\u00e1g Norv\u00e9gi\u00e1ban terjeszkedett, amelynek eredm\u00e9nyek\u00e9nt a v\u00e1llalat megdupl\u00e1zta kutat\u00e1si potenci\u00e1lj\u00e1t, mindemellett pedig a megl\u00e9v\u0151 kelet-k\u00f6z\u00e9p-eur\u00f3pai portf\u00f3li\u00f3 k\u00f6lts\u00e9geinek cs\u00f6kkent\u00e9s\u00e9n dolgoznak \u2013 fejtette ki a vez\u00e9rigazgat\u00f3.<br \/>\n    Az els\u0151 negyed\u00e9vben a Mol-csoport speci\u00e1lis t\u00e9telek n\u00e9lk\u00fcli EBITD\u00c1-ja 138,5 milli\u00e1rd forintot \u00e9rt el, ami 36 sz\u00e1zal\u00e9kkal magasabb az el\u0151z\u0151 \u00e9v els\u0151 negyed\u00e9vi b\u00e1zisn\u00e1l.<br \/>\n    Az upstream \u00fczlet\u00e1g speci\u00e1lis t\u00e9telek n\u00e9lk\u00fcli EBITD\u00c1-ja 60,7 milli\u00e1rd forintra cs\u00f6kkent az els\u0151 negyed\u00e9vben, amely 7 sz\u00e1zal\u00e9kkal alacsonyabb az el\u0151z\u0151 negyed\u00e9vi szintn\u00e9l \u00e9s 27 sz\u00e1zal\u00e9kkal alacsonyabb az egy \u00e9vvel kor\u00e1bbin\u00e1l. M\u00edg a kitermel\u00e9s k\u00f6zel azonos szinten maradt, a teljes\u00edtm\u00e9nyt negat\u00edvan befoly\u00e1solta a Brent \u00e1r\u00e1nak tov\u00e1bbi hord\u00f3nk\u00e9nti 22 doll\u00e1ros cs\u00f6kken\u00e9se. A szegmensb\u0151l sz\u00e1rmaz\u00f3 bev\u00e9telek cs\u00f6kken\u00e9s\u00e9t csak r\u00e9szben ellens\u00falyozta a forint doll\u00e1rral szembeni 11 sz\u00e1zal\u00e9kos er\u0151teljes gyeng\u00fcl\u00e9se, az alacsonyabb kutat\u00e1si k\u00f6lts\u00e9gek, valamint egyes egyszeri t\u00e9telek.<br \/>\n    A downstream \u00fczlet\u00e1g az idei els\u0151 negyed\u00e9vben 74,3 milli\u00e1rd forintos tiszta \u00fajrabeszerz\u00e9si \u00e1rakkal becs\u00fclt EBITD\u00c1-t \u00e9rt el, amely k\u00f6zel azonos 2014 utols\u00f3 negyed\u00e9vhez. Az eredm\u00e9nyt a doll\u00e1r er\u0151s\u00f6d\u00e9se mellett a finom\u00edt\u00f3i k\u00f6rnyezet tov\u00e1bbi javul\u00e1sa, valamint a tart\u00f3san magas integr\u00e1lt petrolk\u00e9miai \u00e1rr\u00e9s is t\u00e1mogatta. A pozit\u00edv hat\u00e1sokat ellens\u00falyozta a szezon\u00e1lis okok miatt 12 sz\u00e1zal\u00e9kkal cs\u00f6kken\u0151 \u00e9rt\u00e9kes\u00edt\u00e9si volumen \u00e9s az alacsonyabb nagykereskedelmi \u00e1rr\u00e9s.<br \/>\n    A Mol-csoport 58 milli\u00e1rd forint m\u0171k\u00f6d\u00e9si cash-flowt \u00e9rt el az els\u0151 negyed\u00e9vben.<br \/>\n    Az elad\u00f3sodotts\u00e1gi mutat\u00f3k 2015 els\u0151 negyed\u00e9v\u00e9ben kis m\u00e9rt\u00e9kben emelkedtek, a nett\u00f3 elad\u00f3sodotts\u00e1g 21,8 sz\u00e1zal\u00e9kra n\u0151tt, ami a jelent\u00e9s szerint r\u00e9szben a m\u0171k\u00f6d\u00e9si cash-flow cs\u00f6kken\u00e9s\u00e9nek (magasabb m\u0171k\u00f6d\u0151t\u0151ke ig\u00e9ny) \u00e9s a k\u00f6zelm\u00falt upstream \u00e9s kiskereskedelmi akviz\u00edci\u00f3inak tudhat\u00f3 be.<br \/>\n    A g\u00e1z midstream (g\u00e1zsz\u00e1ll\u00edt\u00e1si \u00fczlet\u00e1g) 20 sz\u00e1zal\u00e9kos n\u00f6veked\u00e9st k\u00f6nyvelt el &#8211; a 18 milli\u00e1rd forintos speci\u00e1lis t\u00e9telek n\u00e9lk\u00fcli EBITDA alapj\u00e1n -, amelyet a magasabb hazai sz\u00e1ll\u00edtott mennyis\u00e9g gener\u00e1lt. 2015 els\u0151 negyed\u00e9v\u00e9t\u0151l a szegmensben a magyarorsz\u00e1gi g\u00e1zsz\u00e1ll\u00edt\u00e1si rendszer\u00fczemeltet\u0151, a F\u00f6ldg\u00e1zsz\u00e1ll\u00edt\u00f3 Zrt. (FGSZ) maradt az egyed\u00fcli szerepl\u0151.     A Mol r\u00e9szv\u00e9nyeivel a B\u00c9T pr\u00e9mium kateg\u00f3ri\u00e1j\u00e1ban kereskednek, a pap\u00edr cs\u00fct\u00f6rt\u00f6ki z\u00e1r\u00f3\u00e1ra 15 250 forint volt, m\u00edg az elm\u00falt egy \u00e9vben 10 580 \u00e9s 15 600 forint k\u00f6z\u00f6tt mozgott.(MTI)<\/p>\n","protected":false},"excerpt":{"rendered":"<p>Fel\u00fclm\u00falta az elemz\u0151i v\u00e1rakoz\u00e1sokat a Mol-csoport 2015 els\u0151 negyed\u00e9ves eredm\u00e9nye, az el\u0151z\u0151 negyed\u00e9vhez k\u00e9pest 5 sz\u00e1zal\u00e9kkal magasabb, 154,1 milli\u00e1rd forint \u00fajrabeszerz\u00e9si \u00e1rakkal becs\u00fclt, tiszt\u00edtott, kamat-, ad\u00f3fizet\u00e9s \u00e9s amortiz\u00e1ci\u00f3 el\u0151tti eredm\u00e9nyt (EBITDA) \u00e9rt el &#8211; k\u00f6z\u00f6lte a t\u00e1rsas\u00e1g p\u00e9nteken a Budapesti \u00c9rt\u00e9kt\u0151zsde honlapj\u00e1n.<\/p>\n","protected":false},"author":1,"featured_media":1434,"comment_status":"open","ping_status":"closed","sticky":false,"template":"","format":"standard","meta":[],"categories":[146,401,7,44],"tags":[],"_links":{"self":[{"href":"https:\/\/gazdasagportal.hu\/index.php\/wp-json\/wp\/v2\/posts\/60920"}],"collection":[{"href":"https:\/\/gazdasagportal.hu\/index.php\/wp-json\/wp\/v2\/posts"}],"about":[{"href":"https:\/\/gazdasagportal.hu\/index.php\/wp-json\/wp\/v2\/types\/post"}],"author":[{"embeddable":true,"href":"https:\/\/gazdasagportal.hu\/index.php\/wp-json\/wp\/v2\/users\/1"}],"replies":[{"embeddable":true,"href":"https:\/\/gazdasagportal.hu\/index.php\/wp-json\/wp\/v2\/comments?post=60920"}],"version-history":[{"count":1,"href":"https:\/\/gazdasagportal.hu\/index.php\/wp-json\/wp\/v2\/posts\/60920\/revisions"}],"predecessor-version":[{"id":60921,"href":"https:\/\/gazdasagportal.hu\/index.php\/wp-json\/wp\/v2\/posts\/60920\/revisions\/60921"}],"wp:featuredmedia":[{"embeddable":true,"href":"https:\/\/gazdasagportal.hu\/index.php\/wp-json\/wp\/v2\/media\/1434"}],"wp:attachment":[{"href":"https:\/\/gazdasagportal.hu\/index.php\/wp-json\/wp\/v2\/media?parent=60920"}],"wp:term":[{"taxonomy":"category","embeddable":true,"href":"https:\/\/gazdasagportal.hu\/index.php\/wp-json\/wp\/v2\/categories?post=60920"},{"taxonomy":"post_tag","embeddable":true,"href":"https:\/\/gazdasagportal.hu\/index.php\/wp-json\/wp\/v2\/tags?post=60920"}],"curies":[{"name":"wp","href":"https:\/\/api.w.org\/{rel}","templated":true}]}}