{"id":60918,"date":"2015-05-08T09:29:51","date_gmt":"2015-05-08T07:29:51","guid":{"rendered":"http:\/\/stockportal.hu\/?p=60918"},"modified":"2015-05-07T21:30:35","modified_gmt":"2015-05-07T19:30:35","slug":"futoverseny-miatt-forgalomkorlatozasok-lesznek-budapesten-szombaton","status":"publish","type":"post","link":"https:\/\/gazdasagportal.hu\/index.php\/futoverseny-miatt-forgalomkorlatozasok-lesznek-budapesten-szombaton\/","title":{"rendered":"Fut\u00f3verseny miatt forgalomkorl\u00e1toz\u00e1sok lesznek Budapesten szombaton"},"content":{"rendered":"<p><strong>Fut\u00f3verseny miatt forgalomkorl\u00e1toz\u00e1sokra kell sz\u00e1m\u00edtani Budapesten szombat d\u00e9lel\u0151tt, t\u00f6bb k\u00f6z\u00f6ss\u00e9gi k\u00f6zleked\u00e9si j\u00e1rat menetrendje is m\u00f3dosul &#8211; k\u00f6z\u00f6lte a Budapesti K\u00f6zleked\u00e9si K\u00f6zpont (BKK) cs\u00fct\u00f6rt\u00f6k\u00f6n az MTI-vel.<\/strong><!--more--><\/p>\n<div class=\"ads-in-post1\"><div id=\"gazdasagportal.hu_fullbanner_wideboard\"><\/div>\r\n<\/div>\n<p>    A v\u00e1ltoz\u00e1sok els\u0151sorban a Budai als\u00f3 rakpartot, a Margit h\u00edd Pestr\u0151l Bud\u00e1ra vezet\u0151 oldal\u00e1n a szigeti bej\u00e1r\u00f3 \u00e9s a budai h\u00eddf\u0151 k\u00f6z\u00f6tti szakasz\u00e1t, az \u00c1rp\u00e1d fejedelem \u00fatj\u00e1t, a Szent Gell\u00e9rt rakpartot, a J\u00f3zsef Attila utc\u00e1t \u00e9s a Honv\u00e9d utc\u00e1t \u00e9rintik.<br \/>\n    R\u00f6vid\u00edtett \u00fatvonalon k\u00f6zlekedik majd a 2-es villamos, a 26-os \u00e9s a 226-os busz. Ideiglenesen le\u00e1ll\u00edthatj\u00e1k a 9-es, a 15-\u00f6s \u00e9s a 115-\u00f6s, a 17-es, a 86-os, a 160-as, a 260-as \u00e9s a 260A busz, valamint a 47-es, a 48-as \u00e9s a 49-es villamos, tov\u00e1bb\u00e1 a 70-es \u00e9s 78-as trolibusz forgalm\u00e1t.(MTI)<\/p>\n","protected":false},"excerpt":{"rendered":"<p>Fut\u00f3verseny miatt forgalomkorl\u00e1toz\u00e1sokra kell sz\u00e1m\u00edtani Budapesten szombat d\u00e9lel\u0151tt, t\u00f6bb k\u00f6z\u00f6ss\u00e9gi k\u00f6zleked\u00e9si j\u00e1rat menetrendje is m\u00f3dosul &#8211; k\u00f6z\u00f6lte a Budapesti K\u00f6zleked\u00e9si K\u00f6zpont (BKK) cs\u00fct\u00f6rt\u00f6k\u00f6n az MTI-vel.<\/p>\n","protected":false},"author":1,"featured_media":0,"comment_status":"open","ping_status":"closed","sticky":false,"template":"","format":"standard","meta":[],"categories":[4,151],"tags":[],"_links":{"self":[{"href":"https:\/\/gazdasagportal.hu\/index.php\/wp-json\/wp\/v2\/posts\/60918"}],"collection":[{"href":"https:\/\/gazdasagportal.hu\/index.php\/wp-json\/wp\/v2\/posts"}],"about":[{"href":"https:\/\/gazdasagportal.hu\/index.php\/wp-json\/wp\/v2\/types\/post"}],"author":[{"embeddable":true,"href":"https:\/\/gazdasagportal.hu\/index.php\/wp-json\/wp\/v2\/users\/1"}],"replies":[{"embeddable":true,"href":"https:\/\/gazdasagportal.hu\/index.php\/wp-json\/wp\/v2\/comments?post=60918"}],"version-history":[{"count":1,"href":"https:\/\/gazdasagportal.hu\/index.php\/wp-json\/wp\/v2\/posts\/60918\/revisions"}],"predecessor-version":[{"id":60919,"href":"https:\/\/gazdasagportal.hu\/index.php\/wp-json\/wp\/v2\/posts\/60918\/revisions\/60919"}],"wp:attachment":[{"href":"https:\/\/gazdasagportal.hu\/index.php\/wp-json\/wp\/v2\/media?parent=60918"}],"wp:term":[{"taxonomy":"category","embeddable":true,"href":"https:\/\/gazdasagportal.hu\/index.php\/wp-json\/wp\/v2\/categories?post=60918"},{"taxonomy":"post_tag","embeddable":true,"href":"https:\/\/gazdasagportal.hu\/index.php\/wp-json\/wp\/v2\/tags?post=60918"}],"curies":[{"name":"wp","href":"https:\/\/api.w.org\/{rel}","templated":true}]}}