{"id":60880,"date":"2015-05-10T05:26:45","date_gmt":"2015-05-10T03:26:45","guid":{"rendered":"http:\/\/stockportal.hu\/?p=60880"},"modified":"2015-05-09T22:03:04","modified_gmt":"2015-05-09T20:03:04","slug":"az-altus-ugyeben-adatigenylessel-fordultak-az-europai-bizottsaghoz-a-fidesz-kdnp-ep-kepviseloi","status":"publish","type":"post","link":"https:\/\/gazdasagportal.hu\/index.php\/az-altus-ugyeben-adatigenylessel-fordultak-az-europai-bizottsaghoz-a-fidesz-kdnp-ep-kepviseloi\/","title":{"rendered":"Az Altus \u00fcgy\u00e9ben adatig\u00e9nyl\u00e9ssel fordultak az Eur\u00f3pai Bizotts\u00e1ghoz a Fidesz-KDNP EP-k\u00e9pvisel\u0151i"},"content":{"rendered":"<p><strong>Az Eur\u00f3pai Parlament (EP) magyar n\u00e9pp\u00e1rti deleg\u00e1ci\u00f3ja az Eur\u00f3pai Bizotts\u00e1ghoz fordult adatig\u00e9nyl\u00e9ssel Gyurcs\u00e1ny Ferenc Altus nev\u0171 c\u00e9g\u00e9nek uni\u00f3s megb\u00edzat\u00e1sa miatt &#8211; k\u00f6z\u00f6lte cs\u00fct\u00f6rt\u00f6k\u00f6n a k\u00e9pvisel\u0151csoport.<\/strong><!--more--><\/p>\n<div class=\"ads-in-post1\"><div id=\"gazdasagportal.hu_fullbanner_wideboard\"><\/div>\r\n<\/div>\n<p>    A Fidesz-KDNP EP-k\u00e9pvisel\u0151i elfogadhatatlannak tartj\u00e1k, hogy az Eur\u00f3pai Bizotts\u00e1g egy olyan c\u00e9get b\u00edzzon meg az Eur\u00f3pai Uni\u00f3 2014-20-as fejleszt\u00e9si programjaival kapcsolatos tanulm\u00e1nyok elk\u00e9sz\u00edt\u00e9s\u00e9vel, amelyik egy akt\u00edv p\u00e1rtpolitikus tulajdon\u00e1ban van &#8211; olvashat\u00f3 a k\u00f6zlem\u00e9nyben. Szerint\u00fck az uni\u00f3s javaslattev\u0151-v\u00e9grehajt\u00f3 int\u00e9zm\u00e9ny ezzel megs\u00e9rti a p\u00e1rtpolitikai f\u00fcggetlens\u00e9g elv\u00e9t.<br \/>\n    A megb\u00edz\u00e1s kapcs\u00e1n egyebek k\u00f6zt azt k\u00e9rdezik az Eur\u00f3pai Bizotts\u00e1gt\u00f3l, hogy a c\u00e9g az Eur\u00f3pai Bizotts\u00e1ggal val\u00f3 szerz\u0151d\u00e9ses viszony 2014 okt\u00f3beri kezdete el\u0151tt v\u00e9gzett-e az uni\u00f3s region\u00e1lis politika megval\u00f3s\u00edt\u00e1s\u00e1val kapcsolatos elemz\u0151i munk\u00e1t, illetve amennyiben ezt a feladatot az Eur\u00f3pai Bizotts\u00e1g maga l\u00e1tta el, akkor melyik f\u0151igazgat\u00f3s\u00e1g mely r\u00e9szlege v\u00e9gezte ezt a munk\u00e1t kor\u00e1bban, \u00e9s mi az oka annak, hogy most egy k\u00fcls\u0151 konzorciumot b\u00edztak meg ezzel a feladattal.<br \/>\n    Azt is k\u00e9rdezik, hogy melyik f\u0151igazgat\u00f3s\u00e1g \u00edrta ki a p\u00e1ly\u00e1zatot a megb\u00edzat\u00e1sra, ki volt a felel\u0151s d\u00f6nt\u00e9shoz\u00f3 a p\u00e1ly\u00e1zat elb\u00edr\u00e1l\u00e1s\u00e1\u00e9rt, h\u00e1ny c\u00e9g indult azon a p\u00e1ly\u00e1zaton amelynek sor\u00e1n az Altus Zrt. vezette konzorcium elnyerte a 2016 janu\u00e1r v\u00e9g\u00e9ig tart\u00f3 megb\u00edzat\u00e1st. Szint\u00e9n a k\u00e9rd\u00e9sek k\u00f6z\u00f6tt szerepel, hogy milyen felt\u00e9teleknek kellett megfelelnie a p\u00e1ly\u00e1z\u00f3knak, \u00e9s milyen ism\u00e9rvek alapj\u00e1n v\u00e1lasztotta ki ezt a konzorciumot az Eur\u00f3pai Bizotts\u00e1g, illetve mikor hozza nyilv\u00e1noss\u00e1gra a br\u00fcsszeli test\u00fclet a p\u00e1ly\u00e1zati ki\u00edr\u00e1st \u00e9s a p\u00e1ly\u00e1zatok \u00e9rt\u00e9kel\u00e9s\u00e9vel kapcsolatos dokumentumokat.(MTI)<\/p>\n","protected":false},"excerpt":{"rendered":"<p>Az Eur\u00f3pai Parlament (EP) magyar n\u00e9pp\u00e1rti deleg\u00e1ci\u00f3ja az Eur\u00f3pai Bizotts\u00e1ghoz fordult adatig\u00e9nyl\u00e9ssel Gyurcs\u00e1ny Ferenc Altus nev\u0171 c\u00e9g\u00e9nek uni\u00f3s megb\u00edzat\u00e1sa miatt &#8211; k\u00f6z\u00f6lte cs\u00fct\u00f6rt\u00f6k\u00f6n a k\u00e9pvisel\u0151csoport.<\/p>\n","protected":false},"author":1,"featured_media":0,"comment_status":"open","ping_status":"closed","sticky":false,"template":"","format":"standard","meta":[],"categories":[4,18],"tags":[],"_links":{"self":[{"href":"https:\/\/gazdasagportal.hu\/index.php\/wp-json\/wp\/v2\/posts\/60880"}],"collection":[{"href":"https:\/\/gazdasagportal.hu\/index.php\/wp-json\/wp\/v2\/posts"}],"about":[{"href":"https:\/\/gazdasagportal.hu\/index.php\/wp-json\/wp\/v2\/types\/post"}],"author":[{"embeddable":true,"href":"https:\/\/gazdasagportal.hu\/index.php\/wp-json\/wp\/v2\/users\/1"}],"replies":[{"embeddable":true,"href":"https:\/\/gazdasagportal.hu\/index.php\/wp-json\/wp\/v2\/comments?post=60880"}],"version-history":[{"count":1,"href":"https:\/\/gazdasagportal.hu\/index.php\/wp-json\/wp\/v2\/posts\/60880\/revisions"}],"predecessor-version":[{"id":60881,"href":"https:\/\/gazdasagportal.hu\/index.php\/wp-json\/wp\/v2\/posts\/60880\/revisions\/60881"}],"wp:attachment":[{"href":"https:\/\/gazdasagportal.hu\/index.php\/wp-json\/wp\/v2\/media?parent=60880"}],"wp:term":[{"taxonomy":"category","embeddable":true,"href":"https:\/\/gazdasagportal.hu\/index.php\/wp-json\/wp\/v2\/categories?post=60880"},{"taxonomy":"post_tag","embeddable":true,"href":"https:\/\/gazdasagportal.hu\/index.php\/wp-json\/wp\/v2\/tags?post=60880"}],"curies":[{"name":"wp","href":"https:\/\/api.w.org\/{rel}","templated":true}]}}