{"id":60793,"date":"2015-05-07T07:11:23","date_gmt":"2015-05-07T05:11:23","guid":{"rendered":"http:\/\/stockportal.hu\/?p=60793"},"modified":"2015-05-07T07:29:27","modified_gmt":"2015-05-07T05:29:27","slug":"vihar-eddig-170-helyre-kellett-kivonulniuk-eddig-a-tuzoltoknak","status":"publish","type":"post","link":"https:\/\/gazdasagportal.hu\/index.php\/vihar-eddig-170-helyre-kellett-kivonulniuk-eddig-a-tuzoltoknak\/","title":{"rendered":"Vihar &#8211; Eddig 170 helyre kellett kivonulniuk eddig a t\u0171zolt\u00f3knak"},"content":{"rendered":"<p><strong>Eddig 170 helyre kellett kivonulniuk a t\u0171zolt\u00f3knak az esti, \u00e9jszakai vihar miatt &#8211; k\u00f6z\u00f6lte cs\u00fct\u00f6rt\u00f6k\u00f6n reggel az MTI-vel az Orsz\u00e1gos Katasztr\u00f3fav\u00e9delmi F\u0151igazgat\u00f3s\u00e1g (OKF) sz\u00f3viv\u0151je az MTI-vel.<\/strong><!--more--><\/p>\n<div class=\"ads-in-post1\"><div id=\"gazdasagportal.hu_fullbanner_wideboard\"><\/div>\r\n<\/div>\n<p>Hajdu M\u00e1rton elmondta: els\u0151sorban Csongr\u00e1d, B\u00e1cs-Kiskun \u00e9s Tolna megy\u00e9ben akadt feladatuk a t\u0171zolt\u00f3knak, miut\u00e1n a viharos erej\u0171 sz\u00e9l \u00e1gakat, f\u00e1kat t\u00f6rt le, villanyvezet\u00e9keket rong\u00e1lt meg.<br \/>\nK\u00f6zl\u00e9se szerint B\u00e1cs-Kiskun \u00e9s Csongr\u00e1d megye nyolc telep\u00fcl\u00e9s\u00e9n okozott zavart az \u00e1llamszolg\u00e1ltat\u00e1sban a vihar, amely 30 n\u00e9gyzetm\u00e9teres ter\u00fcleten megbontotta a kalocsai k\u00f3rh\u00e1z tetej\u00e9t, Nagyat\u00e1d k\u00fclter\u00fclet\u00e9n pedig egy 20 m\u00e9teres f\u00e1t d\u00f6nt\u00f6tt a vas\u00fati s\u00ednekre.<br \/>\nA rend\u0151rs\u00e9g honlapj\u00e1n olvashat\u00f3 t\u00e1j\u00e9koztat\u00e1s szerint kor\u00e1bban Kiskunf\u00e9legyh\u00e1z\u00e1n\u00e1l lez\u00e1rt\u00e1k az 5-\u00f6s f\u0151utat, mert t\u00f6bb helyen f\u00e1k d\u0151ltek r\u00e1. A telep\u00fcl\u00e9sr\u0151l Szeged fel\u00e9 halad\u00f3kat &#8211; el\u0151rel\u00e1that\u00f3an d\u00e9lig &#8211; mell\u00e9kutakra terelik.(MTI)<\/p>\n<p><a href=\"http:\/\/stockportal.hu\/index.php\/vihar-kidolt-fakhoz-riasztjak-a-tuzoltokat\/\" target=\"_blank\" rel=\"noopener\"><strong>VIHAR \u2013 KID\u0150LT F\u00c1KHOZ RIASZTJ\u00c1K A T\u0170ZOLT\u00d3KAT<\/strong><\/a><\/p><div id=\"gazda-2206765189\" class=\"gazda-tartalomban gazda-entity-placement\"><script async src=\"https:\/\/pagead2.googlesyndication.com\/pagead\/js\/adsbygoogle.js\"><\/script>\r\n<ins class=\"adsbygoogle\"\r\n     style=\"display:block\"\r\n     data-ad-format=\"fluid\"\r\n     data-ad-layout-key=\"-6t+ed+2i-1n-4w\"\r\n     data-ad-client=\"ca-pub-1959107119989764\"\r\n     data-ad-slot=\"4008251320\"><\/ins>\r\n<script>\r\n     (adsbygoogle = window.adsbygoogle || []).push({});\r\n<\/script><\/div>\n","protected":false},"excerpt":{"rendered":"<p>Eddig 170 helyre kellett kivonulniuk a t\u0171zolt\u00f3knak az esti, \u00e9jszakai vihar miatt &#8211; k\u00f6z\u00f6lte cs\u00fct\u00f6rt\u00f6k\u00f6n reggel az MTI-vel az Orsz\u00e1gos Katasztr\u00f3fav\u00e9delmi F\u0151igazgat\u00f3s\u00e1g (OKF) sz\u00f3viv\u0151je az MTI-vel.<\/p>\n","protected":false},"author":1,"featured_media":0,"comment_status":"open","ping_status":"closed","sticky":false,"template":"","format":"standard","meta":[],"categories":[51],"tags":[],"_links":{"self":[{"href":"https:\/\/gazdasagportal.hu\/index.php\/wp-json\/wp\/v2\/posts\/60793"}],"collection":[{"href":"https:\/\/gazdasagportal.hu\/index.php\/wp-json\/wp\/v2\/posts"}],"about":[{"href":"https:\/\/gazdasagportal.hu\/index.php\/wp-json\/wp\/v2\/types\/post"}],"author":[{"embeddable":true,"href":"https:\/\/gazdasagportal.hu\/index.php\/wp-json\/wp\/v2\/users\/1"}],"replies":[{"embeddable":true,"href":"https:\/\/gazdasagportal.hu\/index.php\/wp-json\/wp\/v2\/comments?post=60793"}],"version-history":[{"count":3,"href":"https:\/\/gazdasagportal.hu\/index.php\/wp-json\/wp\/v2\/posts\/60793\/revisions"}],"predecessor-version":[{"id":60797,"href":"https:\/\/gazdasagportal.hu\/index.php\/wp-json\/wp\/v2\/posts\/60793\/revisions\/60797"}],"wp:attachment":[{"href":"https:\/\/gazdasagportal.hu\/index.php\/wp-json\/wp\/v2\/media?parent=60793"}],"wp:term":[{"taxonomy":"category","embeddable":true,"href":"https:\/\/gazdasagportal.hu\/index.php\/wp-json\/wp\/v2\/categories?post=60793"},{"taxonomy":"post_tag","embeddable":true,"href":"https:\/\/gazdasagportal.hu\/index.php\/wp-json\/wp\/v2\/tags?post=60793"}],"curies":[{"name":"wp","href":"https:\/\/api.w.org\/{rel}","templated":true}]}}