{"id":60791,"date":"2015-05-07T05:24:09","date_gmt":"2015-05-07T03:24:09","guid":{"rendered":"http:\/\/stockportal.hu\/?p=60791"},"modified":"2015-05-07T07:29:46","modified_gmt":"2015-05-07T05:29:46","slug":"ukran-valsag-egyre-sulyosbodik-a-helyzet-a-kelet-ukrajnai-valsag-ovezeteben-halottak","status":"publish","type":"post","link":"https:\/\/gazdasagportal.hu\/index.php\/ukran-valsag-egyre-sulyosbodik-a-helyzet-a-kelet-ukrajnai-valsag-ovezeteben-halottak\/","title":{"rendered":"Ukr\u00e1n v\u00e1ls\u00e1g &#8211; Egyre s\u00falyosbodik a helyzet a kelet-ukrajnai v\u00e1ls\u00e1g \u00f6vezet\u00e9ben, halottak"},"content":{"rendered":"<p><strong>Egyre t\u00f6bb ukr\u00e1n katona veszti \u00e9let\u00e9t szerdai ukr\u00e1n sajt\u00f3jelent\u00e9sek szerint a kelet-ukrajnai harcok \u00f6vezet\u00e9ben, az elm\u00falt 24 \u00f3r\u00e1ban legal\u00e1bb \u00f6ten haltak meg.N\u0151 a vesz\u00e9lye annak, hogy a szakad\u00e1rok nagyszab\u00e1s\u00fa offenz\u00edv\u00e1kat hajtanak v\u00e9gre a k\u00f6zelj\u00f6v\u0151ben.<\/strong><!--more--><\/p>\n<div class=\"ads-in-post1\"><div id=\"gazdasagportal.hu_fullbanner_wideboard\"><\/div>\r\n<\/div>\n<p>Az lb.ua ukr\u00e1n h\u00edrport\u00e1l meg nem nevezett katonai forr\u00e1sokra hivatkozva azt \u00edrta, hogy a Donyeck k\u00f6zel\u00e9ben l\u00e9v\u0151 Avgyijivka telep\u00fcl\u00e9sn\u00e9l a 95-\u00f6s dand\u00e1r els\u0151 z\u00e1szl\u00f3alj\u00e1nak katon\u00e1i akn\u00e1ra hajtottak, n\u00e9gyen vesz\u00edtett\u00e9k \u00e9let\u00fcket. A h\u00edrad\u00e1s szerint k\u00e9t tov\u00e1bbi katona halt meg, \u00e9s n\u00e9gy szenvedett s\u00e9r\u00fcl\u00e9seket a szint\u00e9n Donyeckt\u0151l \u00e9szakra l\u00e9v\u0151 t\u00e9rs\u00e9gben tal\u00e1lhat\u00f3 Horlivka telep\u00fcl\u00e9sn\u00e9l, amikor oroszbar\u00e1t szakad\u00e1rok lesb\u0151l r\u00e1t\u00e1madtak p\u00e1nc\u00e9lozott sz\u00e1ll\u00edt\u00f3 j\u00e1rm\u0171v\u00fckre.<br \/>\nAndrij Liszenko katonai sz\u00f3viv\u0151 szerdai kijevi sajt\u00f3t\u00e1j\u00e9koztat\u00f3j\u00e1n \u00f6t elesett katon\u00e1r\u00f3l sz\u00e1molt be. Meger\u0151s\u00edtette, hogy k\u00f6z\u00fcl\u00fck n\u00e9gyen aknarobban\u00e1s k\u00f6vetkezt\u00e9ben vesztett\u00e9k \u00e9let\u00fcket. Adatai alapj\u00e1n az elm\u00falt 24 \u00f3r\u00e1ban az ukr\u00e1n fegyveres er\u0151k 12 tagja sebes\u00fclt meg a kelet-ukrajnai harcok \u00f6vezet\u00e9ben.<br \/>\nA TSZN ukr\u00e1n telev\u00edzi\u00f3 kiemelte, hogy a tavasz bek\u00f6sz\u00f6nt\u00e9vel kiz\u00f6ld\u00fcltek a n\u00f6v\u00e9nyek, amelyek j\u00f3 takar\u00e1st biztos\u00edtanak a t\u00e1mad\u00f3 szakad\u00e1roknak. A tud\u00f3s\u00edt\u00e1s szerint emiatt is egyre n\u0151 a vesz\u00e9lye annak, hogy a szakad\u00e1rok nagyszab\u00e1s\u00fa offenz\u00edv\u00e1kat hajtanak v\u00e9gre a k\u00f6zelj\u00f6v\u0151ben. Eddig j\u00f3r\u00e9szt s\u00f6t\u00e9ted\u00e9s ut\u00e1n t\u00e1madtak, de egyre gyakoribbak a nappali rajta\u00fct\u00e9sek &#8211; h\u00edvta fel a figyelmet a TSZN.<br \/>\nA harcok \u00f6vezet\u00e9ben adatokat gy\u0171jt\u0151 Inform\u00e1ci\u00f3s Ellen\u00e1ll\u00e1s nev\u0171 szervezet szerd\u00e1n arr\u00f3l sz\u00e1molt be, hogy Donyeck megye d\u00e9li r\u00e9sz\u00e9n, az Azovi-tengerparton fekv\u0151 strat\u00e9giai fontoss\u00e1g\u00fa kik\u00f6t\u0151v\u00e1ros, Mariupol t\u00e9rs\u00e9g\u00e9ben, Novoazovszk v\u00e1ros\u00e1t\u00f3l \u00e9szakra a szakad\u00e1rok komoly er\u0151ket, t\u00f6bb tucatnyi p\u00e1nc\u00e9lozott hadi eszk\u00f6zt \u00e9s mintegy h\u00e1romezer fegyverest vontak \u00f6ssze.<br \/>\nA kijevi hadm\u0171veleti parancsnoks\u00e1g is a kelet-ukrajnai helyzet egyre fesz\u00fcltebb\u00e9 v\u00e1l\u00e1s\u00e1r\u00f3l adott h\u00edrt szerd\u00e1n. K\u00f6z\u00f6lte, hogy kedd d\u00e9lut\u00e1n hat \u00f3ra \u00e9s \u00e9jf\u00e9l k\u00f6z\u00f6tt a szakad\u00e1rok 42-szer szegt\u00e9k meg a t\u0171zsz\u00fcnetet, \u00e9s egyre t\u00f6bbsz\u00f6r vetnek be olyan neh\u00e9zt\u00fcz\u00e9rs\u00e9gi fegyvereket, amelyeket a minszki meg\u00e1llapod\u00e1s alapj\u00e1n ki kellett volna vonniuk a frontvonal t\u00e9rs\u00e9g\u00e9b\u0151l.<br \/>\nA t\u00e1mad\u00e1sok z\u00f6me a Donyeckt\u0151l \u00e9szakra fekv\u0151 t\u00e9rs\u00e9gben &#8211; Avgyijivka, Piszki, Opitne telep\u00fcl\u00e9sekn\u00e9l -, valamint a Mariupol melletti Sirokine falun\u00e1l \u00e9ri az ukr\u00e1n katon\u00e1kat. Luhanszk k\u00f6rny\u00e9k\u00e9n m\u00falt \u00e9jjel Sztanicja Luhanszka k\u00f6rny\u00e9k\u00e9t l\u0151tt\u00e9k a leghevesebben a szakad\u00e1rok.(MTI)<\/p>\n<p><a href=\"http:\/\/stockportal.hu\/index.php\/ukran-valsag-porosenko-szerint-tobb-mint-90-ezres-szakadar-orosz-hadero-fenyegeti-kijevet\/\" target=\"_blank\" rel=\"noopener\"><strong>UKR\u00c1N V\u00c1LS\u00c1G \u2013 POROSENKO SZERINT T\u00d6BB MINT 90 EZRES SZAKAD\u00c1R-OROSZ HADER\u0150 FENYEGETI KIJEVET<\/strong><\/a><\/p><div id=\"gazda-885152898\" class=\"gazda-tartalomban gazda-entity-placement\"><script async src=\"https:\/\/pagead2.googlesyndication.com\/pagead\/js\/adsbygoogle.js\"><\/script>\r\n<ins class=\"adsbygoogle\"\r\n     style=\"display:block\"\r\n     data-ad-format=\"fluid\"\r\n     data-ad-layout-key=\"-6t+ed+2i-1n-4w\"\r\n     data-ad-client=\"ca-pub-1959107119989764\"\r\n     data-ad-slot=\"4008251320\"><\/ins>\r\n<script>\r\n     (adsbygoogle = window.adsbygoogle || []).push({});\r\n<\/script><\/div>\n","protected":false},"excerpt":{"rendered":"<p>Egyre t\u00f6bb ukr\u00e1n katona veszti \u00e9let\u00e9t szerdai ukr\u00e1n sajt\u00f3jelent\u00e9sek szerint a kelet-ukrajnai harcok \u00f6vezet\u00e9ben, az elm\u00falt 24 \u00f3r\u00e1ban legal\u00e1bb \u00f6ten haltak meg.N\u0151 a vesz\u00e9lye annak, hogy a szakad\u00e1rok nagyszab\u00e1s\u00fa offenz\u00edv\u00e1kat hajtanak v\u00e9gre a k\u00f6zelj\u00f6v\u0151ben.<\/p>\n","protected":false},"author":1,"featured_media":0,"comment_status":"open","ping_status":"closed","sticky":false,"template":"","format":"standard","meta":[],"categories":[139],"tags":[413],"_links":{"self":[{"href":"https:\/\/gazdasagportal.hu\/index.php\/wp-json\/wp\/v2\/posts\/60791"}],"collection":[{"href":"https:\/\/gazdasagportal.hu\/index.php\/wp-json\/wp\/v2\/posts"}],"about":[{"href":"https:\/\/gazdasagportal.hu\/index.php\/wp-json\/wp\/v2\/types\/post"}],"author":[{"embeddable":true,"href":"https:\/\/gazdasagportal.hu\/index.php\/wp-json\/wp\/v2\/users\/1"}],"replies":[{"embeddable":true,"href":"https:\/\/gazdasagportal.hu\/index.php\/wp-json\/wp\/v2\/comments?post=60791"}],"version-history":[{"count":4,"href":"https:\/\/gazdasagportal.hu\/index.php\/wp-json\/wp\/v2\/posts\/60791\/revisions"}],"predecessor-version":[{"id":60799,"href":"https:\/\/gazdasagportal.hu\/index.php\/wp-json\/wp\/v2\/posts\/60791\/revisions\/60799"}],"wp:attachment":[{"href":"https:\/\/gazdasagportal.hu\/index.php\/wp-json\/wp\/v2\/media?parent=60791"}],"wp:term":[{"taxonomy":"category","embeddable":true,"href":"https:\/\/gazdasagportal.hu\/index.php\/wp-json\/wp\/v2\/categories?post=60791"},{"taxonomy":"post_tag","embeddable":true,"href":"https:\/\/gazdasagportal.hu\/index.php\/wp-json\/wp\/v2\/tags?post=60791"}],"curies":[{"name":"wp","href":"https:\/\/api.w.org\/{rel}","templated":true}]}}