{"id":60773,"date":"2015-05-07T03:46:56","date_gmt":"2015-05-07T01:46:56","guid":{"rendered":"http:\/\/stockportal.hu\/?p=60773"},"modified":"2015-05-06T21:47:42","modified_gmt":"2015-05-06T19:47:42","slug":"nemetorszagban-tovabb-emelkedett-a-lakasbetoresek-szama","status":"publish","type":"post","link":"https:\/\/gazdasagportal.hu\/index.php\/nemetorszagban-tovabb-emelkedett-a-lakasbetoresek-szama\/","title":{"rendered":"N\u00e9metorsz\u00e1gban tov\u00e1bb emelkedett a lak\u00e1sbet\u00f6r\u00e9sek sz\u00e1ma"},"content":{"rendered":"<p><strong>N\u00e9metorsz\u00e1gban tavaly tov\u00e1bb emelkedett a lak\u00e1sbet\u00f6r\u00e9sek sz\u00e1ma, ami els\u0151sorban nemzetk\u00f6zi b\u0171nband\u00e1k tev\u00e9kenys\u00e9g\u00e9nek tulajdon\u00edthat\u00f3 a bel\u00fcgyminiszt\u00e9rium szerd\u00e1n Berlinben bemutatott jelent\u00e9se szerint.<\/strong><!--more--><\/p>\n<div class=\"ads-in-post1\"><div id=\"gazdasagportal.hu_fullbanner_wideboard\"><\/div>\r\n<\/div>\n<p>    A 2014-es b\u0171n\u00f6z\u00e9si \u00e9s b\u0171n\u00fcld\u00f6z\u00e9si statisztika a kor\u00e1bbi \u00e9vekhez hasonl\u00f3an azt mutatja, hogy N\u00e9metorsz\u00e1gban &#8222;nagyj\u00e1b\u00f3l \u00e9s eg\u00e9sz\u00e9ben biztons\u00e1gos az \u00e9let, ami a rend\u0151reink \u00e9rdeme&#8221; &#8211; mondta a kimutat\u00e1st ismertet\u0151 t\u00e1j\u00e9koztat\u00f3j\u00e1n Thomas de Maiziere bel\u00fcgyminiszter.<br \/>\n    Ugyanakkor aggaszt\u00f3, hogy egyes b\u0171ncselekm\u00e9nyt\u00edpusokn\u00e1l gyors n\u00f6veked\u00e9s tapasztalhat\u00f3. Ilyen a lop\u00e1s, \u00e9s k\u00fcl\u00f6n\u00f6sen a bet\u00f6r\u00e9ses lop\u00e1s, a k\u00e1b\u00edt\u00f3szerrel val\u00f3 vissza\u00e9l\u00e9s \u00e9s a csal\u00e1s &#8211; mondta a miniszter, hozz\u00e1t\u00e9ve, hogy a folyamat a szervezett b\u0171n\u00f6z\u00e9s er\u0151s\u00f6d\u00e9s\u00e9t jelzi.<br \/>\n    A regisztr\u00e1lt b\u0171ncselekm\u00e9nyek sz\u00e1ma 2010 \u00f3ta \u00e9vi 6 milli\u00f3 k\u00f6r\u00fcl stagn\u00e1l. Tavaly mintegy 6,1 milli\u00f3 b\u0171ncselekm\u00e9nyt jegyeztek fel, ami 2 sz\u00e1zal\u00e9kos emelked\u00e9s az egy \u00e9vvel kor\u00e1bbihoz k\u00e9pest. A felder\u00edtett b\u0171ncselekm\u00e9nyek ar\u00e1nya 54,9 sz\u00e1zal\u00e9kos volt, kis m\u00e9rt\u00e9kben emelkedett a 2014-es 54,5 sz\u00e1zal\u00e9khoz k\u00e9pest.<br \/>\n    Tavaly 152 123 lak\u00e1sbet\u00f6r\u00e9st jelentettek be, ez a legmagasabb sz\u00e1m 1999 \u00f3ta. Az okozott k\u00e1r meghaladta a 422 milli\u00f3 eur\u00f3t. Ez a fajta b\u0171ncselekm\u00e9ny tipikusan nagyv\u00e1rosi jelens\u00e9g, m\u00e1sik jellemz\u0151 el\u0151fordul\u00e1si helye pedig az aut\u00f3p\u00e1ly\u00e1k t\u00e9rs\u00e9ge. Az esetek jelent\u0151s r\u00e9sze &#8211; t\u00f6bb mint 63 ezer bet\u00f6r\u00e9s &#8211; nap k\u00f6zben t\u00f6rt\u00e9nt, \u00e9s az \u00f6sszes esetb\u0151l csup\u00e1n 24 125-\u00f6t t\u00e1rtak fel, ami igen alacsony, 15,9 sz\u00e1zal\u00e9kos felder\u00edt\u00e9si ar\u00e1nyt jelent.<br \/>\n    A politikai h\u00e1tter\u0171 b\u0171ncselekm\u00e9nyek sz\u00e1ma 3,3 sz\u00e1zal\u00e9kkal 32 700-ra emelkedett. Az esetek t\u00f6bbs\u00e9ge tiltott propagand\u00e1val kapcsolatos. Az \u00e1ltal\u00e1nos trendt\u0151l elt\u00e9r\u0151en a politikai ind\u00edttat\u00e1s\u00fa b\u0171ncselekm\u00e9nyek kateg\u00f3ri\u00e1j\u00e1ban emelkedett az er\u0151szakos b\u0171ncselekm\u00e9nyek sz\u00e1ma, 3368-at regisztr\u00e1ltak, ami 18,3 sz\u00e1zal\u00e9kos n\u00f6veked\u00e9st \u00e9s t\u00f6rt\u00e9nelmi cs\u00facsot jelent.<br \/>\n    Jelent\u0151sen emelkedett az antiszemitizmusb\u00f3l fakad\u00f3 b\u0171ncselekm\u00e9nyek sz\u00e1ma is, 1596-ot regisztr\u00e1ltak 2014-ben, 25,2 sz\u00e1zal\u00e9kkal t\u00f6bbet az egy \u00e9vvel kor\u00e1bbin\u00e1l. Az idegenelleness\u00e9gb\u0151l fakad\u00f3 b\u0171ncselekm\u00e9nyek sz\u00e1ma is nagy m\u00e9rt\u00e9kben, 21,5 sz\u00e1zal\u00e9kkal n\u0151tt, 3945-re.(MTI)<\/p>\n","protected":false},"excerpt":{"rendered":"<p>N\u00e9metorsz\u00e1gban tavaly tov\u00e1bb emelkedett a lak\u00e1sbet\u00f6r\u00e9sek sz\u00e1ma, ami els\u0151sorban nemzetk\u00f6zi b\u0171nband\u00e1k tev\u00e9kenys\u00e9g\u00e9nek tulajdon\u00edthat\u00f3 a bel\u00fcgyminiszt\u00e9rium szerd\u00e1n Berlinben bemutatott jelent\u00e9se szerint.<\/p>\n","protected":false},"author":1,"featured_media":0,"comment_status":"open","ping_status":"closed","sticky":false,"template":"","format":"standard","meta":[],"categories":[12],"tags":[],"_links":{"self":[{"href":"https:\/\/gazdasagportal.hu\/index.php\/wp-json\/wp\/v2\/posts\/60773"}],"collection":[{"href":"https:\/\/gazdasagportal.hu\/index.php\/wp-json\/wp\/v2\/posts"}],"about":[{"href":"https:\/\/gazdasagportal.hu\/index.php\/wp-json\/wp\/v2\/types\/post"}],"author":[{"embeddable":true,"href":"https:\/\/gazdasagportal.hu\/index.php\/wp-json\/wp\/v2\/users\/1"}],"replies":[{"embeddable":true,"href":"https:\/\/gazdasagportal.hu\/index.php\/wp-json\/wp\/v2\/comments?post=60773"}],"version-history":[{"count":1,"href":"https:\/\/gazdasagportal.hu\/index.php\/wp-json\/wp\/v2\/posts\/60773\/revisions"}],"predecessor-version":[{"id":60774,"href":"https:\/\/gazdasagportal.hu\/index.php\/wp-json\/wp\/v2\/posts\/60773\/revisions\/60774"}],"wp:attachment":[{"href":"https:\/\/gazdasagportal.hu\/index.php\/wp-json\/wp\/v2\/media?parent=60773"}],"wp:term":[{"taxonomy":"category","embeddable":true,"href":"https:\/\/gazdasagportal.hu\/index.php\/wp-json\/wp\/v2\/categories?post=60773"},{"taxonomy":"post_tag","embeddable":true,"href":"https:\/\/gazdasagportal.hu\/index.php\/wp-json\/wp\/v2\/tags?post=60773"}],"curies":[{"name":"wp","href":"https:\/\/api.w.org\/{rel}","templated":true}]}}