{"id":60771,"date":"2015-05-07T04:31:53","date_gmt":"2015-05-07T02:31:53","guid":{"rendered":"http:\/\/stockportal.hu\/?p=60771"},"modified":"2015-05-06T21:46:40","modified_gmt":"2015-05-06T19:46:40","slug":"vihar-kidolt-fakhoz-riasztjak-a-tuzoltokat","status":"publish","type":"post","link":"https:\/\/gazdasagportal.hu\/index.php\/vihar-kidolt-fakhoz-riasztjak-a-tuzoltokat\/","title":{"rendered":"Vihar &#8211; Kid\u0151lt f\u00e1khoz riasztj\u00e1k a t\u0171zolt\u00f3kat"},"content":{"rendered":"<p><strong>A viharos sz\u00e9l miatt f\u0151k\u00e9nt kid\u0151lt f\u00e1khoz riasztj\u00e1k a t\u0171zolt\u00f3kat Tolna \u00e9s Somogy megy\u00e9ben, de van, ahol lak\u00f3h\u00e1z tet\u0151szerkezete rong\u00e1l\u00f3dott meg &#8211; k\u00f6z\u00f6lte az Orsz\u00e1gos Katasztr\u00f3fav\u00e9delmi F\u0151igazgat\u00f3s\u00e1g (OKF) honlapj\u00e1n szerda este.<\/strong><!--more--><\/p>\n<div class=\"ads-in-post1\"><div id=\"gazdasagportal.hu_fullbanner_wideboard\"><\/div>\r\n<\/div>\n<p>    A t\u00e1j\u00e9koztat\u00e1s szerint a 6-os f\u0151\u00fat tolnai szakasz\u00e1n t\u00f6bb kid\u0151lt fa akad\u00e1lyozza a forgalmat a 118-as kilom\u00e9terszelv\u00e9ny k\u00f6zel\u00e9ben, \u00e9s hasonl\u00f3 a helyzet Izm\u00e9ny F\u0151 utc\u00e1j\u00e1ban is. Sz\u00e1razdon egy lak\u00f3h\u00e1z tetej\u00e9t t\u00e9pte fel az er\u0151s sz\u00e9l, Kajdacson egy udvaron \u00e1ll\u00f3 fa d\u0151lt r\u00e1 a szomsz\u00e9dos csal\u00e1di h\u00e1zra.<br \/>\n    A somogyi megyesz\u00e9khelyen, Kaposv\u00e1ron ugyancsak kid\u0151lt f\u00e1k \u00e9s leszakadt \u00e1gak elt\u00e1vol\u00edt\u00e1s\u00e1hoz h\u00edvj\u00e1k a t\u0171zolt\u00f3kat. A F\u0151 utc\u00e1ban szem\u00e9lyaut\u00f3ra d\u0151lt egy feny\u0151, a Guba S\u00e1ndor utc\u00e1ban pedig a buszmeg\u00e1ll\u00f3 el\u0151tt akad\u00e1lyozza a forgalmat egy 15 m\u00e9ter magas kid\u0151lt fa.<br \/>\n    Hozz\u00e1tett\u00e9k: t\u00f6bb helyen elektromos fels\u0151vezet\u00e9kek is megrong\u00e1l\u00f3dtak, ez\u00e9rt az \u00e1ramszolg\u00e1ltat\u00f3 szakemberei is beavatkoznak.(MTI)<\/p>\n","protected":false},"excerpt":{"rendered":"<p>A viharos sz\u00e9l miatt f\u0151k\u00e9nt kid\u0151lt f\u00e1khoz riasztj\u00e1k a t\u0171zolt\u00f3kat Tolna \u00e9s Somogy megy\u00e9ben, de van, ahol lak\u00f3h\u00e1z tet\u0151szerkezete rong\u00e1l\u00f3dott meg &#8211; k\u00f6z\u00f6lte az Orsz\u00e1gos Katasztr\u00f3fav\u00e9delmi F\u0151igazgat\u00f3s\u00e1g (OKF) honlapj\u00e1n szerda este.<\/p>\n","protected":false},"author":1,"featured_media":0,"comment_status":"open","ping_status":"closed","sticky":false,"template":"","format":"standard","meta":[],"categories":[4],"tags":[],"_links":{"self":[{"href":"https:\/\/gazdasagportal.hu\/index.php\/wp-json\/wp\/v2\/posts\/60771"}],"collection":[{"href":"https:\/\/gazdasagportal.hu\/index.php\/wp-json\/wp\/v2\/posts"}],"about":[{"href":"https:\/\/gazdasagportal.hu\/index.php\/wp-json\/wp\/v2\/types\/post"}],"author":[{"embeddable":true,"href":"https:\/\/gazdasagportal.hu\/index.php\/wp-json\/wp\/v2\/users\/1"}],"replies":[{"embeddable":true,"href":"https:\/\/gazdasagportal.hu\/index.php\/wp-json\/wp\/v2\/comments?post=60771"}],"version-history":[{"count":1,"href":"https:\/\/gazdasagportal.hu\/index.php\/wp-json\/wp\/v2\/posts\/60771\/revisions"}],"predecessor-version":[{"id":60772,"href":"https:\/\/gazdasagportal.hu\/index.php\/wp-json\/wp\/v2\/posts\/60771\/revisions\/60772"}],"wp:attachment":[{"href":"https:\/\/gazdasagportal.hu\/index.php\/wp-json\/wp\/v2\/media?parent=60771"}],"wp:term":[{"taxonomy":"category","embeddable":true,"href":"https:\/\/gazdasagportal.hu\/index.php\/wp-json\/wp\/v2\/categories?post=60771"},{"taxonomy":"post_tag","embeddable":true,"href":"https:\/\/gazdasagportal.hu\/index.php\/wp-json\/wp\/v2\/tags?post=60771"}],"curies":[{"name":"wp","href":"https:\/\/api.w.org\/{rel}","templated":true}]}}