{"id":60767,"date":"2015-05-07T04:22:16","date_gmt":"2015-05-07T02:22:16","guid":{"rendered":"http:\/\/stockportal.hu\/?p=60767"},"modified":"2015-05-06T21:43:02","modified_gmt":"2015-05-06T19:43:02","slug":"iszlam-allam-a-dzsihadista-szervezet-terroristak-amerikai-jelenletevel-fenyegetozik","status":"publish","type":"post","link":"https:\/\/gazdasagportal.hu\/index.php\/iszlam-allam-a-dzsihadista-szervezet-terroristak-amerikai-jelenletevel-fenyegetozik\/","title":{"rendered":"Iszl\u00e1m \u00c1llam &#8211; A dzsihadista szervezet terrorist\u00e1k amerikai jelenl\u00e9t\u00e9vel fenyeget\u0151zik"},"content":{"rendered":"<p><strong>Az Egyes\u00fclt \u00c1llamok 15 tag\u00e1llam\u00e1ban &#8222;kik\u00e9pzett katon\u00e1k&#8221; v\u00e1rj\u00e1k az Iszl\u00e1m \u00c1llam (I\u00c1) dzsihadista szervezet parancsait, hogy a texasi karikat\u00fara-ki\u00e1ll\u00edt\u00e1s elleni t\u00e1mad\u00e1shoz hasonl\u00f3 akci\u00f3kat hajtsanak v\u00e9gre &#8211; figyelmeztetett egy f\u00e1jlmegoszt\u00f3 oldalon egy Abu Ibrahim al-Ameriki \u00e1ln\u00e9ven ismertt\u00e9 v\u00e1lt amerikai sz\u00e9ls\u0151s\u00e9ges, aki t\u00f6bb \u00e9vvel ezel\u0151tt Pakiszt\u00e1nban csatlakozott egy terrorszervezethez.<\/strong><!--more--><\/p>\n<div class=\"ads-in-post1\"><div id=\"gazdasagportal.hu_fullbanner_wideboard\"><\/div>\r\n<\/div>\n<p>    A fenyeget\u00e9sr\u0151l szerd\u00e1n sz\u00e1molt be h\u00edroldal\u00e1n az amerikai Fox News telev\u00edzi\u00f3. Al-Ameriki a figyelmeztet\u00e9s\u00e9ben konkr\u00e9tan Virginia, Maryland, Illinois, Kalifornia \u00e9s Michigan \u00e1llamot nevezte meg. \u00c1ll\u00edt\u00e1sa szerint a 71 &#8222;kik\u00e9pzett katon\u00e1b\u00f3l&#8221; 23 v\u00e1llalta, hogy a garlandihoz hasonl\u00f3 t\u00e1mad\u00e1sokat hajtson v\u00e9gre az elk\u00f6vetkez\u0151 f\u00e9l \u00e9vben.<br \/>\n    Az \u00fczenet hal\u00e1llal fenyegette meg Pamela Gellert, a Mohamed prof\u00e9t\u00e1r\u00f3l k\u00e9sz\u00edtett karikat\u00far\u00e1k verseny\u00e9t megszervez\u0151 New York-i csoport, az American Freedom Defense Initiative vezet\u0151j\u00e9t.<br \/>\n    A Fox szerint a h\u00edrszerz\u00e9s vizsg\u00e1lja, vajon a fenyeget\u00e9s forr\u00e1sa k\u00f6zvetlen kapcsolatban \u00e1llhat-e az I\u00c1 vezet\u00e9s\u00e9vel, vagy csak ki k\u00edv\u00e1nja haszn\u00e1lni a terrorakci\u00f3 keltette l\u00e9lektani pillanatot. Ameriki sikeresnek nyilv\u00e1n\u00edtotta a garlandi rajta\u00fct\u00e9st, annak ellen\u00e9re is, hogy a k\u00e9t t\u00e1mad\u00f3t, Elton Simpsont \u00e9s Nadir Soofit, akik l\u00e1bon l\u0151ttek egy biztons\u00e1gi \u0151rt, egy k\u00f6zleked\u00e9si rend\u0151r lel\u0151tte.<br \/>\n    A 31 \u00e9ves, amerikai \u00e1llampolg\u00e1rs\u00e1g\u00fa Simpson \u00e1tt\u00e9rt az iszl\u00e1m hitre, \u00e9s az elm\u00falt 10 \u00e9v sor\u00e1n radikaliz\u00e1l\u00f3dott, a pakiszt\u00e1ni sz\u00e1rmaz\u00e1s\u00fa, ugyancsak amerikai \u00e1llampolg\u00e1rs\u00e1g\u00fa Soofi pedig muszlim csal\u00e1dban n\u0151tt del.<br \/>\n    Febru\u00e1rban James Comey, a Sz\u00f6vets\u00e9gi Nyomoz\u00f3 Iroda (FBI) igazgat\u00f3ja arr\u00f3l sz\u00e1molt be, hogy az 50 amerikai tag\u00e1llamb\u00f3l 49-ben folyik vizsg\u00e1lat olyan egy\u00e9nek ellen, akiket I\u00c1-kapcsolatokkal gyan\u00fas\u00edtnak. Ez mag\u00e1ban foglalja azokat is, akik a terrorszervezet internetes oldalait k\u00f6vett\u00e9k, de k\u00f6zvetlen viszonyba nem l\u00e9ptek azzal.<br \/>\n    Az I\u00c1 kedden egy sz\u00edriai r\u00e1di\u00f3\u00e1llom\u00e1son kereszt\u00fcl mag\u00e1ra v\u00e1llalta a felel\u0151ss\u00e9get a garlandi fegyveres t\u00e1mad\u00e1s miatt. Egy, a Fox News \u00e1ltal megsz\u00f3laltatott terrorelh\u00e1r\u00edt\u00e1si szak\u00e9rt\u0151 kijelentette, hogy a Garland ut\u00e1n elv\u00e9gzett internetes adatb\u00e1ny\u00e1sz\u00e1s nyom\u00e1n \u00fagy t\u0171nik, hogy a k\u00e9t t\u00e1mad\u00f3 k\u00f6z\u00fcl legal\u00e1bb az egyik kapcsolatban \u00e1llt egy k\u00fclf\u00f6ldi Twitter-felhaszn\u00e1l\u00f3val, ami arra enged k\u00f6vetkeztetni, hogy I\u00c1 tagoknak el\u0151zetes tudom\u00e1suk volt a t\u00e1mad\u00e1sr\u00f3l \u00e9s hogy a k\u00e9t fegyveres k\u00f6z\u00fcl legal\u00e1bb az egyiket b\u00e1tor\u00edthatt\u00e1k az akci\u00f3ra.<br \/>\n    A CNN \u00fagy \u00e9rtes\u00fclt, hogy Simpson \u00e1llt kapcsolatban az I\u00c1 \u00e1ltal beszervezett brit Junaid Hussainnel \u00e9s egy Szom\u00e1li\u00e1ban tart\u00f3zkod\u00f3 amerikai dzsihadist\u00e1val, Mohamed Abdullahi Hassannal. Egy, a CNN \u00e1ltal megsz\u00f3laltatott szak\u00e9rt\u0151 ennek ellen\u00e9re \u00fagy nyilatkozott, hogy a k\u00e9t t\u00e1mad\u00f3 ak\u00e1r az I\u00c1 k\u00f6zvetlen ir\u00e1ny\u00edt\u00e1sa n\u00e9lk\u00fcl is kitervelhette akci\u00f3j\u00e1t, \u00e9s ink\u00e1bb Simpson \u00e9s Soofi volt az, aki bel\u00e9p\u00e9si sz\u00e1nd\u00e9kkal kereste meg a terrorszervezetet.(MTI)<\/p>\n","protected":false},"excerpt":{"rendered":"<p>Az Egyes\u00fclt \u00c1llamok 15 tag\u00e1llam\u00e1ban &#8222;kik\u00e9pzett katon\u00e1k&#8221; v\u00e1rj\u00e1k az Iszl\u00e1m \u00c1llam (I\u00c1) dzsihadista szervezet parancsait, hogy a texasi karikat\u00fara-ki\u00e1ll\u00edt\u00e1s elleni t\u00e1mad\u00e1shoz hasonl\u00f3 akci\u00f3kat hajtsanak v\u00e9gre &#8211; figyelmeztetett egy f\u00e1jlmegoszt\u00f3 oldalon egy Abu Ibrahim al-Ameriki \u00e1ln\u00e9ven ismertt\u00e9 v\u00e1lt amerikai sz\u00e9ls\u0151s\u00e9ges, aki t\u00f6bb \u00e9vvel ezel\u0151tt Pakiszt\u00e1nban csatlakozott egy terrorszervezethez.<\/p>\n","protected":false},"author":1,"featured_media":0,"comment_status":"open","ping_status":"closed","sticky":false,"template":"","format":"standard","meta":[],"categories":[16],"tags":[],"_links":{"self":[{"href":"https:\/\/gazdasagportal.hu\/index.php\/wp-json\/wp\/v2\/posts\/60767"}],"collection":[{"href":"https:\/\/gazdasagportal.hu\/index.php\/wp-json\/wp\/v2\/posts"}],"about":[{"href":"https:\/\/gazdasagportal.hu\/index.php\/wp-json\/wp\/v2\/types\/post"}],"author":[{"embeddable":true,"href":"https:\/\/gazdasagportal.hu\/index.php\/wp-json\/wp\/v2\/users\/1"}],"replies":[{"embeddable":true,"href":"https:\/\/gazdasagportal.hu\/index.php\/wp-json\/wp\/v2\/comments?post=60767"}],"version-history":[{"count":1,"href":"https:\/\/gazdasagportal.hu\/index.php\/wp-json\/wp\/v2\/posts\/60767\/revisions"}],"predecessor-version":[{"id":60768,"href":"https:\/\/gazdasagportal.hu\/index.php\/wp-json\/wp\/v2\/posts\/60767\/revisions\/60768"}],"wp:attachment":[{"href":"https:\/\/gazdasagportal.hu\/index.php\/wp-json\/wp\/v2\/media?parent=60767"}],"wp:term":[{"taxonomy":"category","embeddable":true,"href":"https:\/\/gazdasagportal.hu\/index.php\/wp-json\/wp\/v2\/categories?post=60767"},{"taxonomy":"post_tag","embeddable":true,"href":"https:\/\/gazdasagportal.hu\/index.php\/wp-json\/wp\/v2\/tags?post=60767"}],"curies":[{"name":"wp","href":"https:\/\/api.w.org\/{rel}","templated":true}]}}