{"id":60718,"date":"2015-05-06T10:33:40","date_gmt":"2015-05-06T08:33:40","guid":{"rendered":"http:\/\/stockportal.hu\/?p=60718"},"modified":"2015-05-06T10:35:02","modified_gmt":"2015-05-06T08:35:02","slug":"az-orszag-nagy-reszen-heves-zivatarra-figyelmeztetnek","status":"publish","type":"post","link":"https:\/\/gazdasagportal.hu\/index.php\/az-orszag-nagy-reszen-heves-zivatarra-figyelmeztetnek\/","title":{"rendered":"Az orsz\u00e1g nagy r\u00e9sz\u00e9n heves zivatarra figyelmeztet a meteorol\u00f3giai szolg\u00e1lat"},"content":{"rendered":"<p><strong>A v\u00e1rhat\u00f3 heves zivatarok miatt k\u00e9t d\u00e9lkeleti megye kiv\u00e9tel\u00e9vel az eg\u00e9sz orsz\u00e1gra figyelmeztet\u00e9st adott ki a meteorol\u00f3giai szolg\u00e1lat. T\u00f6bb megy\u00e9ben sok es\u0151re \u00e9s viharos sz\u00e9lre is figyelmeztetnek.<\/strong><!--more--><\/p>\n<div class=\"ads-in-post1\"><div id=\"gazdasagportal.hu_fullbanner_wideboard\"><\/div>\r\n<\/div>\n<p>    Az Orsz\u00e1gos Meteorol\u00f3giai Szolg\u00e1lat szerda d\u00e9lel\u0151tt az MTI-hez eljuttatott figyelmeztet\u00e9s\u00e9ben azt \u00edrta: k\u00e9s\u0151 d\u00e9lut\u00e1n \u00e9szaknyugat fel\u0151l t\u00f6bb helyen vihaross\u00e1 fokoz\u00f3d\u00f3 sz\u00e9llel hidegfront \u00e9ri el az orsz\u00e1got, mely este halad \u00e1t a Duna vonal\u00e1n, majd a k\u00e9s\u0151 esti, \u00e9jf\u00e9li \u00f3r\u00e1kban az orsz\u00e1g d\u00e9lkeleti r\u00e9sz\u00e9t is el\u00e9ri.<br \/>\n    A fronthoz zivatarok is t\u00e1rsulnak, melyeket n\u00e9hol 90-100 kilom\u00e9ter\/\u00f3r\u00e1n\u00e1l is er\u0151sebb sz\u00e9l, nagy m\u00e9ret\u0171 j\u00e9g, illetve felh\u0151szakad\u00e1s is k\u00eds\u00e9rhet.<br \/>\n    A vesz\u00e9lyjelz\u00e9s szerint B\u00e9k\u00e9s \u00e9s Csongr\u00e1d megye kiv\u00e9tel\u00e9vel az eg\u00e9sz orsz\u00e1gban v\u00e1rhat\u00f3 heves zivatar, amelyet j\u00e9ges\u0151, k\u00e1rokoz\u00f3 sz\u00e9l k\u00eds\u00e9rhet.<br \/>\n    Borsod-Aba\u00faj-Zempl\u00e9n, Fej\u00e9r, Hajd\u00fa-Bihar, Heves, J\u00e1sz-Nagykun-Szolnok, Kom\u00e1rom-Esztergom, N\u00f3gr\u00e1d, Szabolcs-Szatm\u00e1r-Bereg, Vas, Veszpr\u00e9m \u00e9s Pest megy\u00e9ben valamint a f\u0151v\u00e1rosban felh\u0151szakad\u00e1s is v\u00e1rhat\u00f3, amely sor\u00e1n r\u00f6vid id\u0151 alatt ak\u00e1r 30 millim\u00e9tern\u00e9l is t\u00f6bb es\u0151 hullhat.<br \/>\n    Gy\u0151r-Moson-Sopron, Somogy, Vas, Veszpr\u00e9m \u00e9s Zala megy\u00e9re a viharos sz\u00e9l miatt is kiadt\u00e1k a figyelmeztet\u00e9st.<br \/>\n    Szerd\u00e1n a h\u0151m\u00e9rs\u00e9klet cs\u00facs\u00e9rt\u00e9ke a Dun\u00e1nt\u00falon 21-26, m\u00e1sutt 26-31 Celsius-fok k\u00f6z\u00f6tt alakul. K\u00e9s\u0151 est\u00e9re 15-22 fok k\u00f6z\u00e9 h\u0171l le a leveg\u0151.<br \/>\n    A meteorol\u00f3giai szolg\u00e1lat azt \u00edrta: cs\u00fct\u00f6rt\u00f6kre virrad\u00f3 \u00e9jszaka a front hat\u00e1sa a keleti, d\u00e9lkeleti orsz\u00e1gr\u00e9szben is lecseng. A zivatarok kelet fel\u00e9 elhagyj\u00e1k az orsz\u00e1got. A sz\u00e9l fokozatosan vesz\u00edt erej\u00e9b\u0151l. Cs\u00fct\u00f6rt\u00f6k napk\u00f6zben nem val\u00f3sz\u00edn\u0171 zivatar.<br \/>\n    Az el\u0151rejelz\u00e9s szerint cs\u00fct\u00f6rt\u00f6k\u00f6n a legalacsonyabb h\u0151m\u00e9rs\u00e9klet 10-15, a legmagasabb h\u0151m\u00e9rs\u00e9klet 21-25 fok k\u00f6z\u00f6tt alakul.(MTI)<\/p>\n","protected":false},"excerpt":{"rendered":"<p>A v\u00e1rhat\u00f3 heves zivatarok miatt k\u00e9t d\u00e9lkeleti megye kiv\u00e9tel\u00e9vel az eg\u00e9sz orsz\u00e1gra figyelmeztet\u00e9st adott ki a meteorol\u00f3giai szolg\u00e1lat. T\u00f6bb megy\u00e9ben sok es\u0151re \u00e9s viharos sz\u00e9lre is figyelmeztetnek.<\/p>\n","protected":false},"author":1,"featured_media":0,"comment_status":"open","ping_status":"closed","sticky":false,"template":"","format":"standard","meta":[],"categories":[4,151],"tags":[],"_links":{"self":[{"href":"https:\/\/gazdasagportal.hu\/index.php\/wp-json\/wp\/v2\/posts\/60718"}],"collection":[{"href":"https:\/\/gazdasagportal.hu\/index.php\/wp-json\/wp\/v2\/posts"}],"about":[{"href":"https:\/\/gazdasagportal.hu\/index.php\/wp-json\/wp\/v2\/types\/post"}],"author":[{"embeddable":true,"href":"https:\/\/gazdasagportal.hu\/index.php\/wp-json\/wp\/v2\/users\/1"}],"replies":[{"embeddable":true,"href":"https:\/\/gazdasagportal.hu\/index.php\/wp-json\/wp\/v2\/comments?post=60718"}],"version-history":[{"count":2,"href":"https:\/\/gazdasagportal.hu\/index.php\/wp-json\/wp\/v2\/posts\/60718\/revisions"}],"predecessor-version":[{"id":60720,"href":"https:\/\/gazdasagportal.hu\/index.php\/wp-json\/wp\/v2\/posts\/60718\/revisions\/60720"}],"wp:attachment":[{"href":"https:\/\/gazdasagportal.hu\/index.php\/wp-json\/wp\/v2\/media?parent=60718"}],"wp:term":[{"taxonomy":"category","embeddable":true,"href":"https:\/\/gazdasagportal.hu\/index.php\/wp-json\/wp\/v2\/categories?post=60718"},{"taxonomy":"post_tag","embeddable":true,"href":"https:\/\/gazdasagportal.hu\/index.php\/wp-json\/wp\/v2\/tags?post=60718"}],"curies":[{"name":"wp","href":"https:\/\/api.w.org\/{rel}","templated":true}]}}