{"id":60522,"date":"2015-05-04T04:44:18","date_gmt":"2015-05-04T02:44:18","guid":{"rendered":"http:\/\/stockportal.hu\/?p=60522"},"modified":"2015-05-04T00:26:26","modified_gmt":"2015-05-03T22:26:26","slug":"ismet-elszabadultak-az-indulatok-az-etiop-zsidok-tel-avivi-tuntetesen","status":"publish","type":"post","link":"https:\/\/gazdasagportal.hu\/index.php\/ismet-elszabadultak-az-indulatok-az-etiop-zsidok-tel-avivi-tuntetesen\/","title":{"rendered":"Ism\u00e9t elszabadultak az indulatok az eti\u00f3p zsid\u00f3k tel-avivi t\u00fcntet\u00e9s\u00e9n"},"content":{"rendered":"<p><strong>K\u00f6nnyg\u00e1zt \u00e9s hanggr\u00e1n\u00e1tokat vetett be az izraeli rend\u0151rs\u00e9g a rend\u0151ri rasszizmus \u00e9s er\u0151szak ellen Tel-Aviv belv\u00e1ros\u00e1ban t\u00fcntet\u0151 eti\u00f3p zsid\u00f3kkal szemben, miut\u00e1n ism\u00e9t er\u0151szakoss\u00e1 v\u00e1lt egy tiltakoz\u00f3 megmozdul\u00e1s.<\/strong><br \/>\n<!--more--><\/p>\n<p>Ak\u00e1rcsak cs\u00fct\u00f6rt\u00f6k\u00f6n Jeruzs\u00e1lemben, vas\u00e1rnap este Tel-Avivban is elfajult az eti\u00f3p sz\u00e1rmaz\u00e1s\u00fa zsid\u00f3k t\u00fcntet\u00e9se, akik egy h\u00e9t alatt m\u00e1r m\u00e1sodszor vonultak utc\u00e1ra, hogy tiltakozzanak a vel\u00fck szemben gyakorolt megk\u00fcl\u00f6nb\u00f6ztet\u00e9s ellen.<br \/>\nAz eti\u00f3pok el\u0151bb d\u00e9lut\u00e1n b\u00e9k\u00e9s felvonul\u00e1ssal lez\u00e1rt\u00e1k az Ajalon aut\u00f3p\u00e1ly\u00e1t, a v\u00e1ros legfontosabb f\u0151\u00fatj\u00e1t, majd a v\u00e1rosh\u00e1za el\u0151tti t\u00e9rre vonultak. Ott a t\u00fcntet\u00e9s \u00f6t\u00f6dik \u00f3r\u00e1j\u00e1ban t\u00f6bben k\u00f6z\u00fcl\u00fck megpr\u00f3b\u00e1ltak behatolni a v\u00e1rosh\u00e1z\u00e1ra, amit a felsorakozott rohamrend\u0151r\u00f6k megakad\u00e1lyoztak.<br \/>\nAz egyre er\u0151szakosabb\u00e1 v\u00e1lt t\u00f6megb\u0151l \u00fcvegekkel, k\u00f6vekkel \u00e9s m\u00e1s t\u00e1rgyakkal dob\u00e1lt\u00e1k a rend\u0151r\u00f6ket, akik k\u00f6nnyg\u00e1zzal \u00e9s hanggr\u00e1n\u00e1tokkal oszlatt\u00e1k a demonstr\u00e1l\u00f3kat. T\u00edzn\u00e9l is t\u00f6bb rend\u0151r megsebes\u00fclt, sok t\u00fcntet\u0151t letart\u00f3ztattak.<br \/>\nJohan\u00e1n Danin\u00f3, az izraeli rend\u0151rs\u00e9g f\u0151kapit\u00e1nya az izraeli t\u00edzes t\u00e9v\u00e9csatorna esti h\u00edrad\u00f3j\u00e1nak \u00fagy nyilatkozott, m\u00e1r t\u00f6bbsz\u00f6r t\u00e1rgyalt az eti\u00f3p k\u00f6z\u00f6ss\u00e9g vezet\u0151ivel, s meg\u00edg\u00e9rte nekik, hogy a j\u00f6v\u0151ben mindent elk\u00f6vet, hogy a rend\u0151rs\u00e9g ne alkalmazzon h\u00e1tr\u00e1nyos megk\u00fcl\u00f6nb\u00f6ztet\u00e9st vel\u00fck szemben.<br \/>\nDanin\u00f3 azt is kifejtette, hogy a baj val\u00f3j\u00e1ban sokkal m\u00e9lyebb, \u00e9s nem csak a rend\u0151rs\u00e9g munk\u00e1j\u00e1n kell v\u00e1ltoztatni, hanem az eti\u00f3p zsid\u00f3k izraeli befogad\u00e1s\u00e1t, beilleszked\u00e9s\u00e9t kell megreform\u00e1lni.<br \/>\nA tervek szerint Benj\u00e1min Netanjahu minisztereln\u00f6k h\u00e9tf\u0151n szem\u00e9lyesen tal\u00e1lkozik az eti\u00f3p zsid\u00f3k k\u00e9pvisel\u0151ivel, hogy meghallgassa panaszaikat.<br \/>\nA t\u00fcntet\u00e9shull\u00e1mot eti\u00f3p sz\u00e1rmaz\u00e1s\u00faak elleni, indokolatlanul er\u0151szakos rend\u0151ri akci\u00f3k v\u00e1ltott\u00e1k ki. Az egyik eset sor\u00e1n a rend\u0151r\u00f6k megvertek egy eti\u00f3p sz\u00e1rmaz\u00e1s\u00fa katon\u00e1t, amit egy biztons\u00e1gi kamera r\u00f6gz\u00edtett, \u00e9s a felv\u00e9tel az ut\u00f3bbi napokban bej\u00e1rta az izraeli k\u00f6z\u00f6ss\u00e9gi m\u00e9di\u00e1t.<br \/>\nIzraelbe az \u00e1llam 1948-as megalap\u00edt\u00e1sa \u00f3ta 120 ezer eti\u00f3piai zsid\u00f3 v\u00e1ndorolt be. Az eti\u00f3piai zsid\u00f3k \u00e9vsz\u00e1zadokon \u00e1t elszigetelten \u00e9ltek a t\u00f6bbi zsid\u00f3 k\u00f6z\u00f6ss\u00e9gt\u0151l, \u00e9s izraeli vall\u00e1si el\u00f6lj\u00e1r\u00f3k csak az 1970-es \u00e9vek k\u00f6zep\u00e9n ismert\u00e9k el \u0151ket zsid\u00f3k\u00e9nt. 1975 \u00f3ta az izraeli \u00e1llam seg\u00edtette \u00e9s t\u00e1mogatta betelep\u00fcl\u00e9s\u00fcket.(MTI)<\/p>\n<p>&nbsp;<\/p><div id=\"gazda-1274586138\" class=\"gazda-tartalomban gazda-entity-placement\"><script async src=\"https:\/\/pagead2.googlesyndication.com\/pagead\/js\/adsbygoogle.js\"><\/script>\r\n<ins class=\"adsbygoogle\"\r\n     style=\"display:block\"\r\n     data-ad-format=\"fluid\"\r\n     data-ad-layout-key=\"-6t+ed+2i-1n-4w\"\r\n     data-ad-client=\"ca-pub-1959107119989764\"\r\n     data-ad-slot=\"4008251320\"><\/ins>\r\n<script>\r\n     (adsbygoogle = window.adsbygoogle || []).push({});\r\n<\/script><\/div>\n","protected":false},"excerpt":{"rendered":"<p>K\u00f6nnyg\u00e1zt \u00e9s hanggr\u00e1n\u00e1tokat vetett be az izraeli rend\u0151rs\u00e9g a rend\u0151ri rasszizmus \u00e9s er\u0151szak ellen Tel-Aviv belv\u00e1ros\u00e1ban t\u00fcntet\u0151 eti\u00f3p zsid\u00f3kkal szemben, miut\u00e1n ism\u00e9t er\u0151szakoss\u00e1 v\u00e1lt egy tiltakoz\u00f3 megmozdul\u00e1s.<\/p>\n","protected":false},"author":1,"featured_media":0,"comment_status":"open","ping_status":"closed","sticky":false,"template":"","format":"standard","meta":[],"categories":[16],"tags":[],"_links":{"self":[{"href":"https:\/\/gazdasagportal.hu\/index.php\/wp-json\/wp\/v2\/posts\/60522"}],"collection":[{"href":"https:\/\/gazdasagportal.hu\/index.php\/wp-json\/wp\/v2\/posts"}],"about":[{"href":"https:\/\/gazdasagportal.hu\/index.php\/wp-json\/wp\/v2\/types\/post"}],"author":[{"embeddable":true,"href":"https:\/\/gazdasagportal.hu\/index.php\/wp-json\/wp\/v2\/users\/1"}],"replies":[{"embeddable":true,"href":"https:\/\/gazdasagportal.hu\/index.php\/wp-json\/wp\/v2\/comments?post=60522"}],"version-history":[{"count":1,"href":"https:\/\/gazdasagportal.hu\/index.php\/wp-json\/wp\/v2\/posts\/60522\/revisions"}],"predecessor-version":[{"id":60523,"href":"https:\/\/gazdasagportal.hu\/index.php\/wp-json\/wp\/v2\/posts\/60522\/revisions\/60523"}],"wp:attachment":[{"href":"https:\/\/gazdasagportal.hu\/index.php\/wp-json\/wp\/v2\/media?parent=60522"}],"wp:term":[{"taxonomy":"category","embeddable":true,"href":"https:\/\/gazdasagportal.hu\/index.php\/wp-json\/wp\/v2\/categories?post=60522"},{"taxonomy":"post_tag","embeddable":true,"href":"https:\/\/gazdasagportal.hu\/index.php\/wp-json\/wp\/v2\/tags?post=60522"}],"curies":[{"name":"wp","href":"https:\/\/api.w.org\/{rel}","templated":true}]}}