{"id":60518,"date":"2015-05-04T02:41:11","date_gmt":"2015-05-04T00:41:11","guid":{"rendered":"http:\/\/stockportal.hu\/?p=60518"},"modified":"2015-05-04T00:24:57","modified_gmt":"2015-05-03T22:24:57","slug":"feloldottak-az-ejszakai-kijarasi-tilalmat-baltimore-ban","status":"publish","type":"post","link":"https:\/\/gazdasagportal.hu\/index.php\/feloldottak-az-ejszakai-kijarasi-tilalmat-baltimore-ban\/","title":{"rendered":"Feloldott\u00e1k az \u00e9jszakai kij\u00e1r\u00e1si tilalmat Baltimore-ban"},"content":{"rendered":"<p><strong>Feloldotta az \u00e9jszakai kij\u00e1r\u00e1si tilalmat vas\u00e1rnap Baltimore polg\u00e1rmestere, miut\u00e1n a v\u00e1rosban lecsillapodtak a ked\u00e9lyek a h\u00e9t eleji zavarg\u00e1sok \u00f3ta.<\/strong><!--more--><\/p>\n<div class=\"ads-in-post1\"><div id=\"gazdasagportal.hu_fullbanner_wideboard\"><\/div>\r\n<\/div>\n<p>    &#8222;Mindig is az volt a c\u00e9lom, hogy a kij\u00e1r\u00e1si tilalom egyetlen nappal se legyen tov\u00e1bb \u00e9rv\u00e9nyben ann\u00e1l, mint ami sz\u00fcks\u00e9ges. \u00dagy v\u00e9lem, ma el\u00e9rt\u00fck ezt a pontot&#8221; &#8211; k\u00f6z\u00f6lte Stephanie Rawlings-Blake polg\u00e1rmester a Twitteren.<br \/>\n    Az int\u00e9zked\u00e9st a polg\u00e1rmester kedden az\u00e9rt rendelte el, mert zavarg\u00e1sok t\u00f6rtek ki a keleti parti v\u00e1rosban egy fekete fiatal, Freddie Gray rend\u0151ri \u0151rizetben t\u00f6rt\u00e9nt hal\u00e1la miatt. A kij\u00e1r\u00e1si tilalom este t\u00edz \u00f3r\u00e1t\u00f3l hajnali \u00f6tig volt \u00e9rv\u00e9nyben.<br \/>\n    Larry Hogan, Maryland \u00e1llam republik\u00e1nus korm\u00e1nyz\u00f3ja \u00fcdv\u00f6z\u00f6lte a demokrata polg\u00e1rmester d\u00f6nt\u00e9s\u00e9t, de hangs\u00falyozta, hogy eltart m\u00e9g egy darabig, am\u00edg az \u00e9let a v\u00e1rosban visszat\u00e9r majd a rendes ker\u00e9kv\u00e1g\u00e1sba. K\u00f6z\u00f6lte, hogy a Nemzeti G\u00e1rda egys\u00e9geit h\u00e9tf\u0151t\u0151l kezdik el kivonni a v\u00e1rosb\u00f3l. A rendk\u00edv\u00fcli \u00e1llapotot az utols\u00f3 katona t\u00e1voz\u00e1s\u00e1t k\u00f6vet\u0151en fogj\u00e1k feloldani.<br \/>\n    Hogan elmondta, hogy a rend fenntart\u00e1s\u00e1hoz ezer rend\u0151rt \u00e9s a Nemzeti G\u00e1rda h\u00e1romezer katon\u00e1j\u00e1t vez\u00e9nyelt\u00e9k a v\u00e1rosba. A korm\u00e1nyz\u00f3 szerint a zavarg\u00e1sok miatt a v\u00e1ros 200 \u00fczletet vesz\u00edtett el, amelyeknek nagy r\u00e9sze kisebbs\u00e9gi csoportokhoz tartoz\u00f3 tulajdonosok kez\u00e9n volt.<br \/>\n    Az indulatok lecsillapod\u00e1s\u00e1hoz nagyban hozz\u00e1j\u00e1rult, hogy Marilyn Mosby \u00e1llam\u00fcgy\u00e9sz p\u00e9nteken bejelentette: Freddie Gray hal\u00e1la ember\u00f6l\u00e9snek min\u0151s\u00fcl, \u00e9s ez\u00e9rt az \u0151t \u0151rizetbe vev\u0151 hat rend\u0151r ellen v\u00e1dat emelnek. A v\u00e1dak megalapozotts\u00e1g\u00e1r\u00f3l &#8211; amelyek a t\u00f6rv\u00e9nytelen letart\u00f3ztat\u00e1st\u00f3l a testi s\u00e9rt\u00e9sen \u00e9s a gondatlans\u00e1gb\u00f3l elk\u00f6vetett ember\u00f6l\u00e9sen \u00e1t a sz\u00e1nd\u00e9kos ember\u00f6l\u00e9sig terjednek &#8211; 12 tag\u00fa v\u00e1desk\u00fcdtsz\u00e9k fog d\u00f6nteni.<br \/>\n    Grayt \u00e1prilis 12-\u00e9n vett\u00e9k \u0151rizetbe, miut\u00e1n &#8222;szemkontaktust teremtett&#8221; a rend\u0151r\u00f6kkel, \u00e9s futni kezdett el\u0151l\u00fck. A 25 \u00e9ves afroamerikai fiatalember az elj\u00e1r\u00e1s sor\u00e1n s\u00falyos nyakigerinc-s\u00e9r\u00fcl\u00e9st szenvedett, amelybe egy h\u00e9t m\u00falva belehalt.<br \/>\n    Szombaton a marylandi nagyv\u00e1rosban t\u00edzezrek vonultak az utc\u00e1ra, azt \u00fcnnepelve, hogy v\u00e1dat emelnek az \u00e9rintett rend\u0151r\u00f6k ellen. Helysz\u00edni jelent\u00e9sek szerint az el\u0151z\u0151 napok zavarg\u00e1sai ut\u00e1n a szombati felvonul\u00e1son \u00f6r\u00f6mteli volt a hangulat, a r\u00e9sztvev\u0151k b\u00e9k\u00e9sen s\u00e9t\u00e1ltak v\u00e9gig az utc\u00e1kon, \u00e9ltetve az \u00fcgy\u00e9szs\u00e9g d\u00f6nt\u00e9s\u00e9t.<br \/>\n    Vas\u00e1rnap \u00fajabb t\u00f6megmegmozdul\u00e1s volt Baltimore-ban, amelynek r\u00e9szvev\u0151i \u00f6r\u00f6m\u00fcket fejezt\u00e9k ki a kij\u00e1r\u00e1si tilalom felold\u00e1sa miatt.(MTI)<\/p>\n","protected":false},"excerpt":{"rendered":"<p>Feloldotta az \u00e9jszakai kij\u00e1r\u00e1si tilalmat vas\u00e1rnap Baltimore polg\u00e1rmestere, miut\u00e1n a v\u00e1rosban lecsillapodtak a ked\u00e9lyek a h\u00e9t eleji zavarg\u00e1sok \u00f3ta.<\/p>\n","protected":false},"author":1,"featured_media":0,"comment_status":"open","ping_status":"closed","sticky":false,"template":"","format":"standard","meta":[],"categories":[13],"tags":[],"_links":{"self":[{"href":"https:\/\/gazdasagportal.hu\/index.php\/wp-json\/wp\/v2\/posts\/60518"}],"collection":[{"href":"https:\/\/gazdasagportal.hu\/index.php\/wp-json\/wp\/v2\/posts"}],"about":[{"href":"https:\/\/gazdasagportal.hu\/index.php\/wp-json\/wp\/v2\/types\/post"}],"author":[{"embeddable":true,"href":"https:\/\/gazdasagportal.hu\/index.php\/wp-json\/wp\/v2\/users\/1"}],"replies":[{"embeddable":true,"href":"https:\/\/gazdasagportal.hu\/index.php\/wp-json\/wp\/v2\/comments?post=60518"}],"version-history":[{"count":1,"href":"https:\/\/gazdasagportal.hu\/index.php\/wp-json\/wp\/v2\/posts\/60518\/revisions"}],"predecessor-version":[{"id":60521,"href":"https:\/\/gazdasagportal.hu\/index.php\/wp-json\/wp\/v2\/posts\/60518\/revisions\/60521"}],"wp:attachment":[{"href":"https:\/\/gazdasagportal.hu\/index.php\/wp-json\/wp\/v2\/media?parent=60518"}],"wp:term":[{"taxonomy":"category","embeddable":true,"href":"https:\/\/gazdasagportal.hu\/index.php\/wp-json\/wp\/v2\/categories?post=60518"},{"taxonomy":"post_tag","embeddable":true,"href":"https:\/\/gazdasagportal.hu\/index.php\/wp-json\/wp\/v2\/tags?post=60518"}],"curies":[{"name":"wp","href":"https:\/\/api.w.org\/{rel}","templated":true}]}}