{"id":6042,"date":"2013-03-31T19:07:34","date_gmt":"2013-03-31T18:07:34","guid":{"rendered":"http:\/\/stockportal.hu\/?p=6042"},"modified":"2013-03-31T19:07:34","modified_gmt":"2013-03-31T18:07:34","slug":"romaniaban-juliustol-9-szazalekra-csokken-a-kenyer-afaja","status":"publish","type":"post","link":"https:\/\/gazdasagportal.hu\/index.php\/romaniaban-juliustol-9-szazalekra-csokken-a-kenyer-afaja\/","title":{"rendered":"Rom\u00e1ni\u00e1ban j\u00faliust\u00f3l 9 sz\u00e1zal\u00e9kra cs\u00f6kken a keny\u00e9r \u00e1f\u00e1ja"},"content":{"rendered":"<p><strong>Rom\u00e1ni\u00e1ban j\u00falius elsej\u00e9t\u0151l 9 sz\u00e1zal\u00e9kra cs\u00f6kken a keny\u00e9r \u00e1f\u00e1ja: err\u0151l m\u00e1r megsz\u00fcletett a politikai d\u00f6nt\u00e9s a korm\u00e1nyz\u00f3 Szoci\u00e1lliber\u00e1lis Sz\u00f6vets\u00e9gben (USL) &#8211; jelentette be Daniel Chitoiu rom\u00e1n p\u00e9nz\u00fcgyminiszter vas\u00e1rnap.<!--more--><\/strong><\/p>\n<p>Az USL korm\u00e1nyprogramj\u00e1ba is belefoglalta azt, hogy a mez\u0151gazdas\u00e1gi term\u00e9kek \u00e1f\u00e1j\u00e1t az \u00e1ltal\u00e1nos 24 sz\u00e1zal\u00e9kr\u00f3l 9 sz\u00e1zal\u00e9kra cs\u00f6kkenti, ezt azonban az orsz\u00e1g nemzetk\u00f6zi hitelez\u0151i ellenezt\u00e9k. A bukaresti korm\u00e1ny ez\u00e9rt k\u00eds\u00e9rleti jelleggel, az idei m\u00e1sodik f\u00e9l\u00e9vben kiz\u00e1r\u00f3lag a keny\u00e9r el\u0151\u00e1ll\u00edt\u00e1si l\u00e1nc\u00e1ra vezeti be a cs\u00f6kkentett ad\u00f3kulcsot.<br \/>\nAz RTV h\u00edrtelev\u00edzi\u00f3 vas\u00e1rnapi m\u0171sor\u00e1ban a t\u00e1rcavezet\u0151t a p\u00e9nz\u00fcgyminiszt\u00e9rium egy bels\u0151 elemz\u00e9s\u00e9vel szembes\u00edtett\u00e9k, amely szerint a keny\u00e9r \u00e1f\u00e1j\u00e1nak tervezett cs\u00f6kkent\u00e9se id\u00e9n 635 milli\u00f3 lejes (42,5 milli\u00e1rd forintnak megfelel\u0151) t\u00f6bblethi\u00e1nyt okoz a k\u00f6lts\u00e9gvet\u00e9sben, ami a GDP 0,1 sz\u00e1zal\u00e9k\u00e1nak felel meg. Erre a felvet\u00e9sre reag\u00e1lva sz\u00f6gezte le Chitoiu, hogy a keny\u00e9r \u00e1f\u00e1j\u00e1nak cs\u00f6kkent\u00e9se az USL-ben eld\u00f6nt\u00f6tt t\u00e9ny.<br \/>\nEgy h\u00e9ttel kor\u00e1bban Victor Ponta minisztereln\u00f6k 250 milli\u00f3 lejes hi\u00e1nyt eml\u00edtett, ugyanakkor rem\u00e9ny\u00e9t fejezte ki, hogy az \u00e1fa-cs\u00f6kken\u00e9s val\u00f3j\u00e1ban visszaszor\u00edtja az ad\u00f3csal\u00e1st \u00e9s \u00edgy a kies\u00e9s j\u00f3val kisebb lesz.<br \/>\n&#8222;F\u00e9l \u00e9vre lecs\u00f6kkentj\u00fck az \u00e1f\u00e1t a keny\u00e9r teljes el\u0151\u00e1ll\u00edt\u00e1si l\u00e1nc\u00e1ra \u00e9s megl\u00e1tjuk, hogy a mi elm\u00e9let\u00fcnk igazol\u00f3dik-e be, azaz a kisebb \u00e1fa t\u00f6bb ad\u00f3bev\u00e9telt hoz-e, vagy a Nemzetk\u00f6zi Valutaalapnak lesz igaza \u00e9s ezzel \u00fajabb lyukat id\u00e9z\u00fcnk el\u0151 a k\u00f6lts\u00e9gvet\u00e9sben&#8221; &#8211; magyar\u00e1zta Victor Ponta korm\u00e1nyf\u0151, hozz\u00e1t\u00e9ve: a keny\u00e9r \u00e1fa-cs\u00f6kkent\u00e9s\u00e9nek siker\u00e9n m\u00falik az, hogy kiterjesztik-e a differenci\u00e1lt \u00e1f\u00e1t m\u00e1s mez\u0151gazdas\u00e1gi term\u00e9kekre is Rom\u00e1ni\u00e1ban. (MTI)<\/p>\n","protected":false},"excerpt":{"rendered":"<p>Rom\u00e1ni\u00e1ban j\u00falius elsej\u00e9t\u0151l 9 sz\u00e1zal\u00e9kra cs\u00f6kken a keny\u00e9r \u00e1f\u00e1ja: err\u0151l m\u00e1r megsz\u00fcletett a politikai d\u00f6nt\u00e9s a korm\u00e1nyz\u00f3 Szoci\u00e1lliber\u00e1lis Sz\u00f6vets\u00e9gben (USL) &#8211; jelentette be Daniel Chitoiu rom\u00e1n p\u00e9nz\u00fcgyminiszter vas\u00e1rnap.<\/p>\n","protected":false},"author":1,"featured_media":0,"comment_status":"open","ping_status":"closed","sticky":false,"template":"","format":"standard","meta":[],"categories":[12],"tags":[],"_links":{"self":[{"href":"https:\/\/gazdasagportal.hu\/index.php\/wp-json\/wp\/v2\/posts\/6042"}],"collection":[{"href":"https:\/\/gazdasagportal.hu\/index.php\/wp-json\/wp\/v2\/posts"}],"about":[{"href":"https:\/\/gazdasagportal.hu\/index.php\/wp-json\/wp\/v2\/types\/post"}],"author":[{"embeddable":true,"href":"https:\/\/gazdasagportal.hu\/index.php\/wp-json\/wp\/v2\/users\/1"}],"replies":[{"embeddable":true,"href":"https:\/\/gazdasagportal.hu\/index.php\/wp-json\/wp\/v2\/comments?post=6042"}],"version-history":[{"count":2,"href":"https:\/\/gazdasagportal.hu\/index.php\/wp-json\/wp\/v2\/posts\/6042\/revisions"}],"predecessor-version":[{"id":6044,"href":"https:\/\/gazdasagportal.hu\/index.php\/wp-json\/wp\/v2\/posts\/6042\/revisions\/6044"}],"wp:attachment":[{"href":"https:\/\/gazdasagportal.hu\/index.php\/wp-json\/wp\/v2\/media?parent=6042"}],"wp:term":[{"taxonomy":"category","embeddable":true,"href":"https:\/\/gazdasagportal.hu\/index.php\/wp-json\/wp\/v2\/categories?post=6042"},{"taxonomy":"post_tag","embeddable":true,"href":"https:\/\/gazdasagportal.hu\/index.php\/wp-json\/wp\/v2\/tags?post=6042"}],"curies":[{"name":"wp","href":"https:\/\/api.w.org\/{rel}","templated":true}]}}