{"id":60349,"date":"2015-04-29T12:47:28","date_gmt":"2015-04-29T10:47:28","guid":{"rendered":"http:\/\/stockportal.hu\/?p=60349"},"modified":"2015-04-29T12:38:38","modified_gmt":"2015-04-29T10:38:38","slug":"tovabb-tart-a-jovedelmuket-eltitkolo-nemetek-onfeljelentesi-hullama","status":"publish","type":"post","link":"https:\/\/gazdasagportal.hu\/index.php\/tovabb-tart-a-jovedelmuket-eltitkolo-nemetek-onfeljelentesi-hullama\/","title":{"rendered":"Tov\u00e1bb tart a j\u00f6vedelm\u00fcket eltitkol\u00f3 n\u00e9metek \u00f6nfeljelent\u00e9si hull\u00e1ma"},"content":{"rendered":"<p><strong>N\u00e9metorsz\u00e1gban megszigor\u00edtott szab\u00e1lyok mellett is folytat\u00f3dik a j\u00f6vedelm\u00fcket eltitkol\u00f3 ad\u00f3z\u00f3k \u00f6nfeljelent\u00e9si hull\u00e1ma, a tavalyi rekord ut\u00e1n az idei els\u0151 negyed\u00e9vben ism\u00e9t ezrek vallott\u00e1k be vissza\u00e9l\u00e9s\u00fcket az ad\u00f3hat\u00f3s\u00e1gnak.<\/strong><!--more--><\/p>\n<div class=\"ads-in-post1\"><div id=\"gazdasagportal.hu_fullbanner_wideboard\"><\/div>\r\n<\/div>\n<p>    A Handelsblatt c\u00edm\u0171 \u00fczleti lap szerdai \u00f6ssze\u00e1ll\u00edt\u00e1sa szerint a 2013-ban regisztr\u00e1lt 27 913 ut\u00e1n tavaly minden kor\u00e1bbin\u00e1l t\u00f6bben, 39 812-en jelentett\u00e9k fel saj\u00e1t magukat az ad\u00f3hat\u00f3s\u00e1gn\u00e1l. A szab\u00e1lyokat az id\u00e9n janu\u00e1r 1-j\u00e9vel szigor\u00edtott\u00e1k, \u00edgy a tartom\u00e1nyi ad\u00f3hivatalokn\u00e1l \u00e9s p\u00e9nz\u00fcgyminiszt\u00e9riumokn\u00e1l arra sz\u00e1m\u00edtottak, hogy cs\u00f6kken majd az \u00f6nfeljelent\u0151k sz\u00e1ma. Ezzel szemben az \u00e9v els\u0151 h\u00e1rom h\u00f3napj\u00e1ban ism\u00e9t kiemelked\u0151en sokan, 8154-en \u00e9ltek az \u00f6nfeljelent\u00e9s lehet\u0151s\u00e9g\u00e9vel.<br \/>\n    Az okokr\u00f3l egyel\u0151re csak tal\u00e1lgatnak. Az biztosnak t\u0171nik, hogy nem az a f\u0151 t\u00e9nyez\u0151, hogy sokan kifutottak az id\u0151b\u0151l \u00e9s a tavalyra tervezett bevall\u00e1ssal csak az id\u00e9n k\u00e9sz\u00fcltek el, mert a nemcsak janu\u00e1rban, hanem febru\u00e1rban \u00e9s m\u00e1rciusban is magas volt az \u00f6nfeljelent\u00e9sek sz\u00e1ma. Val\u00f3sz\u00edn\u0171, hogy tov\u00e1bbra is \u00e9rv\u00e9nyes\u00fcl a &#8222;Hoeness-hat\u00e1s&#8221;, vagyis a Bayern M\u00fcnchen n\u00e9met labdar\u00fag\u00f3 egyes\u00fclet volt eln\u00f6ke, Uli Hoeness \u00fcgy\u00e9nek hat\u00e1sa. Az egykori sportvezet\u0151t tavaly m\u00e1rciusban h\u00e1rom \u00e9s f\u00e9l \u00e9v let\u00f6ltend\u0151 b\u00f6rt\u00f6nb\u00fcntet\u00e9sre \u00edt\u00e9ltek, ami\u00e9rt nem fizette be egy sv\u00e1jci sz\u00e1ml\u00e1j\u00e1n kereszt\u00fcl bonyol\u00edtott t\u0151zsdei \u00e9s devizapiaci \u00fcgyeletekb\u0151l sz\u00e1rmaz\u00f3 nyeres\u00e9g ut\u00e1n j\u00e1r\u00f3 k\u00f6zterheket. Hoeness eset\u00e9ben a b\u00edr\u00f3s\u00e1g nem fogadta el az \u00f6nfeljelent\u00e9st, arra hivatkozva, hogy nem t\u00e1rta fel ad\u00f3z\u00e1si b\u0171ncselekm\u00e9nyeinek valamennyi r\u00e9szlet\u00e9t.<br \/>\n    A Handelsblattnak nyilatkoz\u00f3 tartom\u00e1nyi p\u00e9nz\u00fcgyminiszterek szerint az is fontos lehet, hogy tavaly okt\u00f3berben Berlinben 51 orsz\u00e1g meg\u00e1llapod\u00e1st k\u00f6t\u00f6tt a p\u00e9nz\u00fcgyi sz\u00e1mlainform\u00e1ci\u00f3k automatikus cser\u00e9j\u00e9r\u0151l. Ennek r\u00e9v\u00e9n 2017 szeptember\u00e9t\u0151l csak a hat\u00f3s\u00e1gok k\u00fcl\u00f6n k\u00e9r\u00e9s\u00e9re t\u00f6rt\u00e9n\u0151 inform\u00e1ci\u00f3csere automatikuss\u00e1 v\u00e1lik a meg\u00e1llapod\u00e1sban r\u00e9szes valamennyi orsz\u00e1g k\u00f6z\u00f6tt.<br \/>\n    Az adatokb\u00f3l kit\u0171nik, hogy az ad\u00f3ker\u00fcl\u00e9s a nyugati tartom\u00e1nyokra jellemz\u0151 b\u0171ncselekm\u00e9ny. Bajororsz\u00e1gban p\u00e9ld\u00e1ul csaknem 1300-an jelentett\u00e9k fel magukat az els\u0151 negyed\u00e9vben, \u00e9s Hessen tartom\u00e1nyban 1300-n\u00e1l is t\u00f6bben, m\u00edg a volt NDK ter\u00fclet\u00e9n fekv\u0151 T\u00fcringi\u00e1ban csup\u00e1n 3 \u00f6nfeljelent\u00e9st regisztr\u00e1lt az ad\u00f3hat\u00f3s\u00e1g, Mecklenburg-El\u0151-Pomer\u00e1ni\u00e1ban pedig egyet sem.<br \/>\n    N\u00e9metorsz\u00e1gban az ad\u00f3z\u00f3 az \u00f6nfeljelent\u00e9ssel elker\u00fclheti a b\u00fcntet\u0151jogi felel\u0151ss\u00e9gre von\u00e1st, de csak akkor, ha a hat\u00f3s\u00e1gok els\u0151k\u00e9nt az \u00e9rintett\u0151l szereznek tudom\u00e1st az ad\u00f3csal\u00e1sr\u00f3l \u00e9s kor\u00e1bban nem ind\u00edtottak vizsg\u00e1latot. Tov\u00e1bb\u00e1 az eltitkolt p\u00e9nz ut\u00e1n j\u00e1r\u00f3 ad\u00f3t kamatostul meg kell fizetni, egy bizonyos \u00f6sszeghat\u00e1r felett pedig b\u00edrs\u00e1got is kell fizetni. Az \u00faj szab\u00e1lyok szerint nem 50 ezer eur\u00f3t\u00f3l, hanem m\u00e1r 25 ezer eur\u00f3 felett 10 sz\u00e1zal\u00e9kos ad\u00f3b\u00edrs\u00e1g fizetend\u0151, \u00e9s az \u00e9rt\u00e9k emelked\u00e9s\u00e9vel a b\u00fcntet\u00e9s m\u00e9rt\u00e9ke is n\u00f6vekedik, 1 milli\u00f3 eur\u00f3t\u00f3l m\u00e1r 20 sz\u00e1zal\u00e9kos a b\u00edrs\u00e1g. Az \u00f6nfeljelent\u00e9st v\u00e1laszt\u00f3 ad\u00f3z\u00f3nak r\u00e1ad\u00e1sul nem 5 \u00e9vre, hanem 10 \u00e9vre visszamen\u0151leg teljes k\u00f6r\u0171en fel kell t\u00e1rnia j\u00f6vedelmi, vagyoni viszonyait.(MTI)<\/p>\n","protected":false},"excerpt":{"rendered":"<p>N\u00e9metorsz\u00e1gban megszigor\u00edtott szab\u00e1lyok mellett is folytat\u00f3dik a j\u00f6vedelm\u00fcket eltitkol\u00f3 ad\u00f3z\u00f3k \u00f6nfeljelent\u00e9si hull\u00e1ma, a tavalyi rekord ut\u00e1n az idei els\u0151 negyed\u00e9vben ism\u00e9t ezrek vallott\u00e1k be vissza\u00e9l\u00e9s\u00fcket az ad\u00f3hat\u00f3s\u00e1gnak.<\/p>\n","protected":false},"author":1,"featured_media":0,"comment_status":"open","ping_status":"closed","sticky":false,"template":"","format":"standard","meta":[],"categories":[12],"tags":[],"_links":{"self":[{"href":"https:\/\/gazdasagportal.hu\/index.php\/wp-json\/wp\/v2\/posts\/60349"}],"collection":[{"href":"https:\/\/gazdasagportal.hu\/index.php\/wp-json\/wp\/v2\/posts"}],"about":[{"href":"https:\/\/gazdasagportal.hu\/index.php\/wp-json\/wp\/v2\/types\/post"}],"author":[{"embeddable":true,"href":"https:\/\/gazdasagportal.hu\/index.php\/wp-json\/wp\/v2\/users\/1"}],"replies":[{"embeddable":true,"href":"https:\/\/gazdasagportal.hu\/index.php\/wp-json\/wp\/v2\/comments?post=60349"}],"version-history":[{"count":1,"href":"https:\/\/gazdasagportal.hu\/index.php\/wp-json\/wp\/v2\/posts\/60349\/revisions"}],"predecessor-version":[{"id":60350,"href":"https:\/\/gazdasagportal.hu\/index.php\/wp-json\/wp\/v2\/posts\/60349\/revisions\/60350"}],"wp:attachment":[{"href":"https:\/\/gazdasagportal.hu\/index.php\/wp-json\/wp\/v2\/media?parent=60349"}],"wp:term":[{"taxonomy":"category","embeddable":true,"href":"https:\/\/gazdasagportal.hu\/index.php\/wp-json\/wp\/v2\/categories?post=60349"},{"taxonomy":"post_tag","embeddable":true,"href":"https:\/\/gazdasagportal.hu\/index.php\/wp-json\/wp\/v2\/tags?post=60349"}],"curies":[{"name":"wp","href":"https:\/\/api.w.org\/{rel}","templated":true}]}}