{"id":60323,"date":"2015-04-29T07:40:23","date_gmt":"2015-04-29T05:40:23","guid":{"rendered":"http:\/\/stockportal.hu\/?p=60323"},"modified":"2015-04-29T07:40:23","modified_gmt":"2015-04-29T05:40:23","slug":"vihar-az-orszag-nagy-reszen-meg-szerdan-is-viharos-szel-lesz","status":"publish","type":"post","link":"https:\/\/gazdasagportal.hu\/index.php\/vihar-az-orszag-nagy-reszen-meg-szerdan-is-viharos-szel-lesz\/","title":{"rendered":"Vihar &#8211; Az orsz\u00e1g nagy r\u00e9sz\u00e9n m\u00e9g szerd\u00e1n is viharos sz\u00e9l lesz"},"content":{"rendered":"<p><strong>A viharos sz\u00e9l miatt tizenn\u00e9gy megy\u00e9re \u00e9s a f\u0151v\u00e1rosra tov\u00e1bbra is els\u0151fok\u00fa figyelmeztet\u00e9st adott ki a meteorol\u00f3giai szolg\u00e1lat. A m\u00e1sodfok\u00fa riaszt\u00e1sokat viszont m\u00e1r mindenhol visszavont\u00e1k. Az orsz\u00e1g nagy r\u00e9sz\u00e9n szerd\u00e1n is kell er\u0151s, viharos sz\u00e9ll\u00f6k\u00e9sekre sz\u00e1m\u00edtani.<\/strong><!--more--><\/p>\n<div class=\"ads-in-post1\"><div id=\"gazdasagportal.hu_fullbanner_wideboard\"><\/div>\r\n<\/div>\n<p>    Az Orsz\u00e1gos Meteorol\u00f3giai Szolg\u00e1latnak az MTI-hez eljuttatott vesz\u00e9lyjelz\u00e9se szerint Baranya, B\u00e1cs-Kiskun, Borsod-Aba\u00faj-Zempl\u00e9n, Fej\u00e9r, Gy\u0151r-Moson-Sopron, Hajd\u00fa-Bihar, Kom\u00e1rom-Esztergom, Somogy, Szabolcs-Szatm\u00e1r-Bereg, Tolna, Vas, Veszpr\u00e9m, Zala \u00e9s Pest megy\u00e9ben valamint Budapesten van \u00e9rv\u00e9nyben els\u0151fok\u00fa figyelmeztet\u00e9s a viharos sz\u00e9l miatt.<br \/>\n    Azt \u00edrt\u00e1k: a Dun\u00e1nt\u00fal k\u00f6z\u00e9ps\u0151 \u00e9s keleti ter\u00fcletein, a Duna vonal\u00e1ban, valamint az \u00e9szakkeleti ter\u00fcleteken d\u00e9lel\u0151tt m\u00e9g el\u0151fordulhatnak helyenk\u00e9nt viharos sz\u00e9ll\u00f6k\u00e9sek. A d\u00e9li, kora d\u00e9lut\u00e1ni \u00f3r\u00e1kt\u00f3l m\u00e9rs\u00e9kl\u0151dik a l\u00e9gmozg\u00e1s.<br \/>\n    Az el\u0151rejelz\u00e9s szerint szerd\u00e1n nyugat fel\u0151l fokozatosan felszakadozik a felh\u0151zet, egyre ink\u00e1bb a Dun\u00e1t\u00f3l keletre val\u00f3sz\u00edn\u0171 es\u0151, legtov\u00e1bb a keleti, d\u00e9lkeleti hat\u00e1rvid\u00e9ken. A Duna-Tisza k\u00f6z\u00e9n, valamint a Tisza vonal\u00e1ban a front m\u00f6g\u00f6tt m\u00e9g szerda k\u00e9s\u0151 d\u00e9lut\u00e1n is kialakulnak fut\u00f3 z\u00e1porok. A legt\u00f6bb naps\u00fct\u00e9s a Nyugat-Dun\u00e1nt\u00falon v\u00e1rhat\u00f3, a legkevesebb a keleti hat\u00e1rvid\u00e9ken \u00e9s B\u00e1cs-Kiskun, valamint Csongr\u00e1d megye d\u00e9li r\u00e9sz\u00e9n val\u00f3sz\u00edn\u0171. A legmagasabb nappali h\u0151m\u00e9rs\u00e9klet 13-18 Celsius-fok k\u00f6z\u00f6tt val\u00f3sz\u00edn\u0171. K\u00e9s\u0151 est\u00e9re 3-11 fokig h\u0171l le a leveg\u0151.(MTI)<\/p>\n","protected":false},"excerpt":{"rendered":"<p>A viharos sz\u00e9l miatt tizenn\u00e9gy megy\u00e9re \u00e9s a f\u0151v\u00e1rosra tov\u00e1bbra is els\u0151fok\u00fa figyelmeztet\u00e9st adott ki a meteorol\u00f3giai szolg\u00e1lat. A m\u00e1sodfok\u00fa riaszt\u00e1sokat viszont m\u00e1r mindenhol visszavont\u00e1k. Az orsz\u00e1g nagy r\u00e9sz\u00e9n szerd\u00e1n is kell er\u0151s, viharos sz\u00e9ll\u00f6k\u00e9sekre sz\u00e1m\u00edtani.<\/p>\n","protected":false},"author":1,"featured_media":0,"comment_status":"open","ping_status":"closed","sticky":false,"template":"","format":"standard","meta":[],"categories":[4,151],"tags":[],"_links":{"self":[{"href":"https:\/\/gazdasagportal.hu\/index.php\/wp-json\/wp\/v2\/posts\/60323"}],"collection":[{"href":"https:\/\/gazdasagportal.hu\/index.php\/wp-json\/wp\/v2\/posts"}],"about":[{"href":"https:\/\/gazdasagportal.hu\/index.php\/wp-json\/wp\/v2\/types\/post"}],"author":[{"embeddable":true,"href":"https:\/\/gazdasagportal.hu\/index.php\/wp-json\/wp\/v2\/users\/1"}],"replies":[{"embeddable":true,"href":"https:\/\/gazdasagportal.hu\/index.php\/wp-json\/wp\/v2\/comments?post=60323"}],"version-history":[{"count":1,"href":"https:\/\/gazdasagportal.hu\/index.php\/wp-json\/wp\/v2\/posts\/60323\/revisions"}],"predecessor-version":[{"id":60324,"href":"https:\/\/gazdasagportal.hu\/index.php\/wp-json\/wp\/v2\/posts\/60323\/revisions\/60324"}],"wp:attachment":[{"href":"https:\/\/gazdasagportal.hu\/index.php\/wp-json\/wp\/v2\/media?parent=60323"}],"wp:term":[{"taxonomy":"category","embeddable":true,"href":"https:\/\/gazdasagportal.hu\/index.php\/wp-json\/wp\/v2\/categories?post=60323"},{"taxonomy":"post_tag","embeddable":true,"href":"https:\/\/gazdasagportal.hu\/index.php\/wp-json\/wp\/v2\/tags?post=60323"}],"curies":[{"name":"wp","href":"https:\/\/api.w.org\/{rel}","templated":true}]}}