{"id":60297,"date":"2015-04-29T05:07:20","date_gmt":"2015-04-29T03:07:20","guid":{"rendered":"http:\/\/stockportal.hu\/?p=60297"},"modified":"2015-04-28T21:48:35","modified_gmt":"2015-04-28T19:48:35","slug":"megdolt-a-fidesz-megverhetetlensegenek-mitosza","status":"publish","type":"post","link":"https:\/\/gazdasagportal.hu\/index.php\/megdolt-a-fidesz-megverhetetlensegenek-mitosza\/","title":{"rendered":"Megd\u0151lt a Fidesz megverhetetlens\u00e9g\u00e9nek m\u00edtosza"},"content":{"rendered":"<p><strong>Az egy \u00e9vvel ezel\u0151tti, a Fidesz sz\u00e1m\u00e1ra nagyon sikeres orsz\u00e1ggy\u0171l\u00e9si v\u00e1laszt\u00e1s ut\u00e1n a sorozatban elvesztett h\u00e1rom id\u0151k\u00f6zi voksol\u00e1ssal megd\u0151lt a nagyobbik korm\u00e1nyp\u00e1rt megverhetetlens\u00e9g\u00e9nek m\u00edtosza &#8211; jelentette ki a Demokratikus Koal\u00edci\u00f3 (DK) eln\u00f6ke egy politikai f\u00f3rumon kedden Ny\u00edregyh\u00e1z\u00e1n.<\/strong><!--more--><\/p>\n<div class=\"ads-in-post1\"><div id=\"gazdasagportal.hu_fullbanner_wideboard\"><\/div>\r\n<\/div>\n<p>    Gyurcs\u00e1ny Ferenc t\u00f6bb mint k\u00e9tsz\u00e1z szimpatiz\u00e1nsa el\u0151tt \u00fagy fogalmazott, a Fidesz veres\u00e9geivel megrepedt a nemzeti egy\u00fcttm\u0171k\u00f6d\u00e9s rendszere, &#8222;ha \u00fagy tetszik, meztelen a kir\u00e1ly&#8221;.<br \/>\n    Az ellenz\u00e9ki politikus hozz\u00e1tette, ez volt az elm\u00falt egy \u00e9v legnagyobb meglepet\u00e9se.<br \/>\n    A DK eln\u00f6ke kifejtette, h\u00e1rom v\u00e1laszt\u00e1sb\u00f3l kett\u0151t &#8222;megnyert\u00fcnk mi&#8221;, egyet pedig elvitt &#8222;a Fidesz radik\u00e1lis ellenz\u00e9ke&#8221;, majd megjegyezte, az el\u0151z\u0151 k\u00e9t gy\u0151zelemmel a j\u00f6v\u0151ben is kiegyezne. Azt mondta, \u00dajpestet ak\u00e1r m\u00e9g meg is magyar\u00e1zhatj\u00e1k, de Veszpr\u00e9met m\u00e1r nem lehet, mivel ez a v\u00e1ros \u00e9vek \u00f3ta a jobbk\u00f6z\u00e9p egyik nagyon er\u0151s fellegv\u00e1ra volt.<br \/>\n    &#8222;Ezt a Veszpr\u00e9met olyan k\u00f6nnyen nyert\u00fck meg, hogy magunk sem hitt\u00fck. D\u00fal az el\u00e9gedetlens\u00e9g az orsz\u00e1gban&#8221; &#8211; \u00e9rt\u00e9kelte a helyzetet a DK vezet\u0151je. Gyurcs\u00e1ny Ferenc szerint sok ember sz\u00f3l\u00edtja meg a panaszaival, de nem a DK-t kritiz\u00e1lj\u00e1k, hanem a korm\u00e1nnyal \u00e9s az orsz\u00e1ggal kapcsolatos csal\u00f3d\u00e1sukat mondj\u00e1k el. \u00c9brednek az emberek &#8211; folytatta -, nem restellnek az utc\u00e1n lesz\u00f3l\u00edtani egy ellenz\u00e9ki politikust, \u00e9s megosztani vele gondjaikat-bajaikat.<br \/>\n    Szerinte az &#8222;elvett&#8221; iskol\u00e1k \u00e9s a k\u00f3rh\u00e1zak miatt az emberek m\u00e9g csendben maradtak, most azonban m\u00e1r hallatj\u00e1k hangjukat. Az \u00e1prilisi tapolcai v\u00e1laszt\u00e1st p\u00e9ld\u00e1nak hozva Gyurcs\u00e1ny Ferenc \u00fagy \u00e9rvelt, a v\u00e1rosiak az\u00e9rt szavaztak a Jobbikra, mert az embereknek eleg\u00fck volt abb\u00f3l, hogy a v\u00e1rost\u00f3l elvettek mindent az elm\u00falt id\u0151szakban.<br \/>\n    Az elkesered\u00e9s, a kil\u00e1t\u00e1stalans\u00e1g \u00e9s a rem\u00e9nytelens\u00e9g ford\u00edtotta szembe a korm\u00e1nnyal a tapolcaiakat &#8211; tette hozz\u00e1. A DK vezet\u0151je p\u00e1rtja feladat\u00e1nak nevezte, hogy az orsz\u00e1g lakoss\u00e1g\u00e1nak rem\u00e9nyt ny\u00fajtson.<br \/>\n    A rendszerv\u00e1ltoz\u00e1s \u00f3ta eltelt k\u00e9t \u00e9s f\u00e9l \u00e9vtizedre utalva azt mondta: a magyarok \u00e1tlagos \u00e9letsz\u00ednvonala l\u00e9nyeg\u00e9ben &#8222;tapodtat nem mozdult&#8221;, nagyon sokan sokkal rosszabbul \u00e9lnek, mint huszon\u00f6t \u00e9vvel ezel\u0151tt. Az emberek emiatt elvesz\u00edtett\u00e9k az alkotm\u00e1nyos rendbe \u00e9s a demokr\u00e1ci\u00e1ba vetett hit\u00fcket, \u00e9s utat nyitottak minden olyan &#8222;sarlat\u00e1n eszm\u00e9nek&#8221;, amely az alkotm\u00e1nyos renddel \u00e9s a demokr\u00e1ci\u00e1val szembefordul.<br \/>\n     Az\u00e9rt kell dolgozni, hogy az emberek jobban \u00e9ljenek, mert akkor nagyobb lesz a &#8222;demokratikus rend&#8221; becs\u00fclete &#8211; v\u00e9lekedett Gyurcs\u00e1ny Ferenc. Hozz\u00e1tette, ha nem \u00edgy t\u00f6rt\u00e9nik, akkor az emberek k\u00e9telkedni fognak, hogy nem-e volt jobb az \u00e9let\u00fck 1990 el\u0151tt.<br \/>\n    A DK eln\u00f6ke szerint Orb\u00e1n Viktor azt \u00fczente, hogy &#8222;elveszi szabads\u00e1gunk egy r\u00e9sz\u00e9t, de majd biztos\u00edt nagyobb j\u00f3l\u00e9tet&#8221;. Hozz\u00e1tette: &#8222;mi lett a v\u00e9ge? Nincs t\u00f6bb szabads\u00e1g se, meg nincsen nagyobb j\u00f3l\u00e9t se. Ha \u00fagy tetszik, cs\u00f6b\u00f6rb\u0151l v\u00f6d\u00f6rbe&#8221;.<br \/>\n    A DK eln\u00f6ke \u00fagy v\u00e9li, a demokr\u00e1cia programj\u00e1t ki kell eg\u00e9sz\u00edteni a tisztess\u00e9ges emberi \u00e9let programj\u00e1val. Ha erre k\u00e9pesek, akkor a magyarok milli\u00f3i azt fogj\u00e1k mondani, hogy igazuk van, \u00e9s j\u00f3 itt \u00e9lni, \u00e1m ha elbukik ez a program, akkor egyre ink\u00e1bb sz\u00e9ls\u0151s\u00e9ges politikai megold\u00e1sokra fognak fanyalodni &#8211; jelentette ki.<br \/>\n    Saj\u00e1t p\u00e1rtj\u00e1r\u00f3l sz\u00f3lva Gyurcs\u00e1ny Ferenc kiemelte, sok \u00e9v munk\u00e1ja kellett ahhoz, hogy a DK-nak ma nagyj\u00e1b\u00f3l f\u00e9lmilli\u00f3 szavaz\u00f3ja legyen. Szerinte nem azok fogj\u00e1k vezetni a k\u00f6vetkez\u0151 \u00e9vekben Magyarorsz\u00e1got, akik &#8222;valahonnan hirtelen el\u0151ker\u00fclnek&#8221;, hanem azok, akik a legt\u00f6bbet tanultak az elm\u00falt \u00e9vekb\u0151l.<br \/>\n    Azt mondta: \u0151 \u00e9s a Demokratikus Koal\u00edci\u00f3 politikusai tal\u00e1n jobban meg\u00e9rtett\u00e9k, mit kell m\u00e1sk\u00e9ppen csin\u00e1lni.(MTI)<\/p>\n","protected":false},"excerpt":{"rendered":"<p>Az egy \u00e9vvel ezel\u0151tti, a Fidesz sz\u00e1m\u00e1ra nagyon sikeres orsz\u00e1ggy\u0171l\u00e9si v\u00e1laszt\u00e1s ut\u00e1n a sorozatban elvesztett h\u00e1rom id\u0151k\u00f6zi voksol\u00e1ssal megd\u0151lt a nagyobbik korm\u00e1nyp\u00e1rt megverhetetlens\u00e9g\u00e9nek m\u00edtosza &#8211; jelentette ki a Demokratikus Koal\u00edci\u00f3 (DK) eln\u00f6ke egy politikai f\u00f3rumon kedden Ny\u00edregyh\u00e1z\u00e1n.<\/p>\n","protected":false},"author":1,"featured_media":0,"comment_status":"open","ping_status":"closed","sticky":false,"template":"","format":"standard","meta":[],"categories":[4,18],"tags":[],"_links":{"self":[{"href":"https:\/\/gazdasagportal.hu\/index.php\/wp-json\/wp\/v2\/posts\/60297"}],"collection":[{"href":"https:\/\/gazdasagportal.hu\/index.php\/wp-json\/wp\/v2\/posts"}],"about":[{"href":"https:\/\/gazdasagportal.hu\/index.php\/wp-json\/wp\/v2\/types\/post"}],"author":[{"embeddable":true,"href":"https:\/\/gazdasagportal.hu\/index.php\/wp-json\/wp\/v2\/users\/1"}],"replies":[{"embeddable":true,"href":"https:\/\/gazdasagportal.hu\/index.php\/wp-json\/wp\/v2\/comments?post=60297"}],"version-history":[{"count":1,"href":"https:\/\/gazdasagportal.hu\/index.php\/wp-json\/wp\/v2\/posts\/60297\/revisions"}],"predecessor-version":[{"id":60298,"href":"https:\/\/gazdasagportal.hu\/index.php\/wp-json\/wp\/v2\/posts\/60297\/revisions\/60298"}],"wp:attachment":[{"href":"https:\/\/gazdasagportal.hu\/index.php\/wp-json\/wp\/v2\/media?parent=60297"}],"wp:term":[{"taxonomy":"category","embeddable":true,"href":"https:\/\/gazdasagportal.hu\/index.php\/wp-json\/wp\/v2\/categories?post=60297"},{"taxonomy":"post_tag","embeddable":true,"href":"https:\/\/gazdasagportal.hu\/index.php\/wp-json\/wp\/v2\/tags?post=60297"}],"curies":[{"name":"wp","href":"https:\/\/api.w.org\/{rel}","templated":true}]}}