{"id":60227,"date":"2015-04-28T06:30:02","date_gmt":"2015-04-28T04:30:02","guid":{"rendered":"http:\/\/stockportal.hu\/?p=60227"},"modified":"2015-04-28T06:35:57","modified_gmt":"2015-04-28T04:35:57","slug":"negy-megyere-masodfoku-het-megyere-es-a-fovarosra-elsofoku-figyelmeztetest-adott-ki-a-met","status":"publish","type":"post","link":"https:\/\/gazdasagportal.hu\/index.php\/negy-megyere-masodfoku-het-megyere-es-a-fovarosra-elsofoku-figyelmeztetest-adott-ki-a-met\/","title":{"rendered":"N\u00e9gy megy\u00e9re m\u00e1sodfok\u00fa, h\u00e9t megy\u00e9re \u00e9s a f\u0151v\u00e1rosra els\u0151fok\u00fa figyelmeztet\u00e9st adott ki a OMSZ"},"content":{"rendered":"<p><strong>A viharos sz\u00e9l miatt n\u00e9gy megy\u00e9re m\u00e1sodfok\u00fa, h\u00e9t megy\u00e9re \u00e9s a f\u0151v\u00e1rosra els\u0151fok\u00fa figyelmeztet\u00e9st adott ki keddre a meteorol\u00f3giai szolg\u00e1lat. Emellett t\u00f6bb megy\u00e9ben a v\u00e1rhat\u00f3 sok es\u0151 miatt is figyelmeztet\u00e9s van \u00e9rv\u00e9nyben.<\/strong><!--more--><\/p>\n<div class=\"ads-in-post1\"><div id=\"gazdasagportal.hu_fullbanner_wideboard\"><\/div>\r\n<\/div>\n<p>    Az Orsz\u00e1gos Meteorol\u00f3giai Szolg\u00e1lat kedd hajnalban az MTI-hez eljuttatott vesz\u00e9lyjelz\u00e9s\u00e9ben azt \u00edrta: a k\u00e9s\u0151 d\u00e9lut\u00e1ni \u00f3r\u00e1kban \u00e9szaknyugat fel\u0151l mark\u00e1ns hidegfront \u00e9ri el az orsz\u00e1got, ez\u00e9rt a Dun\u00e1nt\u00falon \u00e9s a f\u0151v\u00e1ros t\u00e9rs\u00e9g\u00e9ben nagy ter\u00fcleten vihaross\u00e1 fokoz\u00f3dik a sz\u00e9l. A Fert\u0151-t\u00f3, a Bakony \u00e9s a Balaton t\u00e9rs\u00e9g\u00e9ben pedig 90-100 kilom\u00e9ter\/\u00f3r\u00e1t el\u00e9r\u0151 sz\u00e9ll\u00f6k\u00e9sek is el\u0151fordulhatnak, de egy-egy 110 kilom\u00e9ter\/\u00f3r\u00e1s sz\u00e9ll\u00f6k\u00e9s sem kiz\u00e1rt.<br \/>\n    A meteorol\u00f3giai szolg\u00e1lat keddre Fej\u00e9r, Gy\u0151r-Moson-Sopron, Somogy \u00e9s Veszpr\u00e9m megy\u00e9re adt\u00e1k ki a narancss\u00e1rga, vagyis m\u00e1sodfok\u00fa figyelmeztet\u00e9st. Ezeken a ter\u00fcleteken a leger\u0151sebb sz\u00e9ll\u00f6k\u00e9sek az \u00f3r\u00e1nk\u00e9nti 90 kilom\u00e9teres sebess\u00e9get is meghaladhatj\u00e1k. Baranya, B\u00e1cs-Kiskun, Kom\u00e1rom-Esztergom, Tolna, Vas, Zala \u00e9s Pest megy\u00e9ben, valamint Budapesten ugyancsak az er\u0151s sz\u00e9l miatt els\u0151fok\u00fa a figyelmeztet\u00e9s.<br \/>\n    Emellett hozz\u00e1tett\u00e9k, hogy els\u0151sorban a Dun\u00e1nt\u00falon a fronthoz kapcsol\u00f3dva v\u00e1rhat\u00f3 zivatar, m\u00e1sutt (f\u0151k\u00e9nt d\u00e9lkeleten) csak elv\u00e9tve val\u00f3sz\u00edn\u0171 zivatar kialakul\u00e1sa, viharos sz\u00e9ll\u00f6k\u00e9s, j\u00e9ges\u0151, lok\u00e1lisan felh\u0151szakad\u00e1s k\u00eds\u00e9ret\u00e9ben. A felh\u0151szakad\u00e1s vesz\u00e9lye miatt B\u00e9k\u00e9s, Csongr\u00e1d, Gy\u0151r-Moson-Sopron, Kom\u00e1rom-Esztergom, Vas \u00e9s Veszpr\u00e9m megy\u00e9re adtak ki els\u0151fok\u00fa figyelmeztet\u00e9st. Ott az intenz\u00edv z\u00e1porokb\u00f3l, zivatarokb\u00f3l r\u00f6vid id\u0151 alatt 25-30 millim\u00e9tern\u00e9l is t\u00f6bb csapad\u00e9k hullhat.<br \/>\n    Az el\u0151rejelz\u00e9s szerint kedden a legmagasabb nappali h\u0151m\u00e9rs\u00e9klet \u00e1ltal\u00e1ban 17-22 Celsius-fok k\u00f6z\u00f6tt alakul, de a Dun\u00e1nt\u00falon helyenk\u00e9nt n\u00e9h\u00e1ny fokkal h\u0171v\u00f6sebb lesz. K\u00e9s\u0151 este 7-16 fok v\u00e1rhat\u00f3, keleten lesz enyh\u00e9bb az id\u0151.(MTI)<\/p>\n","protected":false},"excerpt":{"rendered":"<p>A viharos sz\u00e9l miatt n\u00e9gy megy\u00e9re m\u00e1sodfok\u00fa, h\u00e9t megy\u00e9re \u00e9s a f\u0151v\u00e1rosra els\u0151fok\u00fa figyelmeztet\u00e9st adott ki keddre a meteorol\u00f3giai szolg\u00e1lat. Emellett t\u00f6bb megy\u00e9ben a v\u00e1rhat\u00f3 sok es\u0151 miatt is figyelmeztet\u00e9s van \u00e9rv\u00e9nyben.<\/p>\n","protected":false},"author":1,"featured_media":0,"comment_status":"open","ping_status":"closed","sticky":false,"template":"","format":"standard","meta":[],"categories":[4,151],"tags":[],"_links":{"self":[{"href":"https:\/\/gazdasagportal.hu\/index.php\/wp-json\/wp\/v2\/posts\/60227"}],"collection":[{"href":"https:\/\/gazdasagportal.hu\/index.php\/wp-json\/wp\/v2\/posts"}],"about":[{"href":"https:\/\/gazdasagportal.hu\/index.php\/wp-json\/wp\/v2\/types\/post"}],"author":[{"embeddable":true,"href":"https:\/\/gazdasagportal.hu\/index.php\/wp-json\/wp\/v2\/users\/1"}],"replies":[{"embeddable":true,"href":"https:\/\/gazdasagportal.hu\/index.php\/wp-json\/wp\/v2\/comments?post=60227"}],"version-history":[{"count":2,"href":"https:\/\/gazdasagportal.hu\/index.php\/wp-json\/wp\/v2\/posts\/60227\/revisions"}],"predecessor-version":[{"id":60229,"href":"https:\/\/gazdasagportal.hu\/index.php\/wp-json\/wp\/v2\/posts\/60227\/revisions\/60229"}],"wp:attachment":[{"href":"https:\/\/gazdasagportal.hu\/index.php\/wp-json\/wp\/v2\/media?parent=60227"}],"wp:term":[{"taxonomy":"category","embeddable":true,"href":"https:\/\/gazdasagportal.hu\/index.php\/wp-json\/wp\/v2\/categories?post=60227"},{"taxonomy":"post_tag","embeddable":true,"href":"https:\/\/gazdasagportal.hu\/index.php\/wp-json\/wp\/v2\/tags?post=60227"}],"curies":[{"name":"wp","href":"https:\/\/api.w.org\/{rel}","templated":true}]}}