{"id":59097,"date":"2015-04-08T18:35:37","date_gmt":"2015-04-08T16:35:37","guid":{"rendered":"http:\/\/stockportal.hu\/?p=59097"},"modified":"2015-04-08T16:56:24","modified_gmt":"2015-04-08T14:56:24","slug":"gorog-adossag-elesen-biralta-az-ukran-gazdasagi-miniszter-cipraszt","status":"publish","type":"post","link":"https:\/\/gazdasagportal.hu\/index.php\/gorog-adossag-elesen-biralta-az-ukran-gazdasagi-miniszter-cipraszt\/","title":{"rendered":"G\u00f6r\u00f6g ad\u00f3ss\u00e1g &#8211; \u00c9lesen b\u00edr\u00e1lta az ukr\u00e1n gazdas\u00e1gi miniszter Cipraszt"},"content":{"rendered":"<p><strong>Az ukr\u00e1n gazdas\u00e1gi miniszter \u00e9lesen b\u00edr\u00e1lta Alekszisz Ciprasz g\u00f6r\u00f6g korm\u00e1nyf\u0151t a moszkvai l\u00e1togat\u00e1sa miatt.<\/strong><!--more--><\/p>\n<div class=\"ads-in-post1\"><div id=\"gazdasagportal.hu_fullbanner_wideboard\"><\/div>\r\n<\/div>\n<p>    &#8222;Csal\u00f3dtam Cipraszban&#8221; &#8211; mondta Ajvarasz Abromavicsusz a Der Tagesspiegel c\u00edm\u0171 berlini lapban szerd\u00e1n megjelent interj\u00faban.<br \/>\n    Ukrajn\u00e1ban &#8222;embereket elrabolnak, megvernek, megk\u00ednoznak \u00e9s meg\u00f6lnek csak az\u00e9rt, mert az eur\u00f3pai \u00e9rt\u00e9kek v\u00e9delm\u00e9re kelnek&#8221;, mik\u00f6zben &#8222;egyes eur\u00f3pai nemzetek az ember\u00e9let v\u00e9delme f\u00f6l\u00e9 helyezik r\u00f6vidt\u00e1v\u00fa gazdas\u00e1gi \u00e9rdekeiket&#8221; &#8211; mondta az ukr\u00e1n miniszter.<br \/>\n    &#8222;Nagy aggodalommal szeml\u00e9lem, hogy egyre gyeng\u00fcl az eur\u00f3pai \u00e1llamok egys\u00e9ge \u00e9s hat\u00e1rozotts\u00e1ga az Oroszorsz\u00e1ggal folytatott viszonyban&#8221; &#8211; tette hozz\u00e1.<br \/>\n    Alekszisz Ciprasz szerd\u00e1n k\u00e9tnapos hivatalos l\u00e1togat\u00e1st kezdett Moszkv\u00e1ban. Nemcsak Ukrajn\u00e1ban, hanem az EU-ban is aggodalom mutatkozik azzal kapcsolatban, hogy el\u0151fordulhat, Ciprasz t\u00e1mogat\u00e1st k\u00e9r az orosz vezet\u00e9st\u0151l a s\u00falyos g\u00f6r\u00f6g \u00e1llamad\u00f3ss\u00e1g-v\u00e1ls\u00e1g kezel\u00e9s\u00e9hez, \u00e9s cser\u00e9be az Oroszorsz\u00e1ggal szemben az ukr\u00e1n v\u00e1ls\u00e1g miatt alkalmazott szankci\u00f3s politika fellaz\u00edt\u00e1s\u00e1ra t\u00f6rekszik majd az EU-ban.<br \/>\n    Az Eur\u00f3pai Parlament (EP) eln\u00f6ke, Martin Schulz p\u00e9ld\u00e1ul egy napon bel\u00fcl k\u00e9t n\u00e9metorsz\u00e1gi lapinterj\u00faban is figyelmeztette a g\u00f6r\u00f6g korm\u00e1nyf\u0151t, hogy ne t\u00e9rjen el a k\u00f6z\u00f6ss\u00e9g ir\u00e1nyvonalt\u00f3l. &#8222;Nem tudom, hogy Oroszorsz\u00e1g t\u00e1mogatja-e G\u00f6r\u00f6gorsz\u00e1got, \u00e9s ha igen, akkor mik\u00e9nt, de G\u00f6r\u00f6gorsz\u00e1gnak csak azt tudom tan\u00e1csolni, hogy ne kock\u00e1ztassa az eur\u00f3paiak egys\u00e9g\u00e9t&#8221; &#8211; mondta az EP n\u00e9met eln\u00f6ke a Bild c\u00edm\u0171 lap online kiad\u00e1s\u00e1ban szerd\u00e1n megjelent interj\u00faban.<br \/>\n    Martin Schulz el\u0151z\u0151leg a M\u00fcnchner Merkur c\u00edm\u0171 lapban is \u00f3va intette Alekszisz Cipraszt att\u00f3l, hogy megbontsa az EU egys\u00e9g\u00e9t. Ugyanakkor Ciprasz p\u00e1rtja, a radik\u00e1lis baloldali Sziriza egyik vezet\u0151 gazdas\u00e1gpolitikai tan\u00e1csad\u00f3ja szerint sz\u00f3 sincs ilyesmir\u0151l.<br \/>\n    A g\u00f6r\u00f6g korm\u00e1ny ugyan kritikusan viszonyul a b\u00fcntet\u0151int\u00e9zked\u00e9sek politik\u00e1j\u00e1hoz, de t\u00e1mogatja azt &#8211; mondta Teodorosz Paraszkevopulosz szerd\u00e1n a berlin-brandenbrugi RBB-Inforadio k\u00f6zszolg\u00e1lati r\u00e1di\u00f3nak. A minisztereln\u00f6k nem is t\u00e1rgyal hitelekr\u0151l Moszkv\u00e1ban, a megbesz\u00e9l\u00e9sek napirendj\u00e9n az orosz befektet\u00e9sek \u00f6szt\u00f6nz\u00e9se \u00e9s a g\u00f6r\u00f6g agr\u00e1rterm\u00e9kek oroszorsz\u00e1gi exportj\u00e1nak \u00fcgye szerepel &#8211; tette hozz\u00e1.(MTI)<\/p>\n","protected":false},"excerpt":{"rendered":"<p>Az ukr\u00e1n gazdas\u00e1gi miniszter \u00e9lesen b\u00edr\u00e1lta Alekszisz Ciprasz g\u00f6r\u00f6g korm\u00e1nyf\u0151t a moszkvai l\u00e1togat\u00e1sa miatt.<\/p>\n","protected":false},"author":1,"featured_media":0,"comment_status":"open","ping_status":"closed","sticky":false,"template":"","format":"standard","meta":[],"categories":[246],"tags":[],"_links":{"self":[{"href":"https:\/\/gazdasagportal.hu\/index.php\/wp-json\/wp\/v2\/posts\/59097"}],"collection":[{"href":"https:\/\/gazdasagportal.hu\/index.php\/wp-json\/wp\/v2\/posts"}],"about":[{"href":"https:\/\/gazdasagportal.hu\/index.php\/wp-json\/wp\/v2\/types\/post"}],"author":[{"embeddable":true,"href":"https:\/\/gazdasagportal.hu\/index.php\/wp-json\/wp\/v2\/users\/1"}],"replies":[{"embeddable":true,"href":"https:\/\/gazdasagportal.hu\/index.php\/wp-json\/wp\/v2\/comments?post=59097"}],"version-history":[{"count":1,"href":"https:\/\/gazdasagportal.hu\/index.php\/wp-json\/wp\/v2\/posts\/59097\/revisions"}],"predecessor-version":[{"id":59098,"href":"https:\/\/gazdasagportal.hu\/index.php\/wp-json\/wp\/v2\/posts\/59097\/revisions\/59098"}],"wp:attachment":[{"href":"https:\/\/gazdasagportal.hu\/index.php\/wp-json\/wp\/v2\/media?parent=59097"}],"wp:term":[{"taxonomy":"category","embeddable":true,"href":"https:\/\/gazdasagportal.hu\/index.php\/wp-json\/wp\/v2\/categories?post=59097"},{"taxonomy":"post_tag","embeddable":true,"href":"https:\/\/gazdasagportal.hu\/index.php\/wp-json\/wp\/v2\/tags?post=59097"}],"curies":[{"name":"wp","href":"https:\/\/api.w.org\/{rel}","templated":true}]}}