{"id":59085,"date":"2015-04-08T15:00:05","date_gmt":"2015-04-08T13:00:05","guid":{"rendered":"http:\/\/stockportal.hu\/?p=59085"},"modified":"2015-04-08T15:00:05","modified_gmt":"2015-04-08T13:00:05","slug":"ukran-valsag-az-ukran-felderites-szerint-teljes-harckeszultsegbe-helyezik-egysegeiket-a-donyecki-szakadarok","status":"publish","type":"post","link":"https:\/\/gazdasagportal.hu\/index.php\/ukran-valsag-az-ukran-felderites-szerint-teljes-harckeszultsegbe-helyezik-egysegeiket-a-donyecki-szakadarok\/","title":{"rendered":"Ukr\u00e1n v\u00e1ls\u00e1g &#8211; Az ukr\u00e1n felder\u00edt\u00e9s szerint teljes harck\u00e9sz\u00fclts\u00e9gbe helyezik egys\u00e9geiket a donyecki szakad\u00e1rok"},"content":{"rendered":"<p><strong> Az ukr\u00e1n katonai felder\u00edt\u00e9s inform\u00e1ci\u00f3i szerint a donyecki oroszbar\u00e1t parancsnokok teljes harck\u00e9sz\u00fclts\u00e9gbe helyezik fegyveres egys\u00e9geiket, \u00e9s olyan h\u00edresztel\u00e9sek kaptak l\u00e1bra, hogy nagyszab\u00e1s\u00fa inv\u00e1zi\u00f3ra k\u00e9sz\u00fclnek az ukr\u00e1n fegyveres er\u0151k ellen\u0151rz\u00e9se alatti ter\u00fcletek ellen &#8211; k\u00f6z\u00f6lte Andrij Liszenko, a Kijev \u00e1ltal &#8222;terrorellenesnek&#8221; nevezett hadm\u0171velet katonai sz\u00f3viv\u0151je szerdai kijevi sajt\u00f3t\u00e1j\u00e9koztat\u00f3j\u00e1n.<\/strong><!--more--><\/p>\n<div class=\"ads-in-post1\"><div id=\"gazdasagportal.hu_fullbanner_wideboard\"><\/div>\r\n<\/div>\n<p>    A tiszts\u00e9gvisel\u0151 szavai szerint a felder\u00edt\u00e9st\u0151l sz\u00e1rmaz\u00f3 inform\u00e1ci\u00f3k szerint a szakad\u00e1rok visszarendelik egys\u00e9geikhez az \u00f6sszes, gy\u00f3gykezel\u00e9s c\u00e9lj\u00e1b\u00f3l szabads\u00e1gra k\u00fcld\u00f6tt fegyverest az Oroszorsz\u00e1ghoz csatolt Kr\u00edm f\u00e9lszigetr\u0151l \u00e9s m\u00e1shonnan.<br \/>\n    Kijelentette, hogy ek\u00f6zben a szakad\u00e1rok azt terjesztik, hamarosan akt\u00edv harci cselekm\u00e9nyeket kezdenek, azaz t\u00e1mad\u00e1sokat ind\u00edtanak az ukr\u00e1n fegyveres er\u0151k \u00e1ltal ellen\u0151rz\u00f6tt ter\u00fcletek ellen. Annak \u00e9rdek\u00e9ben pedig, hogy erre indokuk legyen, el\u0151tte t\u0171zsz\u00fcnets\u00e9rt\u00e9ssel v\u00e1dolj\u00e1k meg a korm\u00e1nyer\u0151ket.<br \/>\n    Liszenko besz\u00e1molt arr\u00f3l, hogy az elm\u00falt 24 \u00f3r\u00e1ban k\u00e9t ukr\u00e1n katona esett el, \u00e9s n\u00e9gy sebes\u00fclt meg harc k\u00f6zben a kelet-ukrajnai fronton.<br \/>\n    El\u0151z\u0151 nap a sz\u00f3viv\u0151 arr\u00f3l besz\u00e9lt, hogy n\u00f6vekszik a fesz\u00fclts\u00e9g Kelet-Ukrajn\u00e1ban a frontvonal ment\u00e9n. Egyre gyakoribbak a t\u00e1mad\u00e1sok, provok\u00e1ci\u00f3k az oroszbar\u00e1t szakad\u00e1rok r\u00e9sz\u00e9r\u0151l, akik egyre s\u0171r\u0171bben vetnek be olyan nagy kaliber\u0171 t\u00fcz\u00e9rs\u00e9gi fegyvereket, amelyeket a minszki meg\u00e1llapod\u00e1s \u00e9rtelm\u00e9ben ki kellett volna vonniuk az \u00fctk\u00f6z\u0151z\u00f3n\u00e1b\u00f3l. Liszenko h\u00e1rom helysz\u00ednt nevezett meg, ahol k\u00fcl\u00f6n\u00f6sen fesz\u00fcltt\u00e9 v\u00e1lt a helyzet: a Luhanszkt\u00f3l \u00e9szakra l\u00e9v\u0151 bahmutyivkai f\u0151\u00fatvonaln\u00e1l, Donyeck k\u00f6rzet\u00e9ben, valamint d\u00e9len, az Azovi-tenger partj\u00e1n, a Mariupol melletti Sirokine telep\u00fcl\u00e9sn\u00e9l.<br \/>\n(MTI)<\/p>\n","protected":false},"excerpt":{"rendered":"<p>Az ukr\u00e1n katonai felder\u00edt\u00e9s inform\u00e1ci\u00f3i szerint a donyecki oroszbar\u00e1t parancsnokok teljes harck\u00e9sz\u00fclts\u00e9gbe helyezik fegyveres egys\u00e9geiket, \u00e9s olyan h\u00edresztel\u00e9sek kaptak l\u00e1bra, hogy nagyszab\u00e1s\u00fa inv\u00e1zi\u00f3ra k\u00e9sz\u00fclnek az ukr\u00e1n fegyveres er\u0151k ellen\u0151rz\u00e9se alatti ter\u00fcletek ellen &#8211; k\u00f6z\u00f6lte Andrij Liszenko, a Kijev \u00e1ltal &#8222;terrorellenesnek&#8221; nevezett hadm\u0171velet katonai sz\u00f3viv\u0151je szerdai kijevi sajt\u00f3t\u00e1j\u00e9koztat\u00f3j\u00e1n.<\/p>\n","protected":false},"author":1,"featured_media":0,"comment_status":"open","ping_status":"closed","sticky":false,"template":"","format":"standard","meta":[],"categories":[139],"tags":[413],"_links":{"self":[{"href":"https:\/\/gazdasagportal.hu\/index.php\/wp-json\/wp\/v2\/posts\/59085"}],"collection":[{"href":"https:\/\/gazdasagportal.hu\/index.php\/wp-json\/wp\/v2\/posts"}],"about":[{"href":"https:\/\/gazdasagportal.hu\/index.php\/wp-json\/wp\/v2\/types\/post"}],"author":[{"embeddable":true,"href":"https:\/\/gazdasagportal.hu\/index.php\/wp-json\/wp\/v2\/users\/1"}],"replies":[{"embeddable":true,"href":"https:\/\/gazdasagportal.hu\/index.php\/wp-json\/wp\/v2\/comments?post=59085"}],"version-history":[{"count":1,"href":"https:\/\/gazdasagportal.hu\/index.php\/wp-json\/wp\/v2\/posts\/59085\/revisions"}],"predecessor-version":[{"id":59086,"href":"https:\/\/gazdasagportal.hu\/index.php\/wp-json\/wp\/v2\/posts\/59085\/revisions\/59086"}],"wp:attachment":[{"href":"https:\/\/gazdasagportal.hu\/index.php\/wp-json\/wp\/v2\/media?parent=59085"}],"wp:term":[{"taxonomy":"category","embeddable":true,"href":"https:\/\/gazdasagportal.hu\/index.php\/wp-json\/wp\/v2\/categories?post=59085"},{"taxonomy":"post_tag","embeddable":true,"href":"https:\/\/gazdasagportal.hu\/index.php\/wp-json\/wp\/v2\/tags?post=59085"}],"curies":[{"name":"wp","href":"https:\/\/api.w.org\/{rel}","templated":true}]}}