{"id":58906,"date":"2015-04-03T17:21:08","date_gmt":"2015-04-03T15:21:08","guid":{"rendered":"http:\/\/stockportal.hu\/?p=58906"},"modified":"2015-04-03T10:15:06","modified_gmt":"2015-04-03T08:15:06","slug":"izraeli-lapok-az-irani-egyezmenyrol","status":"publish","type":"post","link":"https:\/\/gazdasagportal.hu\/index.php\/izraeli-lapok-az-irani-egyezmenyrol\/","title":{"rendered":"Izraeli lapok az ir\u00e1ni egyezm\u00e9nyr\u0151l"},"content":{"rendered":"<p><strong>A v\u00e1rtn\u00e1l jobb alkunak l\u00e1tja a Teher\u00e1n \u00e9s a nagyhatalmak k\u00f6z\u00f6tti nukle\u00e1ris meg\u00e1llapod\u00e1st a Jedi\u00f3t Ahron\u00f3t c\u00edm\u0171 \u00fajs\u00e1g elemz\u0151je.<\/strong><!--more--><\/p>\n<div class=\"ads-in-post1\"><div id=\"gazdasagportal.hu_fullbanner_wideboard\"><\/div>\r\n<\/div>\n<p>    Ron Ben Jis\u00e1j neves k\u00fclpolitikai elemz\u0151 a Jedi\u00f3t Ahron\u00f3t honlapj\u00e1n, a yneten azt \u00edrta, hogy az amerikai eln\u00f6k olaj\u00e1gat k\u00edn\u00e1lt a meg\u00e1llapod\u00e1st v\u00e9gig t\u00e1mad\u00f3 Benj\u00e1min Netanjahu izraeli minisztereln\u00f6knek, amelyet annak el kellene fogadnia, \u00e9s seg\u00edtenie kellene a m\u00e9g megl\u00e9v\u0151 hi\u00e1nyoss\u00e1gok kik\u00fcsz\u00f6b\u00f6l\u00e9s\u00e9ben Barack Obam\u00e1t.<br \/>\n    Jis\u00e1j szerint j\u00f3 alku sz\u00fcletett, noha sz\u00e1mos kulcsk\u00e9rd\u00e9s m\u00e9g megoldatlan maradt, k\u00f6zt\u00fck az Ir\u00e1n elleni szankci\u00f3k felold\u00e1s\u00e1nak \u00fctemez\u00e9se, a Teher\u00e1n \u00e1ltal m\u00e1r felhalmozott d\u00fas\u00edtott ur\u00e1n sorsa, az ur\u00e1nd\u00fas\u00edt\u00f3 centrifug\u00e1k fejleszt\u00e9s\u00e9nek lehet\u0151s\u00e9ge, \u00e9s nyitott k\u00e9rd\u00e9s egyel\u0151re az is, hogy fellazul-e majd az \u00e9vek sor\u00e1n az egyezs\u00e9g v\u00e9grehajt\u00e1sa.<br \/>\n    Jis\u00e1j m\u00e9gis meglep\u0151en r\u00e9szletesen kidolgozottnak v\u00e9li az egyezm\u00e9nyt, amelynek val\u00f3di pr\u00f3b\u00e1ja az \u00e1tfog\u00f3 meg\u00e1llapod\u00e1s megk\u00f6t\u00e9se lesz j\u00fanius 30-\u00e1ig.     Ha azt a jelenlegi helyzet alapj\u00e1n k\u00f6tik meg, Izrael sz\u00e1m\u00e1ra elfogadhat\u00f3 lesz, mert legal\u00e1bb t\u00edz \u00e9vre megakad\u00e1lyozza Ir\u00e1nt a bomb\u00e1hoz sz\u00fcks\u00e9ges hasad\u00f3anyag el\u0151\u00e1ll\u00edt\u00e1s\u00e1ban &#8211; \u00edrta.<br \/>\n    Enn\u00e9l jobb eredm\u00e9nyt a szak\u00e9rt\u0151 szerint m\u00e9g egy katonai csap\u00e1ssal sem lehetett volna el\u00e9rni, \u00e9s Izraelnek el kellene fogadnia Barack Obama megh\u00edv\u00e1s\u00e1t a v\u00e9gs\u0151 meg\u00e1llapod\u00e1s kidolgoz\u00e1s\u00e1ban val\u00f3 r\u00e9szv\u00e9telre.<br \/>\n    Hami Selo, a H\u00e1\u00e1rec p\u00e9nteki sz\u00e1m\u00e1ban megjelent v\u00e9lem\u00e9nye szerint az arab \u00e1llamok egy r\u00e9sze \u00e9s Izrael, valamint az amerikai republik\u00e1nusok sz\u00e1m\u00e1ra az ajatoll\u00e1hokkal Obama \u00e1ltal al\u00e1\u00edrt b\u00e1rmilyen egyezm\u00e9ny csak rossz lehet, \u00e9s annak r\u00e9szletei teljesen mell\u00e9kesek.<br \/>\n    Obama az egyezm\u00e9ny kongresszusi v\u00e9delme \u00e9rdek\u00e9ben cs\u00fct\u00f6rt\u00f6k\u00f6n megv\u00e1ltoztatta ellens\u00e9ges hangv\u00e9tel\u00e9t Netanjahuval szemben, meg\u00edg\u00e9rte, hogy Izrael jav\u00e1ra cselekszik, \u00e9s szem\u00e9lyesen besz\u00e9lt az izraeli korm\u00e1nyf\u0151vel. Ezzel megteremtette Benj\u00e1min Netanjahu sz\u00e1m\u00e1ra a lehet\u0151s\u00e9get a visszavonul\u00e1sra, hogy a nyolcnapos p\u00e9szahi \u00fcnnep alatt ir\u00e1nyt v\u00e1ltva h\u00e1tt\u00e9rbe vonuljon, \u00e9s befoly\u00e1st gyakorolhasson a v\u00e9gleges \u00e1tfog\u00f3 egyezm\u00e9nyre &#8211; \u00edrta.<br \/>\n    Selo szerint is sz\u00e1mos lyuk t\u00e1tong a keretmeg\u00e1llapod\u00e1son, \u00e9s nem biztos, hogy a rendelkez\u00e9sre \u00e1ll\u00f3 h\u00e1rom h\u00f3nap alatt siker\u00fcl megoldani a nyitva hagyott k\u00e9rd\u00e9seket, de az emberek t\u00f6bbs\u00e9ge sz\u00e1m\u00e1ra a r\u00e9szletek, a k\u00fcl\u00f6nf\u00e9le centrifug\u00e1k param\u00e9terei \u00e9rthetetlenek, sz\u00e1mukra az \u00f6sszk\u00e9p a fontos.<br \/>\n    Az amerikai k\u00f6zv\u00e9lem\u00e9ny t\u00f6bbs\u00e9ge szerint az a l\u00e9nyeg, hogy ne keveredjenek \u00fajabb fegyveres konfliktusba a K\u00f6zel-Keleten, m\u00edg az arab orsz\u00e1gok jelent\u0151s r\u00e9sze, Izrael \u00e9s a republik\u00e1nusok sz\u00e1m\u00e1ra csakis rossz lehet b\u00e1rmilyen alku Teher\u00e1nnal.<br \/>\n    Obama ellenfelei sz\u00e1m\u00e1ra ha meg\u00e1llapod\u00e1s sz\u00fcletik, akkor Obama megadta mag\u00e1t, ha pedig nem, akkor az annak a jele, hogy Ir\u00e1n f\u00fcty\u00fcl az amerikai eln\u00f6kre. Szerint\u00fck Obama akkor is eladta a lelk\u00e9t az \u00f6rd\u00f6gnek, ha olyan egyezm\u00e9nyt k\u00f6t, amelyben Ir\u00e1n sz\u00e9tz\u00fazza teljes nukle\u00e1ris infrastrukt\u00far\u00e1j\u00e1t \u00e9s bejelenti csatlakoz\u00e1s\u00e1t a cionista kongresszushoz &#8211; v\u00e9lekedik a H\u00e1\u00e1rec szak\u00e9rt\u0151je.(MTI)<\/p>\n","protected":false},"excerpt":{"rendered":"<p>A v\u00e1rtn\u00e1l jobb alkunak l\u00e1tja a Teher\u00e1n \u00e9s a nagyhatalmak k\u00f6z\u00f6tti nukle\u00e1ris meg\u00e1llapod\u00e1st a Jedi\u00f3t Ahron\u00f3t c\u00edm\u0171 \u00fajs\u00e1g elemz\u0151je.<\/p>\n","protected":false},"author":1,"featured_media":0,"comment_status":"open","ping_status":"closed","sticky":false,"template":"","format":"standard","meta":[],"categories":[16],"tags":[],"_links":{"self":[{"href":"https:\/\/gazdasagportal.hu\/index.php\/wp-json\/wp\/v2\/posts\/58906"}],"collection":[{"href":"https:\/\/gazdasagportal.hu\/index.php\/wp-json\/wp\/v2\/posts"}],"about":[{"href":"https:\/\/gazdasagportal.hu\/index.php\/wp-json\/wp\/v2\/types\/post"}],"author":[{"embeddable":true,"href":"https:\/\/gazdasagportal.hu\/index.php\/wp-json\/wp\/v2\/users\/1"}],"replies":[{"embeddable":true,"href":"https:\/\/gazdasagportal.hu\/index.php\/wp-json\/wp\/v2\/comments?post=58906"}],"version-history":[{"count":1,"href":"https:\/\/gazdasagportal.hu\/index.php\/wp-json\/wp\/v2\/posts\/58906\/revisions"}],"predecessor-version":[{"id":58907,"href":"https:\/\/gazdasagportal.hu\/index.php\/wp-json\/wp\/v2\/posts\/58906\/revisions\/58907"}],"wp:attachment":[{"href":"https:\/\/gazdasagportal.hu\/index.php\/wp-json\/wp\/v2\/media?parent=58906"}],"wp:term":[{"taxonomy":"category","embeddable":true,"href":"https:\/\/gazdasagportal.hu\/index.php\/wp-json\/wp\/v2\/categories?post=58906"},{"taxonomy":"post_tag","embeddable":true,"href":"https:\/\/gazdasagportal.hu\/index.php\/wp-json\/wp\/v2\/tags?post=58906"}],"curies":[{"name":"wp","href":"https:\/\/api.w.org\/{rel}","templated":true}]}}