{"id":58836,"date":"2015-04-02T12:04:15","date_gmt":"2015-04-02T10:04:15","guid":{"rendered":"http:\/\/stockportal.hu\/?p=58836"},"modified":"2015-04-01T21:55:55","modified_gmt":"2015-04-01T19:55:55","slug":"ukran-valsag-merkel-nemetorszag-tovabbi-penzugyi-tamogatast-nyujt-ukrajnanak","status":"publish","type":"post","link":"https:\/\/gazdasagportal.hu\/index.php\/ukran-valsag-merkel-nemetorszag-tovabbi-penzugyi-tamogatast-nyujt-ukrajnanak\/","title":{"rendered":"Ukr\u00e1n v\u00e1ls\u00e1g &#8211; Merkel: N\u00e9metorsz\u00e1g tov\u00e1bbi p\u00e9nz\u00fcgyi t\u00e1mogat\u00e1st ny\u00fajt Ukrajn\u00e1nak"},"content":{"rendered":"<p><strong>N\u00e9metorsz\u00e1g 500 milli\u00f3 eur\u00f3s hitelkeretet nyit meg Ukrajna sz\u00e1m\u00e1ra, \u00e9s ebb\u0151l 300 milli\u00f3 eur\u00f3 felhaszn\u00e1l\u00e1s\u00e1r\u00f3l m\u00e1r meg is \u00e1llapodtak &#8211; mondta a n\u00e9met kancell\u00e1r szerd\u00e1n Berlinben az ukr\u00e1n korm\u00e1nyf\u0151vel folytatott megbesz\u00e9l\u00e9se sz\u00fcnet\u00e9ben.<\/strong><!--more--><\/p>\n<div class=\"ads-in-post1\"><div id=\"gazdasagportal.hu_fullbanner_wideboard\"><\/div>\r\n<\/div>\n<p>    Arszenyij Jacenyukkal k\u00f6z\u00f6sen tartott sajt\u00f3t\u00e1j\u00e9koztat\u00f3j\u00e1n Angela Merkel elmondta: 300 milli\u00f3 eur\u00f3t az ukr\u00e1n infrastrukt\u00fara, a gazdas\u00e1g \u00e9s az eg\u00e9szs\u00e9g\u00fcgyi rendszer moderniz\u00e1l\u00e1s\u00e1t szolg\u00e1l\u00f3 programokra ford\u00edtanak, \u00e9s err\u0151l sz\u00e1nd\u00e9knyilatkozatot \u00edrtak al\u00e1.<br \/>\n    Az ukr\u00e1n korm\u00e1nyf\u0151vel folytatott t\u00e1rgyal\u00e1s els\u0151 r\u00e9sz\u00e9ben Wolfgang Sch\u00e4uble p\u00e9nz\u00fcgyminiszter r\u00e9szv\u00e9tel\u00e9vel gazdas\u00e1gi \u00fcgyekr\u0151l besz\u00e9ltek, \u00e9s az ukr\u00e1n p\u00e9nz\u00fcgyminiszter &#8211; Natalija Jareszko &#8211; ismertette a kijevi vezet\u00e9s eddigi l\u00e9p\u00e9seit \u00e9s terveit &#8211; mondta Angela Merkel, hangs\u00falyozva, hogy az ukr\u00e1n korm\u00e1ny az ut\u00f3bbi h\u00f3napokban &#8222;figyelemrem\u00e9lt\u00f3 teljes\u00edtm\u00e9nyt&#8221; mutatott a reformok ter\u00e9n, N\u00e9metorsz\u00e1g pedig seg\u00edteni k\u00edv\u00e1n abban, hogy Ukrajna &#8222;gazdas\u00e1gilag sikeres \u00e9s \u00e1tl\u00e1that\u00f3 m\u00f3don&#8221; m\u0171k\u00f6d\u0151 \u00e1llam legyen.<br \/>\n    A tal\u00e1lkoz\u00f3 m\u00e1sodik r\u00e9sz\u00e9ben a nemzetk\u00f6zi fejleszt\u00e9si egy\u00fcttm\u0171k\u00f6d\u00e9s ter\u00fclet\u00e9t \u00e9rint\u0151 \u00fcgyeket tekintik \u00e1t, hogy felt\u00e1rj\u00e1k, N\u00e9metorsz\u00e1g mik\u00e9nt seg\u00edthet a fegyveres konfliktus hat\u00e1sait megszenved\u0151 lakoss\u00e1g, k\u00f6zt\u00fck a bels\u0151 menek\u00fcltek ell\u00e1t\u00e1s\u00e1ban, helyzet\u00fck jav\u00edt\u00e1s\u00e1ban &#8211; mondta a kancell\u00e1r.<br \/>\n    Kiemelte, hogy a k\u00f6z\u00f6s er\u0151fesz\u00edt\u00e9sek keret\u00e9t a minszki meg\u00e1llapod\u00e1sok jelentik. A kelet-ukrajnai v\u00e1ls\u00e1gg\u00f3cban ugyan &#8222;nyugodtabb a helyzet&#8221;, de a febru\u00e1ri meg\u00e1llapod\u00e1sokban el\u0151\u00edrt t\u0171zsz\u00fcnet m\u00e9g mindig nem teljes, \u00e9s az Eur\u00f3pa Biztons\u00e1gi \u00e9s Egy\u00fcttm\u0171k\u00f6d\u00e9si Szervezet (EBESZ) megfigyel\u0151i m\u00e9g nem tudt\u00e1k meger\u0151s\u00edteni, hogy a Minszkben r\u00f6gz\u00edtett m\u00f3don megt\u00f6rt\u00e9nt a neh\u00e9zfegyverek visszavon\u00e1sa &#8211; jegyezte meg Angela Merkel.<br \/>\n     Arszenyij Jacenyuk hangs\u00falyozta, hogy Ukrajna teljes m\u00e9rt\u00e9kben v\u00e9grehajtja a meg\u00e1llapod\u00e1sban foglaltakat, az Oroszorsz\u00e1g \u00e1ltal t\u00e1mogatott szakad\u00e1rok viszont megszegik az egyezm\u00e9nyt.<br \/>\n    A kijevi vezet\u00e9s arra t\u00f6rekszik, hogy az \u00e9rintett kelet-ukrajnai r\u00e9gi\u00f3k k\u00fcl\u00f6nleges st\u00e1tus\u00e1r\u00f3l rendelkez\u0151 t\u00f6rv\u00e9ny parlamenti elfogad\u00e1sa ut\u00e1n a Minszkben elhat\u00e1rozott menetrend szerint megtarts\u00e1k a helyi v\u00e1laszt\u00e1sokat. A korm\u00e1ny sz\u00e1m\u00e1ra ez az\u00e9rt is fontos, mert nem hajland\u00f3 t\u00e1rgyalni &#8222;terrorist\u00e1kkal&#8221;, \u00e9s csak a t\u00e9rs\u00e9g megv\u00e1lasztott, legitim k\u00e9pvisel\u0151it tekinti partnernek &#8211; mondta a minisztereln\u00f6k.<br \/>\n    A gazdas\u00e1g helyzet\u00e9r\u0151l sz\u00f3lva kiemelte: a reformprogram eredm\u00e9nyess\u00e9g\u00e9t jelzi, hogy a Nemzetk\u00f6zi Valutaalap (IMF) 4 \u00e9vre sz\u00f3l\u00f3 finansz\u00edroz\u00e1si programot ind\u00edtott, aminek r\u00e9v\u00e9n Kijev 17,5 milli\u00e1rd doll\u00e1r hitelhez jut a nemzetk\u00f6zi szervezett\u0151l, tov\u00e1bbi 7,5 milli\u00e1rd doll\u00e1rhoz m\u00e1s nyugati partnerekt\u0151l, \u00e9s 15 milli\u00e1rd doll\u00e1r \u00e9rt\u00e9k\u0171 ad\u00f3ss\u00e1g-\u00e1t\u00fctemez\u00e9si programot hajthat v\u00e9gre.<br \/>\n    Az ukr\u00e1n korm\u00e1nyf\u0151 sz\u00f3lt arr\u00f3l is, hogy a k\u00f6vetkez\u0151 id\u0151szakban konferenci\u00e1t rendeznek az Ukrajn\u00e1t t\u00e1mogat\u00f3 orsz\u00e1goknak, \u00e9s befektet\u0151i f\u00f3rumokat tartanak a k\u00fclf\u00f6ldi beruh\u00e1z\u00e1sok \u00e9l\u00e9nk\u00edt\u00e9se c\u00e9lj\u00e1val.(MTI)<\/p>\n","protected":false},"excerpt":{"rendered":"<p>N\u00e9metorsz\u00e1g 500 milli\u00f3 eur\u00f3s hitelkeretet nyit meg Ukrajna sz\u00e1m\u00e1ra, \u00e9s ebb\u0151l 300 milli\u00f3 eur\u00f3 felhaszn\u00e1l\u00e1s\u00e1r\u00f3l m\u00e1r meg is \u00e1llapodtak &#8211; mondta a n\u00e9met kancell\u00e1r szerd\u00e1n Berlinben az ukr\u00e1n korm\u00e1nyf\u0151vel folytatott megbesz\u00e9l\u00e9se sz\u00fcnet\u00e9ben.<\/p>\n","protected":false},"author":1,"featured_media":0,"comment_status":"open","ping_status":"closed","sticky":false,"template":"","format":"standard","meta":[],"categories":[139],"tags":[],"_links":{"self":[{"href":"https:\/\/gazdasagportal.hu\/index.php\/wp-json\/wp\/v2\/posts\/58836"}],"collection":[{"href":"https:\/\/gazdasagportal.hu\/index.php\/wp-json\/wp\/v2\/posts"}],"about":[{"href":"https:\/\/gazdasagportal.hu\/index.php\/wp-json\/wp\/v2\/types\/post"}],"author":[{"embeddable":true,"href":"https:\/\/gazdasagportal.hu\/index.php\/wp-json\/wp\/v2\/users\/1"}],"replies":[{"embeddable":true,"href":"https:\/\/gazdasagportal.hu\/index.php\/wp-json\/wp\/v2\/comments?post=58836"}],"version-history":[{"count":1,"href":"https:\/\/gazdasagportal.hu\/index.php\/wp-json\/wp\/v2\/posts\/58836\/revisions"}],"predecessor-version":[{"id":58837,"href":"https:\/\/gazdasagportal.hu\/index.php\/wp-json\/wp\/v2\/posts\/58836\/revisions\/58837"}],"wp:attachment":[{"href":"https:\/\/gazdasagportal.hu\/index.php\/wp-json\/wp\/v2\/media?parent=58836"}],"wp:term":[{"taxonomy":"category","embeddable":true,"href":"https:\/\/gazdasagportal.hu\/index.php\/wp-json\/wp\/v2\/categories?post=58836"},{"taxonomy":"post_tag","embeddable":true,"href":"https:\/\/gazdasagportal.hu\/index.php\/wp-json\/wp\/v2\/tags?post=58836"}],"curies":[{"name":"wp","href":"https:\/\/api.w.org\/{rel}","templated":true}]}}