{"id":5867,"date":"2013-03-26T10:34:12","date_gmt":"2013-03-26T09:34:12","guid":{"rendered":"http:\/\/stockportal.hu\/?p=5867"},"modified":"2013-03-26T10:34:12","modified_gmt":"2013-03-26T09:34:12","slug":"majusban-lephet-tozsdere-az-altera","status":"publish","type":"post","link":"https:\/\/gazdasagportal.hu\/index.php\/majusban-lephet-tozsdere-az-altera\/","title":{"rendered":"M\u00e1jusban l\u00e9phet t\u0151zsd\u00e9re az Altera"},"content":{"rendered":"<p><strong>V\u00e1rhat\u00f3an m\u00e1jus elej\u00e9n l\u00e9p a Budapesti \u00c9rt\u00e9kt\u0151zsd\u00e9re az Altera Vagyonkezel\u0151 Nyrt., miut\u00e1n sikerrel z\u00e1rult a t\u00e1rsas\u00e1g nyilv\u00e1nos r\u00e9szv\u00e9nykibocs\u00e1t\u00e1sa.<!--more--><\/strong><\/p>\n<p>Az Altera keddi k\u00f6zl\u00e9se szerint a m\u00e1rcius 4-22. k\u00f6z\u00f6tt lezajlott \u00e9rt\u00e9kes\u00edt\u00e9s sor\u00e1n t\u00f6bb mint 204 ezer r\u00e9szv\u00e9nyt jegyeztek a befektet\u0151k. A nyilv\u00e1nos kibocs\u00e1t\u00e1s v\u00e9g\u00e9re a c\u00e9g saj\u00e1t t\u0151k\u00e9je megk\u00f6zel\u00edt\u0151leg 650 milli\u00f3 forintra emelkedett.<br \/>\nA t\u00e1rsas\u00e1g ezer forint n\u00e9v\u00e9rt\u00e9k\u0171 r\u00e9szv\u00e9nyeit 2250 forintos \u00e1rfolyamon lehetett megv\u00e1s\u00e1rolni. Egy befektet\u0151 minim\u00e1lisan 500 r\u00e9szv\u00e9nyt jegyezhetett, azaz a legkisebb befektethet\u0151 \u00f6sszeg 1,125 milli\u00f3 forint volt. A t\u00e1rsas\u00e1g 32 alap\u00edt\u00f3-tulajdonosa el\u0151zetesen jelezte, hogy v\u00e1rhat\u00f3an megk\u00e9tszerezi kor\u00e1bbi befektet\u00e9seit a kibocs\u00e1t\u00e1s sor\u00e1n.<br \/>\nAz Altera a c\u00e9g saj\u00e1t t\u0151k\u00e9j\u00e9t k\u00edv\u00e1nja befektetni, a legnagyobb r\u00e9szben v\u00e1llalati k\u00f6tv\u00e9nyekbe, tov\u00e1bb\u00e1 r\u00e9szv\u00e9nyekbe \u00e9s certifik\u00e1tokba.<br \/>\nA t\u00e1rsas\u00e1got 2012 janu\u00e1rj\u00e1ban 200 milli\u00f3 forintos t\u0151k\u00e9vel alap\u00edtott\u00e1k. Az Altera befektet\u00e9seinek teljes\u00edtm\u00e9nye a m\u0171k\u00f6d\u00e9s megkezd\u00e9se \u00f3ta eltelt egy\u00e9ves id\u0151szakban pozit\u00edvan alakult, a v\u00e1llalat a m\u00falt \u00e9vet nyeres\u00e9ggel z\u00e1rta &#8211; olvashat\u00f3 a t\u00e1rsas\u00e1g k\u00f6zlem\u00e9ny\u00e9ben. (MTI)<\/p>\n","protected":false},"excerpt":{"rendered":"<p>V\u00e1rhat\u00f3an m\u00e1jus elej\u00e9n l\u00e9p a Budapesti \u00c9rt\u00e9kt\u0151zsd\u00e9re az Altera Vagyonkezel\u0151 Nyrt., miut\u00e1n sikerrel z\u00e1rult a t\u00e1rsas\u00e1g nyilv\u00e1nos r\u00e9szv\u00e9nykibocs\u00e1t\u00e1sa.<\/p>\n","protected":false},"author":1,"featured_media":4143,"comment_status":"open","ping_status":"closed","sticky":false,"template":"","format":"standard","meta":[],"categories":[7],"tags":[],"_links":{"self":[{"href":"https:\/\/gazdasagportal.hu\/index.php\/wp-json\/wp\/v2\/posts\/5867"}],"collection":[{"href":"https:\/\/gazdasagportal.hu\/index.php\/wp-json\/wp\/v2\/posts"}],"about":[{"href":"https:\/\/gazdasagportal.hu\/index.php\/wp-json\/wp\/v2\/types\/post"}],"author":[{"embeddable":true,"href":"https:\/\/gazdasagportal.hu\/index.php\/wp-json\/wp\/v2\/users\/1"}],"replies":[{"embeddable":true,"href":"https:\/\/gazdasagportal.hu\/index.php\/wp-json\/wp\/v2\/comments?post=5867"}],"version-history":[{"count":2,"href":"https:\/\/gazdasagportal.hu\/index.php\/wp-json\/wp\/v2\/posts\/5867\/revisions"}],"predecessor-version":[{"id":5869,"href":"https:\/\/gazdasagportal.hu\/index.php\/wp-json\/wp\/v2\/posts\/5867\/revisions\/5869"}],"wp:featuredmedia":[{"embeddable":true,"href":"https:\/\/gazdasagportal.hu\/index.php\/wp-json\/wp\/v2\/media\/4143"}],"wp:attachment":[{"href":"https:\/\/gazdasagportal.hu\/index.php\/wp-json\/wp\/v2\/media?parent=5867"}],"wp:term":[{"taxonomy":"category","embeddable":true,"href":"https:\/\/gazdasagportal.hu\/index.php\/wp-json\/wp\/v2\/categories?post=5867"},{"taxonomy":"post_tag","embeddable":true,"href":"https:\/\/gazdasagportal.hu\/index.php\/wp-json\/wp\/v2\/tags?post=5867"}],"curies":[{"name":"wp","href":"https:\/\/api.w.org\/{rel}","templated":true}]}}