{"id":58598,"date":"2015-03-30T04:01:13","date_gmt":"2015-03-30T02:01:13","guid":{"rendered":"http:\/\/stockportal.hu\/?p=58598"},"modified":"2015-03-29T20:02:30","modified_gmt":"2015-03-29T18:02:30","slug":"a-brokerbotranyban-erintett-vezetok-vagyonzarolasarol-donthet-az-orszaggyules","status":"publish","type":"post","link":"https:\/\/gazdasagportal.hu\/index.php\/a-brokerbotranyban-erintett-vezetok-vagyonzarolasarol-donthet-az-orszaggyules\/","title":{"rendered":"A br\u00f3kerbotr\u00e1nyban \u00e9rintett vezet\u0151k vagyonz\u00e1rol\u00e1s\u00e1r\u00f3l d\u00f6nthet az Orsz\u00e1ggy\u0171l\u00e9s"},"content":{"rendered":"<p><strong>Az Orsz\u00e1ggy\u0171l\u00e9s k\u00f6vetkez\u0151 k\u00e9thetes \u00fcl\u00e9s\u00e9nek els\u0151 fel\u00e9ben h\u00e9tf\u0151t\u0151l szerd\u00e1ig \u00fcl\u00e9sezik, a k\u00e9pvisel\u0151k pedig ak\u00e1r m\u00e1r kedden elfogadhatj\u00e1k a korm\u00e1nyp\u00e1rtok azon javaslat\u00e1t, amely seg\u00edts\u00e9get ny\u00fajt a br\u00f3kerbotr\u00e1nyban \u00e9rintett t\u00e1rsas\u00e1gok vezet\u0151inek vagyon\u00e1nak z\u00e1rol\u00e1s\u00e1ban.<\/strong><!--more--><\/p>\n<div class=\"ads-in-post1\"><div id=\"gazdasagportal.hu_fullbanner_wideboard\"><\/div>\r\n<\/div>\n<p>    A parlament \u00fcl\u00e9se h\u00e9tf\u0151n 13 \u00f3rakor, a k\u00f6zelm\u00faltban elhunyt Moln\u00e1r Lajos volt szabaddemokrata orsz\u00e1ggy\u0171l\u00e9si k\u00e9pvisel\u0151re \u00e9s eg\u00e9szs\u00e9g\u00fcgyi miniszterre t\u00f6rt\u00e9n\u0151 eml\u00e9kez\u00e9ssel kezd\u0151dik, majd a napirend el\u0151tti felsz\u00f3lal\u00e1sokat k\u00f6vet\u0151en ez\u00fattal is k\u00e9t\u00f3r\u00e1s interpell\u00e1ci\u00f3s id\u0151szak \u00e9s az egy \u00f3r\u00e1n \u00e1t elhangz\u00f3 azonnali k\u00e9rd\u00e9sek j\u00f6nnek.<br \/>\n    A h\u00e1zeln\u00f6k javaslata alapj\u00e1n a k\u00e9pvisel\u0151knek a napirend elfogad\u00e1sakor arr\u00f3l is d\u00f6nteni\u00fck kell, hogy a megszokottn\u00e1l gyorsabban t\u00e1rgyaljanak \u00e9s szavazzanak-e a korm\u00e1nyp\u00e1rtok br\u00f3kerbotr\u00e1nyok \u00e1ldozatainak k\u00e1rt\u00e9r\u00edt\u00e9s\u00e9r\u0151l sz\u00f3l\u00f3 javaslat\u00e1r\u00f3l.<br \/>\n    Amennyiben a jelenl\u00e9v\u0151 k\u00e9pvisel\u0151k n\u00e9gy\u00f6t\u00f6de t\u00e1mogatja a h\u00e1zirendt\u0151l t\u00f6rt\u00e9n\u0151 elt\u00e9r\u00e9st, akkor az Orsz\u00e1ggy\u0171l\u00e9s m\u00e1r h\u00e9tf\u0151n megvitathatja, kedden pedig ak\u00e1r el is fogadhatja a Fdiesz-KDNP el\u0151terjeszt\u00e9s\u00e9t, amelynek c\u00e9lja, hogy a br\u00f3kerbotr\u00e1nyban \u00e9rintett v\u00e1llalatok c\u00e9gcsoportjai, valamint m\u00e1sok mellett a v\u00e1llalatok vezet\u0151i, fel\u00fcgyel\u0151bizotts\u00e1gi tagjai \u00e9s egyes k\u00f6nyvvizsg\u00e1l\u00f3i vagyonukkal is felel\u0151ss\u00e9get v\u00e1llaljanak az okozott k\u00e1rok\u00e9rt.<br \/>\n    Szint\u00e9n a kedd reggel 9 \u00f3rakor kezd\u0151d\u0151 hat\u00e1rozathozatali id\u0151szakban ker\u00fclhet ism\u00e9t a H\u00e1z el\u00e9 az \u00c1der J\u00e1nos k\u00f6zt\u00e1rsas\u00e1gi eln\u00f6k \u00e1ltal megfontol\u00e1sra visszak\u00fcld\u00f6tt egyes jog\u00e1ll\u00e1si t\u00f6rv\u00e9nyek m\u00f3dos\u00edt\u00e1sa. Az Orsz\u00e1ggy\u0171l\u00e9s t\u00f6rv\u00e9nyalkot\u00e1si bizotts\u00e1ga azt javasolja, hogy a kor\u00e1bban egyszer m\u00e1r elfogadott javaslat m\u00e9gse szigor\u00edtsa a Magyar Korm\u00e1nytisztvisel\u0151i Kar (MKK) tiszts\u00e9gvisel\u0151ire \u00e9s \u00fcgyint\u00e9z\u0151ire, valamint az \u00e9rdekk\u00e9pviseleti szervek tiszts\u00e9gvisel\u0151ire vonatkoz\u00f3 \u00f6sszef\u00e9rhetetlens\u00e9gi szab\u00e1lyokat.<br \/>\n    A fentieken k\u00edv\u00fcl szavaz\u00e1s v\u00e1rhat\u00f3 m\u00e9g tov\u00e1bbi t\u00edz javaslatr\u00f3l, k\u00f6zt\u00fck a f\u00f6ldg\u00e1zell\u00e1t\u00e1st \u00e9s a term\u00e9kd\u00edjat \u00e9rint\u0151, az elm\u00falt hetekben t\u00e1rgyalt m\u00f3dos\u00edt\u00e1sokr\u00f3l.<br \/>\n    A hat\u00e1rozathozatalokat k\u00f6vet\u0151en kedden arr\u00f3l is vita kezd\u0151dhet, hogy a magyar honv\u00e9ds\u00e9g r\u00e9szt vegyen-e az Iszl\u00e1m \u00c1llam elnevez\u00e9s\u0171 terrorszervezet elleni nemzetk\u00f6zi fell\u00e9p\u00e9sben, de a k\u00e9pvisel\u0151k t\u00f6bb m\u00e1s javaslat mellett t\u00e1rgyalj\u00e1k azt a korm\u00e1nyp\u00e1rti javaslatot is, amely a vil\u00e1g\u00f6r\u00f6ks\u00e9gi helyeken m\u0171k\u00f6d\u0151 \u00e1ruh\u00e1zakra is kiterjeszten\u00e9 a vas\u00e1rnapi z\u00e1rvatart\u00e1si k\u00f6telezetts\u00e9get.<br \/>\n    A szerd\u00e1n ter\u00edt\u00e9kre ker\u00fcl\u0151 \u00f6t el\u0151terjeszt\u00e9s k\u00f6z\u00f6tt szerepel a Gazdas\u00e1gi Versenyhivatal (GVH) 2013-as m\u0171k\u00f6d\u00e9s\u00e9r\u0151l sz\u00f3l\u00f3 besz\u00e1mol\u00f3, valamint a ki\u00e9gett \u00fczemanyag \u00e9s a radioakt\u00edv hullad\u00e9k kezel\u00e9s\u00e9nek nemzeti politik\u00e1j\u00e1r\u00f3l sz\u00f3l\u00f3 hat\u00e1rozati javaslat vit\u00e1ja is.<br \/>\n    Az Orsz\u00e1ggy\u0171l\u00e9s m\u00e1rciust\u00f3l alkalmazott \u00faj munkarendje alapj\u00e1n a m\u00e1sodik h\u00e9ten ez\u00fattal is csak egyetlen \u00fcl\u00e9snapot tartanak, ami a h\u00fasv\u00e9ti \u00fcnnep miatt ez\u00fattal keddre cs\u00faszik. A k\u00e9pvisel\u0151k ekkor k\u00e9rd\u00e9seket \u00e9s azonnali k\u00e9rd\u00e9seket tehetnek fel a korm\u00e1nynak.(MTI)<\/p>\n","protected":false},"excerpt":{"rendered":"<p>Az Orsz\u00e1ggy\u0171l\u00e9s k\u00f6vetkez\u0151 k\u00e9thetes \u00fcl\u00e9s\u00e9nek els\u0151 fel\u00e9ben h\u00e9tf\u0151t\u0151l szerd\u00e1ig \u00fcl\u00e9sezik, a k\u00e9pvisel\u0151k pedig ak\u00e1r m\u00e1r kedden elfogadhatj\u00e1k a korm\u00e1nyp\u00e1rtok azon javaslat\u00e1t, amely seg\u00edts\u00e9get ny\u00fajt a br\u00f3kerbotr\u00e1nyban \u00e9rintett t\u00e1rsas\u00e1gok vezet\u0151inek vagyon\u00e1nak z\u00e1rol\u00e1s\u00e1ban.<\/p>\n","protected":false},"author":1,"featured_media":0,"comment_status":"open","ping_status":"closed","sticky":false,"template":"","format":"standard","meta":[],"categories":[19],"tags":[],"_links":{"self":[{"href":"https:\/\/gazdasagportal.hu\/index.php\/wp-json\/wp\/v2\/posts\/58598"}],"collection":[{"href":"https:\/\/gazdasagportal.hu\/index.php\/wp-json\/wp\/v2\/posts"}],"about":[{"href":"https:\/\/gazdasagportal.hu\/index.php\/wp-json\/wp\/v2\/types\/post"}],"author":[{"embeddable":true,"href":"https:\/\/gazdasagportal.hu\/index.php\/wp-json\/wp\/v2\/users\/1"}],"replies":[{"embeddable":true,"href":"https:\/\/gazdasagportal.hu\/index.php\/wp-json\/wp\/v2\/comments?post=58598"}],"version-history":[{"count":1,"href":"https:\/\/gazdasagportal.hu\/index.php\/wp-json\/wp\/v2\/posts\/58598\/revisions"}],"predecessor-version":[{"id":58599,"href":"https:\/\/gazdasagportal.hu\/index.php\/wp-json\/wp\/v2\/posts\/58598\/revisions\/58599"}],"wp:attachment":[{"href":"https:\/\/gazdasagportal.hu\/index.php\/wp-json\/wp\/v2\/media?parent=58598"}],"wp:term":[{"taxonomy":"category","embeddable":true,"href":"https:\/\/gazdasagportal.hu\/index.php\/wp-json\/wp\/v2\/categories?post=58598"},{"taxonomy":"post_tag","embeddable":true,"href":"https:\/\/gazdasagportal.hu\/index.php\/wp-json\/wp\/v2\/tags?post=58598"}],"curies":[{"name":"wp","href":"https:\/\/api.w.org\/{rel}","templated":true}]}}