{"id":58575,"date":"2015-03-29T03:12:24","date_gmt":"2015-03-29T02:12:24","guid":{"rendered":"http:\/\/stockportal.hu\/?p=58575"},"modified":"2015-03-28T21:33:06","modified_gmt":"2015-03-28T20:33:06","slug":"a-jobbik-az-egyetlen-kormanyvalto-alternativa","status":"publish","type":"post","link":"https:\/\/gazdasagportal.hu\/index.php\/a-jobbik-az-egyetlen-kormanyvalto-alternativa\/","title":{"rendered":"A Jobbik az egyetlen korm\u00e1nyv\u00e1lt\u00f3 alternat\u00edva"},"content":{"rendered":"<p><strong>A Jobbik aleln\u00f6ke szerint ma az egyetlen korm\u00e1nyv\u00e1lt\u00f3 alternat\u00edva egy olyan &#8222;m\u00e9rs\u00e9kelt, higgadt, de nemzeti radik\u00e1lis er\u0151&#8221; lehet, mint a Jobbik.<\/strong><!--more--><\/p>\n<div class=\"ads-in-post1\"><div id=\"gazdasagportal.hu_fullbanner_wideboard\"><\/div>\r\n<\/div>\n<p>    Z. K\u00e1rp\u00e1t D\u00e1niel szombat este a p\u00e1rt ajka-bakonygyepesi lakoss\u00e1gi f\u00f3rum\u00e1n elmondta: a Jobbik programja szakmai ism\u00e9rvek ment\u00e9n \u00e9p\u00fcl fel \u00e9s f\u0151 c\u00e9lja, hogy rendbe tegye az eg\u00e9szs\u00e9g\u00fcgyet \u00e9s a szoci\u00e1lis rendszert.<br \/>\n    Sz\u00f3lt arr\u00f3l, hogy a p\u00e1rt orsz\u00e1gos al\u00e1\u00edr\u00e1sgy\u0171jt\u0151 akci\u00f3ja keret\u00e9ben n\u00e9gy k\u00e9rd\u00e9sben k\u00e9rik ki a lakoss\u00e1g v\u00e9lem\u00e9ny\u00e9t. \u00c1ll\u00e1spontjukat k\u00e9rik arr\u00f3l, t\u00e1mogatj\u00e1k-e, hogy &#8222;a f\u00e9rfiemberek is elmehessenek 40 \u00e9v munka ut\u00e1n nyugd\u00edjba&#8221;, legyen-e ingyenes alapszint\u0171 internet-szolg\u00e1ltat\u00e1s, meg\u0151rizze-e semlegess\u00e9g\u00e9t Magyarorsz\u00e1g, ha az ukrajnai h\u00e1bor\u00fa kisz\u00e9lesedik \u00e9s &#8222;van-e sz\u00fcks\u00e9g arra, hogy gazdas\u00e1gi bev\u00e1ndorl\u00f3k lepj\u00e9k el az orsz\u00e1got&#8221;.<br \/>\n    Hozz\u00e1tette: Rig Lajos szem\u00e9ly\u00e9ben olyan k\u00e9pvisel\u0151t szeretn\u00e9nek az Orsz\u00e1ggy\u0171l\u00e9sbe juttatni, aki az emberek biztons\u00e1g\u00e9rzet\u00e9t egyik legjobban \u00e9rint\u0151 k\u00e9rd\u00e9sben, az eg\u00e9szs\u00e9g\u00fcgy ter\u00fclet\u00e9n megold\u00e1sokat tud hozni, &#8222;melyek r\u00e9v\u00e9n mindannyiunk \u00e9lete meghosszabbodhat, csal\u00e1djaink biztons\u00e1ga v\u00e9gre l\u00e9trej\u00f6het&#8221;.<br \/>\n    Rig Lajos, a Jobbik k\u00e9pvisel\u0151jel\u00f6ltje a t\u00e9rs\u00e9g legnagyobb probl\u00e9m\u00e1j\u00e1nak az eg\u00e9szs\u00e9g\u00fcgy helyzet\u00e9t jel\u00f6lte meg. V\u00e9lem\u00e9nye szerint az eg\u00e9szs\u00e9g\u00fcgyi rendszert azok tudj\u00e1k j\u00f3l m\u0171k\u00f6dtetni, akik helyben benne dolgoznak, mert az ig\u00e9nyek mindenhol k\u00fcl\u00f6nb\u00f6znek.<br \/>\n    Kit\u00e9rt r\u00e1: az orsz\u00e1gos \u00e1talak\u00edt\u00e1sok sor\u00e1n a tapolcai k\u00f3rh\u00e1zban megsz\u0171nt a seb\u00e9szet \u00e9s a belgy\u00f3gy\u00e1szat, most ezen oszt\u00e1lyok betegei is az ajkai k\u00f3rh\u00e1zat terhelik. Pedig &#8211; mint mondta &#8211; komoly lakoss\u00e1gi \u00e9rdek mutatkozott Tapolc\u00e1n az akt\u00edv oszt\u00e1lyok ir\u00e1nt.<br \/>\n    R\u00e1mutatott, hogy az elv\u00e1ndorl\u00e1s is s\u00falyos probl\u00e9m\u00e1t jelent a r\u00e9gi\u00f3ban. Tapolca t\u00e9rs\u00e9ge 2001 \u00e9s 2011 k\u00f6z\u00f6tt e tekintetben orsz\u00e1gosan is az \u00e9lmez\u0151nyben volt, r\u00e1ad\u00e1sul a megy\u00e9ben erre a k\u00f6rny\u00e9kre \u00e9rkezett a legkevesebb fejleszt\u00e9si forr\u00e1s. Eml\u00e9keztetett: Tapolca t\u00e9rs\u00e9g\u00e9be egy f\u0151re vet\u00edtve 230 ezer forint, Ajka k\u00f6rny\u00e9k\u00e9re 540 ezer, ezzel szemben Balatonf\u00fcredre 1,1 milli\u00f3 forint jutott a fejleszt\u00e9si p\u00e9nzekb\u0151l.<br \/>\n    A rendezv\u00e9nyen Ferenczi G\u00e1bor, Devecser jobbikos polg\u00e1rmestere \u00fagy v\u00e9lekedett: ahhoz, hogy a fiatalok itthon maradjanak, az Orsz\u00e1ggy\u0171l\u00e9sben is olyan politikusokra van sz\u00fcks\u00e9g, akik az\u00e9rt k\u00fczdenek, hogy versenyk\u00e9pes b\u00e9rt keressenek az emberek. Megfogalmaz\u00e1sa szerint am\u00edg nem lesz haz\u00e1nkban is h\u00e1romsz\u00e1zezer forint k\u00f6r\u00fcl az \u00e1tlagkereset, nem mondhat\u00f3, hogy versenyk\u00e9pesek a b\u00e9rek.<br \/>\n    Veszpr\u00e9m megye 3-as sz\u00e1m\u00fa orsz\u00e1ggy\u0171l\u00e9si egy\u00e9ni v\u00e1laszt\u00f3ker\u00fclet\u00e9ben az\u00e9rt kell id\u0151k\u00f6zi v\u00e1laszt\u00e1st tartani, mert a t\u00e9rs\u00e9g tavaly \u00e1prilisban megv\u00e1lasztott fideszes orsz\u00e1ggy\u0171l\u00e9si k\u00e9pvisel\u0151je, Lasztovicza Jen\u0151 janu\u00e1rban elhunyt. A v\u00e1laszt\u00e1st \u00e1prilis 12-\u00e9n tartj\u00e1k.(MTI)<\/p>\n","protected":false},"excerpt":{"rendered":"<p>A Jobbik aleln\u00f6ke szerint ma az egyetlen korm\u00e1nyv\u00e1lt\u00f3 alternat\u00edva egy olyan &#8222;m\u00e9rs\u00e9kelt, higgadt, de nemzeti radik\u00e1lis er\u0151&#8221; lehet, mint a Jobbik.<\/p>\n","protected":false},"author":1,"featured_media":0,"comment_status":"open","ping_status":"closed","sticky":false,"template":"","format":"standard","meta":[],"categories":[4,18],"tags":[],"_links":{"self":[{"href":"https:\/\/gazdasagportal.hu\/index.php\/wp-json\/wp\/v2\/posts\/58575"}],"collection":[{"href":"https:\/\/gazdasagportal.hu\/index.php\/wp-json\/wp\/v2\/posts"}],"about":[{"href":"https:\/\/gazdasagportal.hu\/index.php\/wp-json\/wp\/v2\/types\/post"}],"author":[{"embeddable":true,"href":"https:\/\/gazdasagportal.hu\/index.php\/wp-json\/wp\/v2\/users\/1"}],"replies":[{"embeddable":true,"href":"https:\/\/gazdasagportal.hu\/index.php\/wp-json\/wp\/v2\/comments?post=58575"}],"version-history":[{"count":1,"href":"https:\/\/gazdasagportal.hu\/index.php\/wp-json\/wp\/v2\/posts\/58575\/revisions"}],"predecessor-version":[{"id":58576,"href":"https:\/\/gazdasagportal.hu\/index.php\/wp-json\/wp\/v2\/posts\/58575\/revisions\/58576"}],"wp:attachment":[{"href":"https:\/\/gazdasagportal.hu\/index.php\/wp-json\/wp\/v2\/media?parent=58575"}],"wp:term":[{"taxonomy":"category","embeddable":true,"href":"https:\/\/gazdasagportal.hu\/index.php\/wp-json\/wp\/v2\/categories?post=58575"},{"taxonomy":"post_tag","embeddable":true,"href":"https:\/\/gazdasagportal.hu\/index.php\/wp-json\/wp\/v2\/tags?post=58575"}],"curies":[{"name":"wp","href":"https:\/\/api.w.org\/{rel}","templated":true}]}}