{"id":58145,"date":"2015-03-23T11:15:35","date_gmt":"2015-03-23T10:15:35","guid":{"rendered":"http:\/\/stockportal.hu\/?p=58145"},"modified":"2015-03-23T12:01:06","modified_gmt":"2015-03-23T11:01:06","slug":"vasarnapi-pihenonap-nyilvanossagra-hozta-az-ngm-a-2011-es-kozvelemeny-kutatast","status":"publish","type":"post","link":"https:\/\/gazdasagportal.hu\/index.php\/vasarnapi-pihenonap-nyilvanossagra-hozta-az-ngm-a-2011-es-kozvelemeny-kutatast\/","title":{"rendered":"Vas\u00e1rnapi pihen\u0151nap &#8211; Nyilv\u00e1noss\u00e1gra hozta az NGM a 2011-es k\u00f6zv\u00e9lem\u00e9ny-kutat\u00e1st"},"content":{"rendered":"<p><strong>Nyilv\u00e1noss\u00e1gra hozta a Nemzetgazdas\u00e1gi Miniszt\u00e9rium (NGM) a kormany.hu oldalon a vas\u00e1rnapi z\u00e1rva tart\u00e1sr\u00f3l  2011-ben megrendelt  k\u00f6zv\u00e9lem\u00e9ny-kutat\u00e1st. A t\u00e1rca h\u00e9tf\u0151i k\u00f6zlem\u00e9ny\u00e9ben hangs\u00falyozza, hogy ez nem a vas\u00e1rnapi pihen\u0151nap lehets\u00e9ges k\u00f6vetkezm\u00e9nyeir\u0151l sz\u00f3l\u00f3 hat\u00e1stanulm\u00e1ny.<\/strong><!--more--><\/p>\n<div class=\"ads-in-post1\"><div id=\"gazdasagportal.hu_fullbanner_wideboard\"><\/div>\r\n<\/div>\n<p>    Az NGM k\u00f6zlem\u00e9nye szerint a 2011-es k\u00fcls\u0151 beszerz\u00e9sek k\u00f6z\u00fcl csak az M.S. Concord Tan\u00e1csad\u00f3 \u00e9s Szolg\u00e1ltat\u00f3 Bt-t\u0151l megrendelt k\u00f6zv\u00e9lem\u00e9ny-kutat\u00e1s foglalkozik a vas\u00e1rnapi pihen\u0151nappal. A c\u00e9g 2011 \u00e1prilis\u00e1ban k\u00e9sz\u00edtett felm\u00e9r\u00e9st a vas\u00e1rnapi nyitva tart\u00e1s lakoss\u00e1gi meg\u00edt\u00e9l\u00e9s\u00e9r\u0151l a miniszt\u00e9rium megrendel\u00e9s\u00e9re, ebben 800 embert k\u00e9rdeztek meg v\u00e1s\u00e1rl\u00e1si szok\u00e1saikr\u00f3l.<br \/>\n    A t\u00e1rca hangs\u00falyozta: a kormany.hu weboldalra is feltett dokumentum &#8211; a N\u00e9pszabads\u00e1gban megjelent h\u00edrekkel ellent\u00e9tben &#8211; nem a vas\u00e1rnapi pihen\u0151nap lehets\u00e9ges k\u00f6vetkezm\u00e9nyeir\u0151l sz\u00f3l\u00f3 hat\u00e1stanulm\u00e1ny. A miniszt\u00e9riumnak tov\u00e1bbra sincs tudom\u00e1sa arr\u00f3l, hogy ebben a t\u00e9m\u00e1ban elemz\u00e9s sz\u00fcletett volna a miniszt\u00e9rium megb\u00edz\u00e1s\u00e1b\u00f3l &#8211; k\u00f6z\u00f6lt\u00e9k.<br \/>\n    A kormany.hu oldalon megtal\u00e1lhat\u00f3 2011-es felm\u00e9r\u00e9s \u00f6sszefoglal\u00f3ja szerint a lakoss\u00e1g enyhe t\u00f6bbs\u00e9ge, 54 sz\u00e1zal\u00e9ka ellenezte az \u00fczletek vas\u00e1rnapi bez\u00e1r\u00e1s\u00e1t.<br \/>\n    A dokumentum szerint az orsz\u00e1gos \u00e1tlagot tekintve a nagybev\u00e1s\u00e1rl\u00e1sok 18,5 sz\u00e1zal\u00e9ka t\u00f6rt\u00e9nik vas\u00e1rnap. Tudatos vas\u00e1rnapi v\u00e1s\u00e1rl\u00e1sr\u00f3l a megk\u00e9rdezettek 37,8 sz\u00e1zal\u00e9ka sz\u00e1molt be.<br \/>\n    A vas\u00e1rnapi v\u00e1s\u00e1rl\u00e1s d\u00f6nt\u0151 r\u00e9sze a multinacion\u00e1lis c\u00e9gekn\u00e9l zajlott, a v\u00e1laszad\u00f3k 69 sz\u00e1zal\u00e9ka ezt jel\u00f6lte meg.<br \/>\n    A megk\u00e9rdezettek csaknem 60 sz\u00e1zal\u00e9ka v\u00e1laszolta azt, hogy a vas\u00e1rnapi v\u00e1s\u00e1rl\u00e1st meg tudn\u00e1 oldani m\u00e1shol vagy m\u00e1s napokon.<br \/>\n    A v\u00e1laszad\u00f3k 75 sz\u00e1zal\u00e9ka szerint a vas\u00e1rnapi v\u00e1s\u00e1rl\u00e1st nem k\u00f6tik \u00f6ssze m\u00e1s, egy\u00e9b sz\u00f3rakoz\u00e1ssal vagy kikapcsol\u00f3d\u00e1ssal.<br \/>\n    A dokumentum szerint a szeg\u00e9nys\u00e9gi k\u00fcsz\u00f6b felett a vas\u00e1rnapi z\u00e1rva tart\u00e1st elutas\u00edt\u00f3k ar\u00e1nya 74,9 sz\u00e1zal\u00e9k, ami azt mutatja, hogy a viszonylag jobb helyzetben l\u00e9v\u0151k ragaszkodnak a vas\u00e1rnapi nyitva tart\u00e1shoz.(MTI)<\/p>\n","protected":false},"excerpt":{"rendered":"<p>Nyilv\u00e1noss\u00e1gra hozta a Nemzetgazdas\u00e1gi Miniszt\u00e9rium (NGM) a kormany.hu oldalon a vas\u00e1rnapi z\u00e1rva tart\u00e1sr\u00f3l 2011-ben megrendelt k\u00f6zv\u00e9lem\u00e9ny-kutat\u00e1st. A t\u00e1rca h\u00e9tf\u0151i k\u00f6zlem\u00e9ny\u00e9ben hangs\u00falyozza, hogy ez nem a vas\u00e1rnapi pihen\u0151nap lehets\u00e9ges k\u00f6vetkezm\u00e9nyeir\u0151l sz\u00f3l\u00f3 hat\u00e1stanulm\u00e1ny.<\/p>\n","protected":false},"author":1,"featured_media":0,"comment_status":"open","ping_status":"closed","sticky":false,"template":"","format":"standard","meta":[],"categories":[19],"tags":[309],"_links":{"self":[{"href":"https:\/\/gazdasagportal.hu\/index.php\/wp-json\/wp\/v2\/posts\/58145"}],"collection":[{"href":"https:\/\/gazdasagportal.hu\/index.php\/wp-json\/wp\/v2\/posts"}],"about":[{"href":"https:\/\/gazdasagportal.hu\/index.php\/wp-json\/wp\/v2\/types\/post"}],"author":[{"embeddable":true,"href":"https:\/\/gazdasagportal.hu\/index.php\/wp-json\/wp\/v2\/users\/1"}],"replies":[{"embeddable":true,"href":"https:\/\/gazdasagportal.hu\/index.php\/wp-json\/wp\/v2\/comments?post=58145"}],"version-history":[{"count":2,"href":"https:\/\/gazdasagportal.hu\/index.php\/wp-json\/wp\/v2\/posts\/58145\/revisions"}],"predecessor-version":[{"id":58149,"href":"https:\/\/gazdasagportal.hu\/index.php\/wp-json\/wp\/v2\/posts\/58145\/revisions\/58149"}],"wp:attachment":[{"href":"https:\/\/gazdasagportal.hu\/index.php\/wp-json\/wp\/v2\/media?parent=58145"}],"wp:term":[{"taxonomy":"category","embeddable":true,"href":"https:\/\/gazdasagportal.hu\/index.php\/wp-json\/wp\/v2\/categories?post=58145"},{"taxonomy":"post_tag","embeddable":true,"href":"https:\/\/gazdasagportal.hu\/index.php\/wp-json\/wp\/v2\/tags?post=58145"}],"curies":[{"name":"wp","href":"https:\/\/api.w.org\/{rel}","templated":true}]}}