{"id":57947,"date":"2015-03-19T12:33:37","date_gmt":"2015-03-19T11:33:37","guid":{"rendered":"http:\/\/stockportal.hu\/?p=57947"},"modified":"2015-03-19T12:33:37","modified_gmt":"2015-03-19T11:33:37","slug":"technikai-elemzes-forex-tozsde-deviza-arany-olaj-2015-03-19","status":"publish","type":"post","link":"https:\/\/gazdasagportal.hu\/index.php\/technikai-elemzes-forex-tozsde-deviza-arany-olaj-2015-03-19\/","title":{"rendered":"Technikai elemz\u00e9s: Forex, t\u0151zsde, deviza, arany, olaj \u2013 2015.03.19"},"content":{"rendered":"<p><strong>Az alacsonyabb \u201eminimum foglalkoztat\u00e1s\u201d \u00e9s infl\u00e1ci\u00f3 lass\u00fabb \u00fctem\u0171 kamatl\u00e1bemel\u00e9shez vezet, ami jelent\u0151s USD profit-kiv\u00e9telt eredm\u00e9nyez Az FOMC \u00e9rtekezlet el\u00e9gg\u00e9 a v\u00e1rakoz\u00e1soknak megfelel\u0151en alakult, de a piaci reakci\u00f3 a v\u00e1rtn\u00e1l hevesebb lett. Az EUR\/USD p\u00e1r tartom\u00e1nya 4,38% volt, amely 2000. szeptember (4,89%) \u00f3ta a legnagyobb volt, amikor az EKB beavatkozott a piacra az eur\u00f3 t\u00e1mogat\u00e1s\u00e1ra (akkor 0,90 alatt volt). Ezenk\u00edv\u00fcl a piaci \u201ek\u00fczdelmek\u201d jelent\u0151sen elh\u00faz\u00f3dtak, nem csup\u00e1n a szok\u00e1sos \u00f6tperces viharra ker\u00fclt sor a lecsendesed\u00e9s el\u0151tt.<\/strong><!--more--><\/p>\n<div class=\"ads-in-post1\"><div id=\"gazdasagportal.hu_fullbanner_wideboard\"><\/div>\r\n<\/div>\n<div class=\"the-big-picture\">\n<p><b>Az alacsonyabb \u201eminimum foglalkoztat\u00e1s\u201d \u00e9s infl\u00e1ci\u00f3 lass\u00fabb \u00fctem\u0171 kamatl\u00e1bemel\u00e9shez vezet, ami jelent\u0151s USD profit-kiv\u00e9telt eredm\u00e9nyez<\/b> Az FOMC \u00e9rtekezlet el\u00e9gg\u00e9 a v\u00e1rakoz\u00e1soknak megfelel\u0151en alakult, de a piaci reakci\u00f3 a v\u00e1rtn\u00e1l hevesebb lett. Az EUR\/USD p\u00e1r tartom\u00e1nya 4,38% volt, amely 2000. szeptember (4,89%) \u00f3ta a legnagyobb volt, amikor az EKB beavatkozott a piacra az eur\u00f3 t\u00e1mogat\u00e1s\u00e1ra (akkor 0,90 alatt volt). Ezenk\u00edv\u00fcl a piaci \u201ek\u00fczdelmek\u201d jelent\u0151sen elh\u00faz\u00f3dtak, nem csup\u00e1n a szok\u00e1sos \u00f6tperces viharra ker\u00fclt sor a lecsendesed\u00e9s el\u0151tt.<\/p>\n<p>A v\u00e1rakoz\u00e1soknak megfelel\u0151en a nyilatkozatb\u00f3l kihagyt\u00e1k a \u201et\u00fcrelmes\u201d sz\u00f3t, \u00e9s a k\u00f6vetkez\u0151vel helyettes\u00edtett\u00e9k: Az el\u0151z\u0151 nyilatkozattal konzisztens m\u00f3don a Bizotts\u00e1g meg\u00edt\u00e9l\u00e9se szerint a Fed Alapok kamatl\u00e1b\u00e1nak c\u00e9lkit\u0171z\u00e9s szerinti tartom\u00e1ny\u00e1nak emel\u00e9se val\u00f3sz\u00edn\u0171tlen az \u00e1prilisi FOMC \u00e9rtekezleten. A Bizotts\u00e1g v\u00e1rakoz\u00e1sai szerint a Fed Alapok kamatl\u00e1b\u00e1nak c\u00e9lkit\u0171z\u00e9s szerinti tartom\u00e1ny\u00e1nak emel\u00e9se akkor megfelel\u0151, amikor tov\u00e1bbi javul\u00e1s \u00e1ll be a munkaer\u0151-piacon, \u00e9s \u00e9sszer\u0171en magabiztosak abban, hogy az infl\u00e1ci\u00f3 vissza fog t\u00e9rni a 2 sz\u00e1zal\u00e9kos c\u00e9lkit\u0171z\u00e9shez k\u00f6z\u00e9pt\u00e1von. Az el\u0151remutat\u00f3 \u00fatmutat\u00e1s ilyen jelleg\u0171 v\u00e1ltoz\u00e1sa nem jelzi azt, hogy a Bizotts\u00e1g d\u00f6nt\u00e9st hozott a c\u00e9lkit\u0171z\u00e9s szerinti tartom\u00e1ny els\u0151 emel\u00e9s\u00e9nek id\u0151pontj\u00e1r\u00f3l.<\/p>\n<p>M\u00e1s sz\u00f3val az FOMC kihagyta az el\u0151remutat\u00f3 \u00fatmutat\u00e1st, amely a d\u00e1tumt\u00f3l f\u00fcgg, \u00e9s helyettes\u00edtette azt egy, az adatokt\u00f3l f\u00fcgg\u0151 ir\u00e1nymutat\u00e1ssal. Ugyanakkor jelent\u0151sen cs\u00f6kkentett\u00e9k a gazdas\u00e1gi el\u0151rejelz\u00e9seket, bele\u00e9rtve azt a legfontosabb \u201epontozott ter\u00fcletet\u201d, amely az FOMC tagoknak a Fed Alapok kamatl\u00e1baival kapcsolatos becsl\u00e9s\u00e9re vonatkozik. A 2015-\u00f6s Fed Alapokkal kapcsolatos medi\u00e1n becsl\u00e9s 50 b\u00e1zisponttal, 0,625%-ra cs\u00f6kkent; a 2016-os 63 b\u00e1zisponttal 1,875%-ra, a 2017-es pedig 50 b\u00e1zisponttal, 3,125%-ra cs\u00f6kkent. M\u00e1s sz\u00f3val k\u00e9t emel\u00e9st kivettek, jelent\u0151sen cs\u00f6kkentve a normaliz\u00e1l\u00e1s becs\u00fclt \u00fctem\u00e9t. Ezenk\u00edv\u00fcl a pontok a kor\u00e1bbin\u00e1l sokkal k\u00f6zelebb csoportosulnak egym\u00e1shoz, ami az eddigin\u00e9l nagyobb egyet\u00e9rt\u00e9st jelez az FOMC tagjai k\u00f6z\u00f6tt a politik\u00e1t illet\u0151en.<\/p><div id=\"gazda-1025075576\" class=\"gazda-tartalomban gazda-entity-placement\"><script async src=\"https:\/\/pagead2.googlesyndication.com\/pagead\/js\/adsbygoogle.js\"><\/script>\r\n<ins class=\"adsbygoogle\"\r\n     style=\"display:block\"\r\n     data-ad-format=\"fluid\"\r\n     data-ad-layout-key=\"-6t+ed+2i-1n-4w\"\r\n     data-ad-client=\"ca-pub-1959107119989764\"\r\n     data-ad-slot=\"4008251320\"><\/ins>\r\n<script>\r\n     (adsbygoogle = window.adsbygoogle || []).push({});\r\n<\/script><\/div>\n<p><a href=\"http:\/\/shared.ironfx.co.uk\/Morning_Pictures_2015\/March2015\/19March2015\/Graph1.JPG\" target=\"_blank\" rel=\"noopener\"><img decoding=\"async\" src=\"http:\/\/shared.ironfx.co.uk\/Morning_Pictures_2015\/March2015\/19March2015\/Graph1.JPG\" alt=\"\" \/><\/a><\/p>\n<p>A m\u00e1sik jelent\u0151s v\u00e1ltoz\u00e1s a hosszabb t\u00e1v\u00fa munkan\u00e9lk\u00fclis\u00e9gi r\u00e1ta becsl\u00e9s\u00e9nek 5,0%-5,2%-ra val\u00f3 cs\u00f6kkent\u00e9se volt (el\u0151z\u0151: 5,2%-5,5%). Ez val\u00f3j\u00e1ban a mand\u00e1tumukban szerepl\u0151 \u201emaxim\u00e1lis foglalkoztat\u00e1s\u201d becsl\u00e9s\u00e9nek cs\u00f6kkent\u00e9se. Ennek cs\u00f6kkent\u00e9s\u00e9vel val\u00f3j\u00e1ban azt fejezt\u00e9k ki, hogy a kor\u00e1bban elk\u00e9pzeltn\u00e9l tov\u00e1bb halaszthatj\u00e1k a kamatl\u00e1bemel\u00e9st, mivel hosszabb ideig tart a \u201emaxim\u00e1lis foglalkoztat\u00e1s\u201d el\u00e9r\u00e9se. Ez az idei infl\u00e1ci\u00f3val kapcsolatos becsl\u00e9s\u00fckkel kar\u00f6ltve sokkal kisebb nyom\u00e1st jelent a kamatl\u00e1bemel\u00e9sre. A Fed eln\u00f6ke, Yellen \u00edgy nyilatkozott: \u201eAz, hogy kihagytuk a \u201et\u00fcrelmes\u201d jelz\u0151t, m\u00e9g nem jelenti azt, hogy t\u00fcrelmetlenek lesz\u00fcnk\u201d. Legal\u00e1bb a szeptemberi \u00e9rtekezletig v\u00e1rhat\u00f3an nem fogj\u00e1k emelni a kamatl\u00e1bakat.<\/p>\n<p>Az egyetlen m\u00e1sik jelent\u0151s v\u00e1ltoz\u00e1s a nyilatkozatban az volt, hogy \u201eaz export n\u00f6veked\u00e9se kedvez\u0151tlenebb lett\u201d. Ez volt az egyetlen c\u00e9lz\u00e1s a doll\u00e1rra, ami arra utal, hogy a Fed m\u00e9g nem k\u00fcl\u00f6n\u00f6sebben agg\u00f3dik miatta.<\/p>\n<p>Ez megv\u00e1ltoztatja a doll\u00e1rral kapcsolatos n\u00e9zetemet? Egy\u00e1ltal\u00e1n nem! Mivel hatalmas nett\u00f3 v\u00e9teli USD\/deviza elad\u00e1si poz\u00edci\u00f3k halmoz\u00f3dtak fel a piacon (amint azt kedden a Commitment of Traders jelent\u00e9ssel kapcsolatban felv\u00e1zoltam), nem meglep\u0151, hogy amikor a Fed kitolja a megszor\u00edt\u00e1s \u00fctem\u00e9vel kapcsolatos becsl\u00e9s\u00e9t, bizonyos m\u00e9rt\u00e9k\u0171 profit-kiv\u00e9telre ker\u00fcl sor. De a fundament\u00e1lis t\u00e9nyez\u0151k azonosak maradnak: a Fed s\u00ednen van a politikai megszor\u00edt\u00e1s fel\u00e9, mik\u00f6zben a vil\u00e1g t\u00f6bbi r\u00e9sze tov\u00e1bbra is enyh\u00edt (pl. Sv\u00e9dorsz\u00e1g tegnap). Mik\u00f6zben lassult a megszor\u00edt\u00e1s \u00fcteme, a v\u00e9gs\u0151 pont (az FOMC becsl\u00e9se a \u201ehosszabb t\u00e1v\u00fa\u201d Fed Alapok kamatl\u00e1b\u00e1val kapcsolatban) t\u00f6bb\u00e9-kev\u00e9sb\u00e9 v\u00e1ltozatlan volt. Ezenk\u00edv\u00fcl, mivel az USA-beli hozamoknak az eur\u00f3 kamatl\u00e1bak feletti k\u00fcl\u00f6nbs\u00e9ge tov\u00e1bbra is eg\u00e9szs\u00e9ges, a t\u0151ke tov\u00e1bbra is az eur\u00f3\u00f6vezetb\u0151l az USA-ba \u00e1ramlik. Az USD szerintem v\u00e1rhat\u00f3an tov\u00e1bbra is er\u0151s\u00f6dik, csup\u00e1n nem abban a rendk\u00edv\u00fcli \u00fctemben, amelyet a k\u00f6zelm\u00faltban tapasztalhattunk.<\/p>\n<p>Az SNB val\u00f3sz\u00edn\u0171leg \u00f3vatosan d\u00f6nt A Sv\u00e1jci Nemzeti Bank (SNB) ma \u00fcl\u00e9sezik. Val\u00f3sz\u00edn\u0171leg \u00f3vatosan fognak d\u00f6nteni, hogy ne mondjanak olyat, ami er\u0151s\u00edtheti a sv\u00e1jci frankot. A CHF id\u00e9n az \u00f6sszes G10 devizap\u00e1rj\u00e1val szemben er\u0151s\u00f6d\u00f6tt; az al\u00f3l kiv\u00e9tel a sz\u00e1rnyal\u00f3 doll\u00e1r. Ugyanakkor az orsz\u00e1g -0,8%-os defl\u00e1ci\u00f3s r\u00e1t\u00e1ja a legalacsonyabb szint\u0171 a G10-ek k\u00f6z\u00fcl, valamint n\u00e9h\u00e1ny v\u00e1ls\u00e1gos helyzetben l\u00e9v\u0151 orsz\u00e1ghoz, pl. Spanyolorsz\u00e1ghoz (-1,2%) \u00e9s G\u00f6r\u00f6gorsz\u00e1ghoz (-1,8%) k\u00e9pest. N\u00e9h\u00e1nyan azzal \u00e9rveln\u00e9nek, hogy a sv\u00e1jci \u00e1rak egy\u00e1ltal\u00e1n nem egyeznek a vil\u00e1g t\u00f6bbi r\u00e9sz\u00e9vel (Genfben a Big Mac 11,70 CHF ), a defl\u00e1ci\u00f3 abszol\u00fat korrekt politika az orsz\u00e1gnak, de ezzel neh\u00e9z \u00e9rvelni egy k\u00f6zponti banknak. A CHF kamatl\u00e1ba m\u00e1r \u00edgy is jelent\u0151sen negat\u00edv: A 3 havi CHF LIBOR -0,81%, amely az SNB -1,25% \u00e9s -0,25% k\u00f6z\u00f6tti c\u00e9lkit\u0171z\u00e9s szerinti tartom\u00e1ny\u00e1nak k\u00f6zep\u00e9n van; a CHF LIBOR futures el\u0151rejelz\u00e9se szerint a kamatl\u00e1bak ezen a szinten fognak maradni az \u00e9v h\u00e1tral\u00e9v\u0151 r\u00e9sz\u00e9ben, \u00e9s csak lassan, 2018. m\u00e1rciusig t\u00e9rnek vissza a tartom\u00e1ny alj\u00e1ra. A CHF als\u00f3 k\u00fcsz\u00f6b\u00e9rt\u00e9k elt\u00f6rl\u00e9s\u00e9nek janu\u00e1ri traum\u00e1ja ut\u00e1n mindent megtesznek az\u00e9rt, hogy ne kavarj\u00e1k fel a piacokat, mik\u00f6zben pr\u00f3b\u00e1lnak minden olyat elker\u00fclni, mi a m\u00e1r am\u00fagy is t\u00fal\u00e9rt\u00e9kelt sv\u00e1jci frankot er\u0151s\u00edten\u00e9. Ezenk\u00edv\u00fcl val\u00f3sz\u00edn\u0171leg cs\u00f6kkentik a n\u00f6veked\u00e9ssel \u00e9s az infl\u00e1ci\u00f3val kapcsolatos el\u0151rejelz\u00e9s\u00fcket, \u00e9s eml\u00edt\u00e9st tesznek a kamatl\u00e1baknak a negat\u00edv tartom\u00e1nyban val\u00f3 tov\u00e1bbi cs\u00f6kkent\u00e9s\u00e9r\u0151l (sz\u00fcks\u00e9g eset\u00e9n), de v\u00e1rhat\u00f3an meger\u0151s\u00edtik a LIBOR c\u00e9lkit\u0171z\u00e9st a jelenlegi tartom\u00e1nyban, valamint a bet\u00e9ti kamatl\u00e1bat -0,75%-on. A tov\u00e1bbi k\u00f6nny\u00edt\u00e9si int\u00e9zked\u00e9sek hi\u00e1ny\u00e1ban a CHF kiss\u00e9, tov\u00e1bb er\u0151s\u00f6dhet.<\/p>\n<p><a href=\"http:\/\/shared.ironfx.co.uk\/Morning_Pictures_2015\/March2015\/19March2015\/Picture.png\" target=\"_blank\" rel=\"noopener\"><img decoding=\"async\" src=\"http:\/\/shared.ironfx.co.uk\/Morning_Pictures_2015\/March2015\/19March2015\/Picture.png\" alt=\"\" \/><\/a><\/p>\n<p>A Norges Bank val\u00f3sz\u00edn\u0171leg cs\u00f6kkent A Norges Bank szerintem (\u00e9s a Bloomber \u00e1ltal megk\u00e9rdezett 19 gazdas\u00e1gi szakemberb\u0151l 18 szerint) val\u00f3sz\u00edn\u0171leg cs\u00f6kkenti a kamatl\u00e1bakat. Ez val\u00f3sz\u00edn\u0171 volt m\u00e1r akkor, miel\u0151tt Sv\u00e9dorsz\u00e1g v\u00e1ratlanul cs\u00f6kkentette a kamatl\u00e1bakat tegnap, de ezen int\u00e9zked\u00e9s ut\u00e1n m\u00e1r majdnem biztosan bek\u00f6vetkezik \u2013 olyan biztos, mint az EUR\/CHF k\u00fcsz\u00f6b (ezt viccnek sz\u00e1ntam). Ezenk\u00edv\u00fcl a sv\u00e9d int\u00e9zked\u00e9s tal\u00e1n meggy\u0151zi a norv\u00e9gokat arr\u00f3l, hogy nagyobb m\u00e9rt\u00e9kben cs\u00f6kkentsenek, mint a v\u00e1rt 25 b\u00e1zispont. Az orsz\u00e1gnak meg kell el\u0151znie a NOK tov\u00e1bbi fel\u00e9rt\u00e9kel\u0151d\u00e9s\u00e9t, mivel az az olaj\u00e1rak cs\u00f6kken\u00e9s\u00e9nek \u00e9s az olajipar azt k\u00eds\u00e9r\u0151 lassul\u00e1s\u00e1nak hat\u00e1saival vetekszik. Amikor decemberben cs\u00f6kkentette a kamatl\u00e1bakat, a Norges Bank elmondta, hogy a NOK gyeng\u00edt\u00e9se \u201eseg\u00edt az alacsonyabb olaj\u00e1raknak a norv\u00e9g gazdas\u00e1gra gyakorolt hat\u00e1s\u00e1nak kiv\u00e9d\u00e9s\u00e9ben\u201d, ez\u00e9rt egy\u00e9rtelm\u0171en sz\u00edv\u00e9lyes fogadtat\u00e1sra tal\u00e1l. A NOK\/SEK p\u00e1r messze alacsonyabb szinten van, mint arra a k\u00e9t orsz\u00e1g politik\u00e1ja k\u00f6z\u00f6tti elt\u00e9r\u00e9s utal. Ez arra utal, hogy vagy a norv\u00e9g koron\u00e1nak kell jelent\u0151sen er\u0151s\u00f6dnie a sv\u00e9d koron\u00e1val szemben \u2013 ami rendk\u00edv\u00fcl val\u00f3sz\u00edn\u0171tlen \u2013, vagy a norv\u00e9g kamatl\u00e1bak cs\u00f6kkenhetnek jelent\u0151sen. A devizapiac reakci\u00f3ja lehet a NOK elad\u00e1sa, ha a Norges Bank meger\u0151s\u00edti az enyh\u00edt\u00e9s-p\u00e1rti n\u00e9zetet.<\/p>\n<p><a href=\"http:\/\/shared.ironfx.co.uk\/Morning_Pictures_2015\/March2015\/19March2015\/Graph2.JPG\" target=\"_blank\" rel=\"noopener\"><img decoding=\"async\" src=\"http:\/\/shared.ironfx.co.uk\/Morning_Pictures_2015\/March2015\/19March2015\/Graph2.JPG\" alt=\"\" \/><\/a><\/p>\n<p>Mai esem\u00e9nyek: A k\u00e9t k\u00f6zponti bank \u00e9rtekezlet\u00e9n k\u00edv\u00fcl az EKB allok\u00e1lja a harmadik c\u00e9lzott hosszabb t\u00e1v\u00fa refinansz\u00edroz\u00e1si m\u0171veletet (TLTRO). Az els\u0151 k\u00e9t allok\u00e1ci\u00f3 csal\u00f3d\u00e1st kelt\u0151 volt. A bankon csup\u00e1n kb. 200 milli\u00e1rd eur\u00f3t vettek fel (az EKB eln\u00f6ke, Mario Draghi 400 milli\u00e1rd eur\u00f3ra c\u00e9lzott). Ez egy m\u00e1sik oka volt annak, hogy a Bank janu\u00e1rban bevezette a mennyis\u00e9gi k\u00f6nny\u00edt\u00e9si programot, mivel egy\u00e9rtelm\u0171v\u00e9 v\u00e1lt, hogy a rendszerbe fecskendezett t\u0151ke alulmaradt a hivatalos v\u00e1rakoz\u00e1sokon. Az EKB k\u00f6tv\u00e9nyv\u00e1s\u00e1rl\u00e1si c\u00e9lkit\u0171z\u00e9seivel kapcsolatos neh\u00e9zs\u00e9gei arra utalnak, hogy a bankoknak nincs sz\u00fcks\u00e9g\u00fck t\u00f6bb k\u00e9szp\u00e9nzre, ez\u00e9rt v\u00e1rhat\u00f3an ez az TLTRO sem lesz k\u00fcl\u00f6n\u00f6sen sikeres.<\/p>\n<p>Az USA-ban az \u00fajonnan regisztr\u00e1lt munkan\u00e9lk\u00fcliek \u00e1llom\u00e1nya (a m\u00e1rcius 14-\u00e9n befejez\u0151d\u00f6tt h\u00e9tre vonatkoz\u00f3an) v\u00e1rhat\u00f3an kiss\u00e9 emelkedett, de az \u00e1ltal\u00e1nos trend konzisztens maradt a javul\u00f3 munkaer\u0151-piaccal. A m\u00e1rciusi philadelphiai Fed \u00fczleti tev\u00e9kenys\u00e9gindex el\u0151rejelz\u00e9s szerint kiss\u00e9 emelkedett, mik\u00f6zben a Konferenciatan\u00e1cs febru\u00e1ri vezet\u0151i indexe v\u00e1rhat\u00f3an v\u00e1ltozatlan maradt az el\u0151z\u0151 h\u00f3naphoz k\u00e9pest.<\/p>\n<p><a href=\"http:\/\/shared.ironfx.co.uk\/Morning_Pictures_2015\/March2015\/19March2015\/Graph3.JPG\" target=\"_blank\" rel=\"noopener\"><img decoding=\"async\" src=\"http:\/\/shared.ironfx.co.uk\/Morning_Pictures_2015\/March2015\/19March2015\/Graph3.JPG\" alt=\"\" \/><\/a><\/p>\n<p>Ma besz\u00e9det tartanak: A Norges Bank korm\u00e1nyz\u00f3ja, Oeystein Olsen sajt\u00f3konferenci\u00e1t tart a kamatl\u00e1bbal kapcsolatos d\u00f6nt\u00e9st k\u00f6vet\u0151en; a Riksbank helyettes korm\u00e1nyz\u00f3ja, Cecilia Skingsley \u00e9s a Fed korm\u00e1nyz\u00f3ja Daniel Tarullo is felsz\u00f3lalnak.<\/p>\n<\/div>\n<div class=\"slidingDiv1\">\n<div class=\"the-market\">\n<h3>A Piac<\/h3>\n<p><a id=\"technical\"><\/a><\/p>\n<div class=\"grid_16 the-market\">\n<h4>Az EUR\/USD p\u00e1r jelent\u0151sen emelkedett az FOMC d\u00f6nt\u00e9se ut\u00e1n<\/h4>\n<p><a href=\"http:\/\/shared.ironfx.co.uk\/Morning_Pictures_2015\/March2015\/19March2015\/EURUSD_19Mar2015.PNG\" target=\"_blank\" rel=\"noopener\"><img decoding=\"async\" src=\"http:\/\/shared.ironfx.co.uk\/Morning_Pictures_2015\/March2015\/19March2015\/EURUSD_19Mar2015.PNG\" alt=\"\" \/><\/a><\/p>\n<p>Az EUR\/USD p\u00e1r kb. 400 pippel emelkedett, miut\u00e1n a Fed &#8211; a \u201et\u00fcrelmes\u201d sz\u00f3 elhagy\u00e1sa ellen\u00e9re &#8211; cs\u00f6kkentette a kamatl\u00e1bakkal kapcsolatos el\u0151rejelz\u00e9seit, \u00e9s lemin\u0151s\u00edtette a gazdas\u00e1gi n\u00f6veked\u00e9si \u00e9s az infl\u00e1ci\u00f3s kil\u00e1t\u00e1sokat. Az EUR\/USD p\u00e1r felfel\u00e9 \u00e1tt\u00f6rte a r\u00f6vid t\u00e1v\u00fa cs\u00f6kken\u0151 trendvonalat, amely a febru\u00e1r 26-i cs\u00facsr\u00f3l indult, majd ellen\u00e1ll\u00e1sszintre tal\u00e1lt az 1,1045-\u00f6s (R2) szinten, amely k\u00f6zel van a febru\u00e1r 26. \u00e9s m\u00e1rcius 13. k\u00f6z\u00f6tti cs\u00f6kken\u00e9s 61,8%-os visszat\u00e9r\u00e9si szintj\u00e9hez. Ezut\u00e1n a p\u00e1r visszat\u00e9rt, \u00e9s a keresked\u00e9s az 1,0800-as szint alatt zajlott. V\u00e9lem\u00e9nyem szerint &#8211; b\u00e1r leny\u0171g\u00f6z\u0151 rallyra ker\u00fclt sor &#8211; ez messze van att\u00f3l, hogy a trendben be\u00e1llt fordulatot jelezzen. Ez\u00e9rt a tegnapi mozg\u00e1st a hosszabb t\u00e1v\u00fa cs\u00f6kken\u0151 trend korrekci\u00f3s f\u00e1zis\u00e1nak tartan\u00e1m. Szerintem a maximum szintr\u0151l val\u00f3 visszat\u00e9r\u00e9s ma is folytat\u00f3dik, \u00e9s val\u00f3sz\u00edn\u0171leg hamarosan sor ker\u00fcl az 1,0650-es (S1) korl\u00e1t tesztel\u00e9s\u00e9re. Ezen akad\u00e1ly lefel\u00e9 t\u00f6rt\u00e9n\u0151 \u00e1tt\u00f6r\u00e9se ism\u00e9t tesztet v\u00e1lthat ki az 1,0460-as (S2) szinten. A momentum mutat\u00f3sz\u00e1mok is al\u00e1t\u00e1masztj\u00e1k ezt a n\u00e9zetet. Az RSI kil\u00e9pett t\u00falv\u00e1s\u00e1rolt tartom\u00e1ny\u00e1b\u00f3l \u00e9s lefel\u00e9 mutat, mik\u00f6zben az MACD &#8211; b\u00e1r pozit\u00edvv\u00e1 v\u00e1lik &#8211; jelz\u00e9seket ad arra, hogy megkezd\u0151dhet a cs\u00facsra ker\u00fcl\u00e9s.<\/p>\n<p>\u2022 T\u00e1maszszint: 1,0650 (S1), 1,0460 (S2), 1,0360 (S3).<\/p>\n<p>\u2022 Ellen\u00e1ll\u00e1sszint: 1,0910 (R1), 1,1045 (R2), 1,1160 (R3).<\/p>\n<\/div>\n<div class=\"grid_16 the-market\">\n<h4>A GBP\/USD p\u00e1r is rallyzott a Fed n\u00e9zete miatt<\/h4>\n<p><a href=\"http:\/\/shared.ironfx.co.uk\/Morning_Pictures_2015\/March2015\/19March2015\/GBPUSD_19Mar2015.PNG\" target=\"_blank\" rel=\"noopener\"><img decoding=\"async\" src=\"http:\/\/shared.ironfx.co.uk\/Morning_Pictures_2015\/March2015\/19March2015\/GBPUSD_19Mar2015.PNG\" alt=\"\" \/><\/a><\/p>\n<p>A GBP\/USD p\u00e1r jelent\u0151sen emelkedett szerd\u00e1n, miut\u00e1n k\u00f6zz\u00e9tett\u00e9k az FOMC tagjainak \u00e1ll\u00e1spontj\u00e1t, \u00e9s ellen\u00e1ll\u00e1sszintre tal\u00e1lt az 1,5165-\u00f6s szinten, a 200 peri\u00f3dus\u00fa mozg\u00f3\u00e1tlag k\u00f6zel\u00e9ben. Ezen emelked\u00e9s ut\u00e1n a GBP\/USD p\u00e1r nagym\u00e9rt\u00e9kben vesz\u00edtett er\u0151s\u00f6d\u00e9s\u00e9b\u0151l, \u00e9s jelenleg ism\u00e9t az 1,4900-as (R1) szint alatt zajlik a keresked\u00e9s. Itt is \u00fagy v\u00e9lem, hogy a tegnapi mozg\u00e1s csup\u00e1n korrekci\u00f3s mozg\u00e1s volt, valamint az amerikai doll\u00e1r val\u00f3sz\u00edn\u0171leg hamarosan visszanyeri vonzerej\u00e9t. Az 1,4850-es (S1) t\u00e1maszszint egy\u00e9rtelm\u0171, lefel\u00e9 t\u00f6rt\u00e9n\u0151 \u00e1tt\u00f6r\u00e9se val\u00f3sz\u00edn\u0171leg meger\u0151s\u00edti n\u00e9zetemet, \u00e9s nagyobb medve jelleg\u0171 hosszabb\u00edt\u00e1sokra ker\u00fclhet sor, tal\u00e1n a k\u00f6vetkez\u0151, 1,4700-as (S2) t\u00e1maszszint fel\u00e9. A hosszabb t\u00e1v\u00fa trendet tekintve a bika jelleg\u0171 visszafordul\u00e1si jelz\u00e9sek hi\u00e1nya t\u00e1mogatja n\u00e9zetemet, hogy a tegnapi mozg\u00e1st korrekci\u00f3nak tartsam. Az \u00e1ltal\u00e1nos \u00fatvonal szerintem tov\u00e1bbra is cs\u00f6kken\u0151.<\/p>\n<p>\u2022 T\u00e1maszszint: 1,4850 (S1), 1,4700 (S2), 1,4640 (S3).<\/p>\n<p>\u2022 Ellen\u00e1ll\u00e1sszint: 1,4900 (R1), 1,5035 (R2), 1,5140 (R3).<\/p>\n<\/div>\n<div class=\"grid_16 the-market\">\n<h4>Az EUR\/JPY p\u00e1r ellen\u00e1ll\u00e1sszintre tal\u00e1lt a 131,85-\u00f6s szint k\u00f6zel\u00e9ben<\/h4>\n<p><a href=\"http:\/\/shared.ironfx.co.uk\/Morning_Pictures_2015\/March2015\/19March2015\/EURJPY_19Mar2015.PNG\" target=\"_blank\" rel=\"noopener\"><img decoding=\"async\" src=\"http:\/\/shared.ironfx.co.uk\/Morning_Pictures_2015\/March2015\/19March2015\/EURJPY_19Mar2015.PNG\" alt=\"\" \/><\/a><\/p>\n<p>Az EUR\/JPY p\u00e1r szerd\u00e1n jelent\u0151sen emelkedett, de az emelked\u00e9s meg\u00e1llt a 131,85-\u00f6s (R2) ellen\u00e1ll\u00e1sszinti akad\u00e1ly k\u00f6zel\u00e9ben. A p\u00e1r egy id\u0151re bel\u00e9pett az el\u0151z\u0151 cs\u00f6kken\u0151 tartom\u00e1nyba, de visszat\u00e9rt, \u00e9s a keresked\u00e9s ism\u00e9t az als\u00f3 hat\u00e1r alatt zajlott. K\u00f6vetkez\u00e9sk\u00e9ppen a k\u00f6vetkez\u0151 hull\u00e1m v\u00e1rhat\u00f3an negat\u00edv lesz, \u00e9s tesztelheti az 129,00-s (S1) akad\u00e1lyt. Ezen s\u00e1v lefel\u00e9 val\u00f3 \u00e1tt\u00f6r\u00e9se meghosszabb\u00edthatja a medve jelleg\u0171 mozg\u00e1st, tal\u00e1n a 128,00-s (S2) szint fel\u00e9. A napi grafikonon tov\u00e1bbra is hosszabb t\u00e1v\u00fa cs\u00f6kken\u0151 trend l\u00e1that\u00f3. A 126,90-es (S3) szintr\u0151l val\u00f3 helyre\u00e1ll\u00e1st a hosszabb t\u00e1v\u00fa cs\u00f6kken\u0151 \u00fatvonal visszat\u00e9r\u00e9s\u00e9nek tartan\u00e1m. Mindazon\u00e1ltal pozit\u00edv divergencia tal\u00e1lhat\u00f3 a napi mutat\u00f3sz\u00e1mok \u00e9s az \u00e1rfolyam mozg\u00e1sa k\u00f6z\u00f6tt. Emiatt ink\u00e1bb a partvonalra megyek, ami az \u00e1ltal\u00e1nos trendet illeti. V\u00e1rn\u00e9k addig, am\u00edg a momentum \u00e9s az \u00e1rfolyam mozg\u00e1sa rendez\u0151dik.<\/p>\n<p>\u2022 T\u00e1maszszint: 129,00 (S1), 128,00 (S2), 126,90 (S3).<\/p>\n<p>\u2022 Ellen\u00e1ll\u00e1sszint: 130,75 (R1), 131,85 (R2), 133,50 (R3).<\/p>\n<\/div>\n<div class=\"grid_16 the-market\">\n<h4>Az arany emelkedett a Fed enyh\u00edt\u00e9s-p\u00e1rti hangneme miatt<\/h4>\n<p><a href=\"http:\/\/shared.ironfx.co.uk\/Morning_Pictures_2015\/March2015\/19March2015\/XAUDUSD_19Mar2015.PNG\" target=\"_blank\" rel=\"noopener\"><img decoding=\"async\" src=\"http:\/\/shared.ironfx.co.uk\/Morning_Pictures_2015\/March2015\/19March2015\/XAUDUSD_19Mar2015.PNG\" alt=\"\" \/><\/a><\/p>\n<p>Az arany tegnap jelent\u0151sen emelkedett a Fed v\u00e1rtn\u00e1l enyh\u00edt\u00e9s-p\u00e1rtibb hangv\u00e9tele miatt, \u00e9s ellen\u00e1ll\u00e1sszintre tal\u00e1lt az 1175-\u00f6s (R1) akad\u00e1ly k\u00f6zel\u00e9ben. Mindazon\u00e1ltal a nemesf\u00e9m tov\u00e1bbra is a janu\u00e1r 22-i maximum szintt\u0151l ered\u0151 cs\u00f6kken\u0151 trendvonal alatt van, ez\u00e9rt a kil\u00e1t\u00e1s szerintem tov\u00e1bbra is negat\u00edv. Az 1165-\u00f6s (S1) t\u00e1maszszint lefel\u00e9 val\u00f3 \u00e1tt\u00f6r\u00e9se val\u00f3sz\u00edn\u0171leg meger\u0151s\u00edti, hogy a medv\u00e9k visszaker\u00fcltek a sz\u00ednt\u00e9rre, \u00e9s tal\u00e1n ism\u00e9t tesztelni fogj\u00e1k az 1147-es (S2) szintet. A hosszabb t\u00e1v\u00fa trendet tekintve az 1307-es szintr\u0151l val\u00f3 cs\u00f6kken\u00e9s \u00e9rv\u00e9nyben van technikai szempontb\u00f3l, de csak az 1140-es (S3) szint lefel\u00e9 val\u00f3 \u00e1tt\u00f6r\u00e9se jelezn\u00e9 a k\u00f6vetkez\u0151 alacsonyabb minimum szintet a napi grafikonon \u00e9s val\u00f3sz\u00edn\u0171leg a cs\u00f6kken\u0151 \u00fatvonal folytat\u00f3d\u00e1s\u00e1t.<\/p>\n<p>\u2022 T\u00e1maszszint: 1165 (S1), 1147 (S2), 1140 (S3).<\/p>\n<p>\u2022 Ellen\u00e1ll\u00e1sszint: 1175 (R1), 1190 (R2), 1200 (R3).<\/p>\n<\/div>\n<div class=\"grid_16 the-market\">\n<h4>A WTI emelkedett a gyeng\u00e9bb doll\u00e1r hat\u00e1s\u00e1ra<\/h4>\n<p><a href=\"http:\/\/shared.ironfx.co.uk\/Morning_Pictures_2015\/March2015\/19March2015\/CLJ5_19Mar2015.PNG\" target=\"_blank\" rel=\"noopener\"><img decoding=\"async\" src=\"http:\/\/shared.ironfx.co.uk\/Morning_Pictures_2015\/March2015\/19March2015\/CLJ5_19Mar2015.PNG\" alt=\"\" \/><\/a><\/p>\n<p>A WTI szerd\u00e1n is rallyzott, de ellen\u00e1ll\u00e1sszintre tal\u00e1lt valamelyest a 45,00-s (R2) korl\u00e1t felett, \u00e9s a m\u00e1rcius 5-i cs\u00facst\u00f3l ered\u0151 cs\u00f6kken\u0151 trendvonal alatt maradt. Miut\u00e1n ellen\u00e1ll\u00e1sszintre tal\u00e1lt a 45,00-s (R2) szint k\u00f6zel\u00e9ben, a WTI cs\u00f6kkent, \u00e9s az eur\u00f3pai kora d\u00e9lel\u0151tt sor\u00e1n visszat\u00e9rt a 44,00-s (R1) szint al\u00e1. Figyelembe v\u00e9ve, hogy az \u00e1r a kor\u00e1bban eml\u00edtett trendvonal alatt maradt, a jelenlegi cs\u00f6kken\u0151 hull\u00e1m v\u00e1rhat\u00f3an folytat\u00f3dik, \u00e9s teszteli a 43,00-s (S1) szintet. Ezen szint egy\u00e9rtelm\u0171, lefel\u00e9 val\u00f3 \u00e1tt\u00f6r\u00e9se val\u00f3sz\u00edn\u0171leg el\u0151k\u00e9sz\u00edti a terepet a 42,00-s (S2) akad\u00e1ly tesztel\u00e9s\u00e9re, amelyet a 2009. m\u00e1rcius 11-i minimum szint hat\u00e1roz meg. A r\u00f6vid t\u00e1v\u00fa mutat\u00f3sz\u00e1mok fokozz\u00e1k a cs\u00f6kken\u00e9s folytat\u00f3d\u00e1s\u00e1nak val\u00f3sz\u00edn\u0171s\u00e9g\u00e9t. Az RSI kil\u00e9pett a t\u00falv\u00e1s\u00e1rolt tartom\u00e1nyb\u00f3l \u00e9s 50-es szintje fel\u00e9 k\u00f6zeledik, mik\u00f6zben az MACD a cs\u00facsra ker\u00fclt \u00e9s \u00fagy t\u0171nik, hogy k\u00e9szen \u00e1ll ind\u00edt\u00f3 vonala al\u00e1 t\u00e9rni. A napi grafikonon a WTI alacsonyabb maximum szinteket \u00e9s alacsonyabb minimum szinteket \u00e9r el az 50 \u00e9s a 200 napos mozg\u00f3\u00e1tlag alatt. Emiatt a hosszabb t\u00e1v\u00fa cs\u00f6kken\u0151 trend szerintem \u00e9rv\u00e9nyben marad.<\/p>\n<p>\u2022 T\u00e1maszszint: 43,00 (S1), 42,00 (S2), 40,00 (S3).<\/p>\n<p>\u2022 Ellen\u00e1ll\u00e1sszint: 44,00 (R1), 45,00 (R2), 45,70 (R3) .<\/p>\n<\/div>\n<\/div>\n<\/div>\n","protected":false},"excerpt":{"rendered":"<p>Az alacsonyabb \u201eminimum foglalkoztat\u00e1s\u201d \u00e9s infl\u00e1ci\u00f3 lass\u00fabb \u00fctem\u0171 kamatl\u00e1bemel\u00e9shez vezet, ami jelent\u0151s USD profit-kiv\u00e9telt eredm\u00e9nyez Az FOMC \u00e9rtekezlet el\u00e9gg\u00e9 a v\u00e1rakoz\u00e1soknak megfelel\u0151en alakult, de a piaci reakci\u00f3 a v\u00e1rtn\u00e1l hevesebb lett. Az EUR\/USD p\u00e1r tartom\u00e1nya 4,38% volt, amely 2000. szeptember (4,89%) \u00f3ta a legnagyobb volt, amikor az EKB beavatkozott a piacra az eur\u00f3 t\u00e1mogat\u00e1s\u00e1ra (akkor &#8230;<\/p>\n","protected":false},"author":1,"featured_media":39322,"comment_status":"open","ping_status":"closed","sticky":false,"template":"","format":"standard","meta":[],"categories":[146,8,131,153],"tags":[149],"_links":{"self":[{"href":"https:\/\/gazdasagportal.hu\/index.php\/wp-json\/wp\/v2\/posts\/57947"}],"collection":[{"href":"https:\/\/gazdasagportal.hu\/index.php\/wp-json\/wp\/v2\/posts"}],"about":[{"href":"https:\/\/gazdasagportal.hu\/index.php\/wp-json\/wp\/v2\/types\/post"}],"author":[{"embeddable":true,"href":"https:\/\/gazdasagportal.hu\/index.php\/wp-json\/wp\/v2\/users\/1"}],"replies":[{"embeddable":true,"href":"https:\/\/gazdasagportal.hu\/index.php\/wp-json\/wp\/v2\/comments?post=57947"}],"version-history":[{"count":1,"href":"https:\/\/gazdasagportal.hu\/index.php\/wp-json\/wp\/v2\/posts\/57947\/revisions"}],"predecessor-version":[{"id":57948,"href":"https:\/\/gazdasagportal.hu\/index.php\/wp-json\/wp\/v2\/posts\/57947\/revisions\/57948"}],"wp:featuredmedia":[{"embeddable":true,"href":"https:\/\/gazdasagportal.hu\/index.php\/wp-json\/wp\/v2\/media\/39322"}],"wp:attachment":[{"href":"https:\/\/gazdasagportal.hu\/index.php\/wp-json\/wp\/v2\/media?parent=57947"}],"wp:term":[{"taxonomy":"category","embeddable":true,"href":"https:\/\/gazdasagportal.hu\/index.php\/wp-json\/wp\/v2\/categories?post=57947"},{"taxonomy":"post_tag","embeddable":true,"href":"https:\/\/gazdasagportal.hu\/index.php\/wp-json\/wp\/v2\/tags?post=57947"}],"curies":[{"name":"wp","href":"https:\/\/api.w.org\/{rel}","templated":true}]}}