{"id":57870,"date":"2015-03-18T10:11:24","date_gmt":"2015-03-18T09:11:24","guid":{"rendered":"http:\/\/stockportal.hu\/?p=57870"},"modified":"2015-03-18T10:11:24","modified_gmt":"2015-03-18T09:11:24","slug":"a-nav-keszitsen-el-minden-szja-bevallast","status":"publish","type":"post","link":"https:\/\/gazdasagportal.hu\/index.php\/a-nav-keszitsen-el-minden-szja-bevallast\/","title":{"rendered":"A NAV k\u00e9sz\u00edtsen el minden szja-bevall\u00e1st"},"content":{"rendered":"<p><strong>Vizsg\u00e1lj\u00e1k annak lehet\u0151s\u00e9g\u00e9t, hogy a Nemzeti Ad\u00f3- \u00e9s V\u00e1mhivatal (NAV) k\u00e9sz\u00edtse el a szem\u00e9lyi j\u00f6vedelemad\u00f3 bevall\u00e1sokat &#8211; er\u0151s\u00edtette meg Varga Mih\u00e1ly nemzetgazdas\u00e1gi miniszter szerd\u00e1n a Kossuth R\u00e1di\u00f3 180 perc c\u00edm\u0171 m\u0171sor\u00e1ban.<\/strong><!--more--><\/p>\n<div class=\"ads-in-post1\"><div id=\"gazdasagportal.hu_fullbanner_wideboard\"><\/div>\r\n<\/div>\n<p>    A miniszter hangs\u00falyozta: munkaanyagr\u00f3l van sz\u00f3, d\u00f6nt\u00e9sek m\u00e9g nem sz\u00fclettek, de vizsg\u00e1lj\u00e1k annak lehet\u0151s\u00e9g\u00e9t, hogy hossz\u00fa t\u00e1von a lakoss\u00e1gnak ne kelljen ad\u00f3bevall\u00e1st k\u00e9sz\u00edtenie.<br \/>\n    Varga Mih\u00e1ly hozz\u00e1tette: t\u00e1mogatja ezt az elk\u00e9pzel\u00e9st, \u00e9s b\u00edzik benne, hogy a jogszab\u00e1lyi-technikai-informatikai h\u00e1tteret megvizsg\u00e1lva ez lehets\u00e9gess\u00e9 v\u00e1lik.<br \/>\n    Szeretn\u00e9k el\u00e9rni, hogy ha a NAV \u00fagyis rendelkezik minden c\u00e9g pontos adataival, bevall\u00e1saival, akkor csak egy technikai l\u00e9p\u00e9s, hogy \u00f6sszevezetve az ad\u00f3sz\u00e1mokon a k\u00fcl\u00f6nb\u00f6z\u0151 kifizet\u00e9seket, j\u00f6vedelmeket, az ad\u00f3hivatal k\u00e9sz\u00edtse el az ad\u00f3bevall\u00e1sokat &#8211; k\u00f6z\u00f6lte a nemzetgazdas\u00e1gi miniszter. Hozz\u00e1tette: ez a munk\u00e1ltat\u00f3knak is k\u00f6nnyebbs\u00e9get jelentene.<br \/>\n    Kedden a birtok\u00e1ba jutott dokumentumokra hivatkozva az origo.hu \u00edrt arr\u00f3l, hogy k\u00e9t \u00e9v m\u00falva m\u00e1r a Nemzeti- Ad\u00f3 \u00e9s V\u00e1mhivatal k\u00e9sz\u00edtheti el a szem\u00e9lyi j\u00f6vedelemad\u00f3 bevall\u00e1sokat.<br \/>\n    A r\u00e1di\u00f3 interj\u00faban Varga Mih\u00e1ly elmondta azt is, hogy elkezdt\u00e9k a 2016-os k\u00f6lts\u00e9gvet\u00e9s elk\u00e9sz\u00edt\u00e9s\u00e9t. A konvergencia programot be kell ny\u00fajtani Br\u00fcsszelnek, teh\u00e1t \u00fagyis kell tervez\u00e9si munk\u00e1t v\u00e9geznie a miniszt\u00e9riumnak, ehhez k\u00e9pest m\u00e1r minim\u00e1lis plusz munk\u00e1val a k\u00f6vetkez\u0151 \u00e9v k\u00f6lts\u00e9gvet\u00e9se is \u00f6ssze\u00e1ll\u00edthat\u00f3 &#8211; fogalmazott. A miniszter felid\u00e9zte azt is, hogy 2011-2012-ben is el\u0151r\u00e9bb hozt\u00e1k a k\u00f6lts\u00e9gvet\u00e9s elk\u00e9sz\u00edt\u00e9s\u00e9t.<br \/>\n    Varga Mih\u00e1ly hangs\u00falyozta, hogy az \u00f6nkorm\u00e1nyzatok, gazdas\u00e1gi szerepl\u0151k is k\u00f6nnyebben tudj\u00e1k tervezni a k\u00f6vetkez\u0151 \u00e9v\u00fcket, ha tudj\u00e1k, hogy az \u00e1llam mire k\u00e9sz\u00fcl, ha f\u00e9l\u00e9ves felk\u00e9sz\u00fcl\u00e9si id\u0151t kapnak a 2016-os \u00e9v gazdas\u00e1gi k\u00f6rnyezet\u00e9re. Ez\u00e9rt ebben a f\u00e9l \u00e9vben szeretn\u00e9k a k\u00f6lts\u00e9gvet\u00e9si t\u00f6rv\u00e9nyjavaslatot elk\u00e9sz\u00edteni \u00e9s a parlament el\u00e9 terjeszteni &#8211; k\u00f6z\u00f6lte.(MTI)<\/p>\n","protected":false},"excerpt":{"rendered":"<p>Vizsg\u00e1lj\u00e1k annak lehet\u0151s\u00e9g\u00e9t, hogy a Nemzeti Ad\u00f3- \u00e9s V\u00e1mhivatal (NAV) k\u00e9sz\u00edtse el a szem\u00e9lyi j\u00f6vedelemad\u00f3 bevall\u00e1sokat &#8211; er\u0151s\u00edtette meg Varga Mih\u00e1ly nemzetgazdas\u00e1gi miniszter szerd\u00e1n a Kossuth R\u00e1di\u00f3 180 perc c\u00edm\u0171 m\u0171sor\u00e1ban.<\/p>\n","protected":false},"author":1,"featured_media":0,"comment_status":"open","ping_status":"closed","sticky":false,"template":"","format":"standard","meta":[],"categories":[20],"tags":[],"_links":{"self":[{"href":"https:\/\/gazdasagportal.hu\/index.php\/wp-json\/wp\/v2\/posts\/57870"}],"collection":[{"href":"https:\/\/gazdasagportal.hu\/index.php\/wp-json\/wp\/v2\/posts"}],"about":[{"href":"https:\/\/gazdasagportal.hu\/index.php\/wp-json\/wp\/v2\/types\/post"}],"author":[{"embeddable":true,"href":"https:\/\/gazdasagportal.hu\/index.php\/wp-json\/wp\/v2\/users\/1"}],"replies":[{"embeddable":true,"href":"https:\/\/gazdasagportal.hu\/index.php\/wp-json\/wp\/v2\/comments?post=57870"}],"version-history":[{"count":1,"href":"https:\/\/gazdasagportal.hu\/index.php\/wp-json\/wp\/v2\/posts\/57870\/revisions"}],"predecessor-version":[{"id":57871,"href":"https:\/\/gazdasagportal.hu\/index.php\/wp-json\/wp\/v2\/posts\/57870\/revisions\/57871"}],"wp:attachment":[{"href":"https:\/\/gazdasagportal.hu\/index.php\/wp-json\/wp\/v2\/media?parent=57870"}],"wp:term":[{"taxonomy":"category","embeddable":true,"href":"https:\/\/gazdasagportal.hu\/index.php\/wp-json\/wp\/v2\/categories?post=57870"},{"taxonomy":"post_tag","embeddable":true,"href":"https:\/\/gazdasagportal.hu\/index.php\/wp-json\/wp\/v2\/tags?post=57870"}],"curies":[{"name":"wp","href":"https:\/\/api.w.org\/{rel}","templated":true}]}}