{"id":57868,"date":"2015-03-18T09:46:20","date_gmt":"2015-03-18T08:46:20","guid":{"rendered":"http:\/\/stockportal.hu\/?p=57868"},"modified":"2015-03-18T09:46:20","modified_gmt":"2015-03-18T08:46:20","slug":"ukran-valsag-varsoi-amerikai-nagykovet-keszen-allunk-megvedeni-szovetsegeseinket","status":"publish","type":"post","link":"https:\/\/gazdasagportal.hu\/index.php\/ukran-valsag-varsoi-amerikai-nagykovet-keszen-allunk-megvedeni-szovetsegeseinket\/","title":{"rendered":"Ukr\u00e1n v\u00e1ls\u00e1g &#8211; Vars\u00f3i amerikai nagyk\u00f6vet: k\u00e9szen \u00e1llunk megv\u00e9deni sz\u00f6vets\u00e9geseinket"},"content":{"rendered":"<p><strong>Vesz\u00e9lyt jelent az orosz Iszkander rak\u00e9t\u00e1k \u00e1tcsoportos\u00edt\u00e1sa Kalinyingr\u00e1d t\u00e9rs\u00e9g\u00e9be; fontos megmutatni Oroszorsz\u00e1gnak, hogy a NATO-sz\u00f6vets\u00e9gesek k\u00e9szek egym\u00e1s v\u00e9delm\u00e9re k\u00e9lni &#8211; k\u00f6z\u00f6lte Stephen Mull, az Egyes\u00fclt \u00c1llamok vars\u00f3i nagyk\u00f6vete.<\/strong><!--more--><\/p>\n<div class=\"ads-in-post1\"><div id=\"gazdasagportal.hu_fullbanner_wideboard\"><\/div>\r\n<\/div>\n<p>    Mull a Vars\u00f3i Egyetemen kedd este egy tal\u00e1lkoz\u00f3 alkalm\u00e1val mondta ezt, v\u00e1laszolva a di\u00e1kok azzal kapcsolatos k\u00e9rd\u00e9s\u00e9re, amelyek az orosz Iszkander t\u00edpus\u00fa harc\u00e1szati ballisztikus rak\u00e9t\u00e1k kedden bejelentett \u00e1tcsoportos\u00edt\u00e1s\u00e1ra vonatkoznak a Lengyelorsz\u00e1g \u00e9s a Balti-tengeri NATO-tag\u00e1llamok k\u00f6z\u00e9 \u00e9kel\u0151d\u00f6tt orosz Kalinyingr\u00e1di ter\u00fcletre. A tal\u00e1lkoz\u00f3r\u00f3l az TVN24 lengyel h\u00edrtelev\u00edzi\u00f3 k\u00f6z\u00f6lt besz\u00e1mol\u00f3t.<br \/>\n    A nagyk\u00f6vet az orosz \u00e1tcsoportos\u00edt\u00e1st \u201efenyeget\u00e9snek\u201d min\u0151s\u00edtette. \u00dagy \u00e9rt\u00e9kelte, Lengyelorsz\u00e1g \u201eink\u00e1bb defenz\u00edv m\u00f3don\u201d reag\u00e1lt az ukr\u00e1n v\u00e1ls\u00e1gra. R\u00e1mutatott: az eur\u00f3pai c\u00e9lpontokra ir\u00e1ny\u00edtott orosz rak\u00e9t\u00e1k telep\u00edt\u00e9se nem \u00fajdons\u00e1g, a hidegh\u00e1bor\u00fa  idej\u00e9n a Nyugatnak ugyanezzel a kih\u00edv\u00e1ssal kellett szemben\u00e9znie.<br \/>\n    A diplomata hangs\u00falyozta, a NATO-nak most ugyan\u00fagy kell reag\u00e1lnia, mint ezt annak idej\u00e9n tette. \u201eKi kell mondanunk: ha sz\u00fcks\u00e9g lesz r\u00e1, k\u00e9szen \u00e1llunk sz\u00f6vets\u00e9geseink v\u00e9delm\u00e9re kelni. Ez azt jelenti, hogy rak\u00e9t\u00e1kat &#8211; Patriotokat &#8211; telep\u00edt\u00fcnk,\u201d jelentette ki. Mull ezzel arra utalt, hogy m\u00e1rcius v\u00e9g\u00e9n, az Atlantic Resolve fed\u0151nev\u0171 NATO-hadgyakorlat keret\u00e9ben k\u00f6zepes hat\u00f3t\u00e1vols\u00e1g\u00fa amerikai Patriot rak\u00e9tarendszereket csoportos\u00edtanak \u00e1t Lengyelorsz\u00e1gba.<br \/>\n    Mull ugyanakkor hangs\u00falyozta, az ukr\u00e1n v\u00e1ls\u00e1got nem katonai \u00faton kell megoldani, a nyom\u00e1st szankci\u00f3k r\u00e9v\u00e9n kell gyakorolni Oroszorsz\u00e1gra. \u201eBiztos\u00edtom magukat, hogy a probl\u00e9ma nem katonai \u00faton rendez\u0151dik, diplom\u00e1ciai megold\u00e1snak kell sz\u00fcletnie\u201d &#8211; tette hozz\u00e1 az amerikai nagyk\u00f6vet.(MTI)<\/p>\n","protected":false},"excerpt":{"rendered":"<p>Vesz\u00e9lyt jelent az orosz Iszkander rak\u00e9t\u00e1k \u00e1tcsoportos\u00edt\u00e1sa Kalinyingr\u00e1d t\u00e9rs\u00e9g\u00e9be; fontos megmutatni Oroszorsz\u00e1gnak, hogy a NATO-sz\u00f6vets\u00e9gesek k\u00e9szek egym\u00e1s v\u00e9delm\u00e9re k\u00e9lni &#8211; k\u00f6z\u00f6lte Stephen Mull, az Egyes\u00fclt \u00c1llamok vars\u00f3i nagyk\u00f6vete.<\/p>\n","protected":false},"author":1,"featured_media":0,"comment_status":"open","ping_status":"closed","sticky":false,"template":"","format":"standard","meta":[],"categories":[139],"tags":[],"_links":{"self":[{"href":"https:\/\/gazdasagportal.hu\/index.php\/wp-json\/wp\/v2\/posts\/57868"}],"collection":[{"href":"https:\/\/gazdasagportal.hu\/index.php\/wp-json\/wp\/v2\/posts"}],"about":[{"href":"https:\/\/gazdasagportal.hu\/index.php\/wp-json\/wp\/v2\/types\/post"}],"author":[{"embeddable":true,"href":"https:\/\/gazdasagportal.hu\/index.php\/wp-json\/wp\/v2\/users\/1"}],"replies":[{"embeddable":true,"href":"https:\/\/gazdasagportal.hu\/index.php\/wp-json\/wp\/v2\/comments?post=57868"}],"version-history":[{"count":1,"href":"https:\/\/gazdasagportal.hu\/index.php\/wp-json\/wp\/v2\/posts\/57868\/revisions"}],"predecessor-version":[{"id":57869,"href":"https:\/\/gazdasagportal.hu\/index.php\/wp-json\/wp\/v2\/posts\/57868\/revisions\/57869"}],"wp:attachment":[{"href":"https:\/\/gazdasagportal.hu\/index.php\/wp-json\/wp\/v2\/media?parent=57868"}],"wp:term":[{"taxonomy":"category","embeddable":true,"href":"https:\/\/gazdasagportal.hu\/index.php\/wp-json\/wp\/v2\/categories?post=57868"},{"taxonomy":"post_tag","embeddable":true,"href":"https:\/\/gazdasagportal.hu\/index.php\/wp-json\/wp\/v2\/tags?post=57868"}],"curies":[{"name":"wp","href":"https:\/\/api.w.org\/{rel}","templated":true}]}}