{"id":5785,"date":"2013-03-22T19:40:10","date_gmt":"2013-03-22T18:40:10","guid":{"rendered":"http:\/\/stockportal.hu\/?p=5785"},"modified":"2013-03-22T21:01:39","modified_gmt":"2013-03-22T20:01:39","slug":"csokkent-tavaly-az-mkb-bank-adozas-elotti-vesztesege","status":"publish","type":"post","link":"https:\/\/gazdasagportal.hu\/index.php\/csokkent-tavaly-az-mkb-bank-adozas-elotti-vesztesege\/","title":{"rendered":"Cs\u00f6kkent tavaly az MKB Bank ad\u00f3z\u00e1s el\u0151tti vesztes\u00e9ge"},"content":{"rendered":"<p><strong>A k\u00f6lts\u00e9gek \u00e9s az \u00e9rt\u00e9kveszt\u00e9s ut\u00e1n elsz\u00e1molt vesztes\u00e9gek m\u00e9rs\u00e9kl\u0151d\u00e9s\u00e9nek hat\u00e1s\u00e1ra \u00f6t\u00f6d\u00e9vel cs\u00f6kkent tavaly az MKB bankcsoport ad\u00f3z\u00e1s el\u0151tti vesztes\u00e9ge &#8211; k\u00f6z\u00f6lte a bank p\u00e9nteken.<!--more--><\/strong><\/p>\n<p>&nbsp;<\/p>\n<p>A bank ad\u00f3z\u00e1s el\u0151tti vesztes\u00e9ge 81,32 milli\u00e1rd forintot tett ki 2012-ben, kevesebbet az el\u0151z\u0151 \u00e9vi 103,64 milli\u00e1rd forintn\u00e1l. Az MKB Bank megsz\u0171nt tev\u00e9kenys\u00e9gek eredm\u00e9ny\u00e9vel korrig\u00e1lt ad\u00f3z\u00e1s el\u0151tti vesztes\u00e9ge hasonl\u00f3 m\u00e9rt\u00e9kben, 89,17 milli\u00e1rd forintra m\u00e9rs\u00e9kl\u0151d\u00f6tt a 2011. \u00e9vi 109,25 milli\u00e1rd forintr\u00f3l.<br \/>\nA p\u00e9nzint\u00e9zet k\u00f6zl\u00e9se szerint a 2012-es eredm\u00e9nyre negat\u00edv hat\u00e1st gyakorolt a k\u00fclf\u00f6ldi le\u00e1nyv\u00e1llalatok teljes\u00edtm\u00e9nye, tov\u00e1bb\u00e1 nagyban hozz\u00e1j\u00e1rultak a vesztes\u00e9ghez egyes korm\u00e1nyzati int\u00e9zked\u00e9sek, p\u00e9ld\u00e1ul a bankad\u00f3, valamint az MKB-t kiemelten s\u00fajt\u00f3 v\u00e9gt\u00f6rleszt\u00e9s hat\u00e1s\u00e1ra bek\u00f6vetkez\u0151 kamateredm\u00e9ny-kies\u00e9s. A t\u00e1rsas\u00e1g nem k\u00f6z\u00f6lt az ad\u00f3z\u00e1s ut\u00e1ni eredm\u00e9nyre vonatkoz\u00f3 adatokat.<br \/>\nA hitelint\u00e9zet az MTI-hez p\u00e9nteken eljuttatott k\u00f6zlem\u00e9ny\u00e9ben kiemeli: a kor\u00e1bbi \u00e9vekben elszenvedettn\u00e9l kisebb m\u00e9rt\u00e9k\u0171, 89 milli\u00e1rd forintos, a nemzetk\u00f6zi sz\u00e1mviteli standardok (IFRS) szerinti, csoportszint\u0171 \u00e9ves ad\u00f3z\u00e1s el\u0151tti vesztes\u00e9g alapvet\u0151 oka a v\u00e1ls\u00e1g el\u0151tti \u00e9vekben a kellet\u00e9n\u00e9l magasabbra duzzadt projekthitel-portfoli\u00f3. Ez a f\u0151k\u00e9nt kereskedelmi ingatlanok finansz\u00edroz\u00e1s\u00e1hoz kapcsol\u00f3d\u00f3 kitetts\u00e9g &#8211; a kedvez\u0151tlen makrogazdas\u00e1gi k\u00f6rnyezetben &#8211; az elm\u00falt \u00e9vben is sz\u00e1mottev\u0151 c\u00e9ltartal\u00e9k-k\u00e9pz\u00e9sre k\u00e9nyszer\u00edtette a bankot &#8211; olvashat\u00f3 a hitelint\u00e9zet k\u00f6zlem\u00e9ny\u00e9ben.<br \/>\nLesz\u00f6gezik: a 2012-ben a tulajdonossal k\u00f6z\u00f6sen kidolgozott strat\u00e9gia \u00e9rtelm\u00e9ben az MKB Banknak k\u00f6z\u00e9pt\u00e1von kiegyens\u00falyozott j\u00f6vedelemtermel\u0151-k\u00e9pess\u00e9g\u0171, \u00f6nmag\u00e1t finansz\u00edrozni tud\u00f3, piack\u00e9pes bankk\u00e1 kell v\u00e1lnia, ennek kezdeti eredm\u00e9nyei m\u00e1r jelentkeznek.<br \/>\nA k\u00f6zlem\u00e9ny szerint 2012-ben a strat\u00e9gia f\u00f3kusz\u00e1ban \u00e1ll\u00f3 \u00fczlet\u00e1gakb\u00f3l, tev\u00e9kenys\u00e9gekb\u0151l sz\u00e1rmaz\u00f3 bev\u00e9telek a tervek szerint alakultak, \u00edgy a bank teljes\u00edteni tudta a 2012-re vonatkoz\u00f3 bev\u00e9teli c\u00e9lkit\u0171z\u00e9seit.<br \/>\nA banki dokumentum szerint ezzel p\u00e1rhuzamosan &#8211; a 2012 elej\u00e9n elind\u00edtott, k\u00e9t\u00e9ves k\u00f6lts\u00e9gcs\u00f6kkent\u00e9si program r\u00e9v\u00e9n &#8211; a bank\u00fczemi k\u00f6lts\u00e9gek egy \u00e9v alatt t\u00f6bb mint 5 milli\u00e1rd forinttal cs\u00f6kkentek. Tov\u00e1bb javult a bank \u00e9s a bankcsoport \u00f6nfinansz\u00edroz\u00f3 k\u00e9pess\u00e9ge (a hitel\/els\u0151dleges forr\u00e1sok mutat\u00f3 csoportszinten 137-r\u0151l 123 sz\u00e1zal\u00e9kra, m\u00edg a bank eset\u00e9ben a hitel\/bet\u00e9t mutat\u00f3 135-r\u0151l 119 sz\u00e1zal\u00e9kra cs\u00f6kkent), emellett az \u00fcgyf\u00e9lforr\u00e1sok \u00e1tstruktur\u00e1l\u00e1s\u00e1ra tett er\u0151fesz\u00edt\u00e9sek is eredm\u00e9nyesnek bizonyultak.<br \/>\nA bank jelezte, hogy 2013-ban a bev\u00e9teltermel\u0151 k\u00e9pess\u00e9g fokoz\u00e1s\u00e1t tekinti els\u0151dleges strat\u00e9giai c\u00e9lj\u00e1nak.<br \/>\nA k\u00f6zlem\u00e9ny szerint a k\u00f6lts\u00e9ghat\u00e9konys\u00e1g tov\u00e1bbi jav\u00edt\u00e1sa mellett kiemelten fontos a j\u00f6vedelemtermel\u0151 k\u00e9pess\u00e9get vesz\u00e9lyeztet\u0151 \u00fczlet\u00e1gak, tev\u00e9kenys\u00e9gek le\u00e9p\u00edt\u00e9s\u00e9nek folytat\u00e1sa.<br \/>\nEzzel \u00f6sszef\u00fcgg\u00e9sben az MKB tov\u00e1bb vizsg\u00e1lja a k\u00fclf\u00f6ldi \u00e9rdekelts\u00e9geivel kapcsolatos strat\u00e9giai opci\u00f3kat. Emellett\u00a0\u00a0el\u0151rel\u00e9p a kor\u00e1bban elind\u00edtott szerkezet\u00e1talak\u00edt\u00e1si programban, amelynek r\u00e9v\u00e9n m\u00e9g mark\u00e1nsabban elk\u00fcl\u00f6n\u00fclhet az ingatlanprojekt-portf\u00f3li\u00f3 a j\u00f6vedelemtermel\u0151 k\u00e9pess\u00e9get jav\u00edtani tud\u00f3 \u00fczlet\u00e1gakt\u00f3l, tev\u00e9kenys\u00e9gekt\u0151l &#8211; mutat r\u00e1 a k\u00f6zlem\u00e9ny.(MTI)<\/p><div id=\"gazda-2896180292\" class=\"gazda-tartalomban gazda-entity-placement\"><script async src=\"https:\/\/pagead2.googlesyndication.com\/pagead\/js\/adsbygoogle.js\"><\/script>\r\n<ins class=\"adsbygoogle\"\r\n     style=\"display:block\"\r\n     data-ad-format=\"fluid\"\r\n     data-ad-layout-key=\"-6t+ed+2i-1n-4w\"\r\n     data-ad-client=\"ca-pub-1959107119989764\"\r\n     data-ad-slot=\"4008251320\"><\/ins>\r\n<script>\r\n     (adsbygoogle = window.adsbygoogle || []).push({});\r\n<\/script><\/div>\n","protected":false},"excerpt":{"rendered":"<p>A k\u00f6lts\u00e9gek \u00e9s az \u00e9rt\u00e9kveszt\u00e9s ut\u00e1n elsz\u00e1molt vesztes\u00e9gek m\u00e9rs\u00e9kl\u0151d\u00e9s\u00e9nek hat\u00e1s\u00e1ra \u00f6t\u00f6d\u00e9vel cs\u00f6kkent tavaly az MKB bankcsoport ad\u00f3z\u00e1s el\u0151tti vesztes\u00e9ge &#8211; k\u00f6z\u00f6lte a bank p\u00e9nteken.<\/p>\n","protected":false},"author":1,"featured_media":0,"comment_status":"open","ping_status":"closed","sticky":false,"template":"","format":"standard","meta":[],"categories":[7],"tags":[],"_links":{"self":[{"href":"https:\/\/gazdasagportal.hu\/index.php\/wp-json\/wp\/v2\/posts\/5785"}],"collection":[{"href":"https:\/\/gazdasagportal.hu\/index.php\/wp-json\/wp\/v2\/posts"}],"about":[{"href":"https:\/\/gazdasagportal.hu\/index.php\/wp-json\/wp\/v2\/types\/post"}],"author":[{"embeddable":true,"href":"https:\/\/gazdasagportal.hu\/index.php\/wp-json\/wp\/v2\/users\/1"}],"replies":[{"embeddable":true,"href":"https:\/\/gazdasagportal.hu\/index.php\/wp-json\/wp\/v2\/comments?post=5785"}],"version-history":[{"count":3,"href":"https:\/\/gazdasagportal.hu\/index.php\/wp-json\/wp\/v2\/posts\/5785\/revisions"}],"predecessor-version":[{"id":5788,"href":"https:\/\/gazdasagportal.hu\/index.php\/wp-json\/wp\/v2\/posts\/5785\/revisions\/5788"}],"wp:attachment":[{"href":"https:\/\/gazdasagportal.hu\/index.php\/wp-json\/wp\/v2\/media?parent=5785"}],"wp:term":[{"taxonomy":"category","embeddable":true,"href":"https:\/\/gazdasagportal.hu\/index.php\/wp-json\/wp\/v2\/categories?post=5785"},{"taxonomy":"post_tag","embeddable":true,"href":"https:\/\/gazdasagportal.hu\/index.php\/wp-json\/wp\/v2\/tags?post=5785"}],"curies":[{"name":"wp","href":"https:\/\/api.w.org\/{rel}","templated":true}]}}