{"id":57670,"date":"2015-03-13T11:02:36","date_gmt":"2015-03-13T10:02:36","guid":{"rendered":"http:\/\/stockportal.hu\/?p=57670"},"modified":"2015-03-13T11:02:36","modified_gmt":"2015-03-13T10:02:36","slug":"paksi-bovites-lazar-folyamatos-az-egyeztetes-megnyugtato-megoldas-lesz-az-uzemanyag-szallitasrol","status":"publish","type":"post","link":"https:\/\/gazdasagportal.hu\/index.php\/paksi-bovites-lazar-folyamatos-az-egyeztetes-megnyugtato-megoldas-lesz-az-uzemanyag-szallitasrol\/","title":{"rendered":"Paksi b\u0151v\u00edt\u00e9s &#8211; L\u00e1z\u00e1r: folyamatos az egyeztet\u00e9s, megnyugtat\u00f3 megold\u00e1s lesz az \u00fczemanyag-sz\u00e1ll\u00edt\u00e1sr\u00f3l"},"content":{"rendered":"<p><strong>A paksi atomer\u0151m\u0171-b\u0151v\u00edt\u00e9ssel kapcsolatos \u00fczemanyag-sz\u00e1ll\u00edt\u00e1si vit\u00e1ban folyamatos az egyeztet\u00e9s az uni\u00f3 \u00e9s a magyar korm\u00e1ny k\u00f6z\u00f6tt, \u00e9s olyan megnyugtat\u00f3 megold\u00e1s k\u00e9sz\u00fcl, amely garant\u00e1lja Magyarorsz\u00e1gnak a biztons\u00e1gos \u00fczemanyagell\u00e1t\u00e1st, valamint lehet\u0151v\u00e9 teszi majd, hogy &#8222;az oroszok is sz\u00e1ll\u00edtsanak \u00fczemanyagot&#8221; &#8211; err\u0151l a Minisztereln\u00f6ks\u00e9get vezet\u0151 miniszter besz\u00e9lt p\u00e9nteken a Kossuth R\u00e1di\u00f3 180 perc c\u00edm\u0171 m\u0171sor\u00e1ban.<br \/>\n<\/strong><!--more--><\/p>\n<div class=\"ads-in-post1\"><div id=\"gazdasagportal.hu_fullbanner_wideboard\"><\/div>\r\n<\/div>\n    L\u00e1z\u00e1r J\u00e1nost azzal kapcsolatban k\u00e9rdezt\u00e9k, hogy el\u0151z\u0151 este a Financial Times c\u00edm\u0171 brit \u00fczleti lap &#8211; meg nem nevezett forr\u00e1sokra hivatkozva &#8211; arr\u00f3l \u00edrt, le\u00e1ll\u00edtotta az Eur\u00f3pai Uni\u00f3 a paksi atomer\u0151m\u0171 b\u0151v\u00edt\u00e9s\u00e9r\u0151l Oroszorsz\u00e1ggal k\u00f6t\u00f6tt 12 milli\u00e1rd eur\u00f3s meg\u00e1llapod\u00e1s v\u00e9grehajt\u00e1s\u00e1t. Az Euratom \u00fcgyn\u00f6ks\u00e9g, amelynek j\u00f3v\u00e1 kell hagynia minden EU-tag\u00e1llam f\u0171t\u0151anyag-ell\u00e1t\u00e1si meg\u00e1llapod\u00e1s\u00e1t, kor\u00e1bban elutas\u00edtotta, hogy Magyarorsz\u00e1g kiz\u00e1r\u00f3lag Oroszorsz\u00e1gt\u00f3l szerezze be a f\u0171t\u0151elemeket. Ezt Magyarorsz\u00e1g megfellebbezte, de a bizotts\u00e1g az Euratom elutas\u00edt\u00e1sa m\u00f6g\u00e9 \u00e1llt.<br \/>\n    A Minisztereln\u00f6ks\u00e9get vezet\u0151 miniszter a Kossuth R\u00e1di\u00f3ban azt mondta: az EU-nak nem \u00e9rdeke, hogy blokkolja a paksi beruh\u00e1z\u00e1st, Magyarorsz\u00e1gnak &#8211; ahogyan eg\u00e9sz Eur\u00f3p\u00e1nak is &#8211; sz\u00fcks\u00e9ge van az atomenergi\u00e1ra az olcs\u00f3 \u00e1ram miatt \u00e9s a k\u00f6rnyezetszennyez\u00e9s ellen.<br \/>\n    Ezt az Eur\u00f3pai Bizotts\u00e1g is \u00e9rti, ez\u00e9rt j\u00e1rult hozz\u00e1 az orosz-magyar meg\u00e1llapod\u00e1shoz, amelynek ugyanakkor t\u00f6bb r\u00e9sze van, az egyik p\u00e9ld\u00e1ul arr\u00f3l sz\u00f3l, ki \u00e9s hogyan fog \u00fczemanyagot sz\u00e1ll\u00edtani az elk\u00e9sz\u00fcl\u0151 atomer\u0151m\u0171be &#8211; fejtette ki L\u00e1z\u00e1r J\u00e1nos.<br \/>\n    Szavai szerint ut\u00f3bbival kapcsolatban intenz\u00edv t\u00e1rgyal\u00e1sok zajlanak az Eur\u00f3pai Bizotts\u00e1g \u00e9s Magyarorsz\u00e1g k\u00f6z\u00f6tt, van, ami az Euratomnak elfogadhat\u00f3, \u00e9s van, amit vitat. Az \u00fcgyn\u00f6ks\u00e9g p\u00e9ld\u00e1ul szeretn\u00e9 &#8211; folytatta -, ha az er\u0151m\u0171be m\u00e1sok is sz\u00e1ll\u00edthatn\u00e1nak \u00fczemanyagot, \u00e9s hogy biztons\u00e1gos legyen ez a sz\u00e1ll\u00edt\u00e1s.<br \/>\n    A miniszter elmondta: koll\u00e9g\u00e1i a napokban is r\u00e9szletes egyeztet\u00e9st folytattak az Euratommal, \u00e9s nagyon j\u00f3 es\u00e9ly van arra, hogy r\u00f6vid id\u0151n bel\u00fcl minden k\u00e9rd\u00e9s tiszt\u00e1z\u00f3djon. Hozz\u00e1tette, cs\u00fct\u00f6rt\u00f6k\u00f6n \u0151 maga is egyeztetett az orosz t\u00e1rgyal\u00f3deleg\u00e1ci\u00f3val.<br \/>\n    &#8222;Az Eur\u00f3pai Bizotts\u00e1g, Oroszorsz\u00e1g \u00e9s Magyarorsz\u00e1g sz\u00e1m\u00e1ra elfogadhat\u00f3 \u00e9s megnyugtat\u00f3 megold\u00e1s k\u00e9sz\u00fcl&#8221; &#8211; jelentette ki.<br \/>\n    K\u00f6z\u00f6lte: e megold\u00e1s biztos\u00edtani fogja egyr\u00e9szt, hogy biztons\u00e1gos \u00e9s versenyk\u00e9pes legyen Magyarorsz\u00e1gnak az \u00fczemanyagell\u00e1t\u00e1s, m\u00e1sr\u00e9szt lehet\u0151v\u00e9 teszi majd, hogy &#8222;az oroszok is sz\u00e1ll\u00edtsanak \u00fczemanyagot&#8221;.<br \/>\n    Azzal kapcsolatban, hogy az Eur\u00f3pai Bizotts\u00e1g m\u00e9lyrehat\u00f3 vizsg\u00e1latot ind\u00edtott a rekl\u00e1mad\u00f3 \u00fcgy\u00e9ben, L\u00e1z\u00e1r J\u00e1nos meger\u0151s\u00edtette: a korm\u00e1ny a j\u00f6v\u0151 h\u00e9ten t\u00e1rgyalja meg a bizotts\u00e1gi \u00e9szrev\u00e9telt, \u00e9s tesz \u00faj javaslatot a parlamentnek.<br \/>\n    A kabinet k\u00e9sz el\u0151terjeszteni a rekl\u00e1mad\u00f3 cs\u00f6kkent\u00e9s\u00e9t, fontos azonban, hogy &#8222;a magyar tulajdonban l\u00e9v\u0151 kisv\u00e1llalkoz\u00e1sok \u00e9rdekeit meg tudjuk v\u00e9deni&#8221;, ez\u00e9rt harcol a korm\u00e1ny az \u0151 rekl\u00e1mad\u00f3-mentess\u00e9g\u00fck\u00e9rt &#8211; mondta a Minisztereln\u00f6ks\u00e9g vezet\u0151je, jelezve, hogy \u00e9ppen ez az egyik t\u00e1rgya az uni\u00f3s vit\u00e1nak.<br \/>\n    L\u00e1z\u00e1r J\u00e1nos arra sz\u00e1m\u00edt, hogy m\u00e1rcius v\u00e9g\u00e9ig lez\u00e1rulhat a vita.<br \/>\n    T\u00e9ma volt a r\u00e1di\u00f3interj\u00faban az EU-s forr\u00e1sok felhaszn\u00e1l\u00e1sa is, err\u0151l a miniszter egyebek mellett azt mondta: a projektek egy\u00e9b k\u00f6lts\u00e9gei, a &#8222;k\u00f6r\u00edt\u00e9s&#8221; &#8211; p\u00e9ld\u00e1ul a tan\u00e1csad\u00e1s, projekt\u00edr\u00e1s &#8211; a j\u00f6v\u0151ben nem ker\u00fclhet t\u00f6bbe a program 15 sz\u00e1zal\u00e9k\u00e1n\u00e1l, szemben a kor\u00e1bbi 40-50 sz\u00e1zal\u00e9kkal.<br \/>\n    Megism\u00e9telte tov\u00e1bb\u00e1, hogy m\u00e9g az id\u00e9n elk\u00e9sz\u00fcl az \u00faj k\u00f6zbeszerz\u00e9si t\u00f6rv\u00e9ny, amelynek c\u00e9lja, hogy az EU-s \u00e9s a magyarorsz\u00e1gi forr\u00e1sok elk\u00f6lt\u00e9se sokkal \u00e1tl\u00e1that\u00f3bb, elsz\u00e1moltathat\u00f3bb legyen.<br \/>\n(MTI)<\/p>\n","protected":false},"excerpt":{"rendered":"<p>A paksi atomer\u0151m\u0171-b\u0151v\u00edt\u00e9ssel kapcsolatos \u00fczemanyag-sz\u00e1ll\u00edt\u00e1si vit\u00e1ban folyamatos az egyeztet\u00e9s az uni\u00f3 \u00e9s a magyar korm\u00e1ny k\u00f6z\u00f6tt, \u00e9s olyan megnyugtat\u00f3 megold\u00e1s k\u00e9sz\u00fcl, amely garant\u00e1lja Magyarorsz\u00e1gnak a biztons\u00e1gos \u00fczemanyagell\u00e1t\u00e1st, valamint lehet\u0151v\u00e9 teszi majd, hogy &#8222;az oroszok is sz\u00e1ll\u00edtsanak \u00fczemanyagot&#8221; &#8211; err\u0151l a Minisztereln\u00f6ks\u00e9get vezet\u0151 miniszter besz\u00e9lt p\u00e9nteken a Kossuth R\u00e1di\u00f3 180 perc c\u00edm\u0171 m\u0171sor\u00e1ban.<\/p>\n","protected":false},"author":1,"featured_media":0,"comment_status":"open","ping_status":"closed","sticky":false,"template":"","format":"standard","meta":[],"categories":[19],"tags":[],"_links":{"self":[{"href":"https:\/\/gazdasagportal.hu\/index.php\/wp-json\/wp\/v2\/posts\/57670"}],"collection":[{"href":"https:\/\/gazdasagportal.hu\/index.php\/wp-json\/wp\/v2\/posts"}],"about":[{"href":"https:\/\/gazdasagportal.hu\/index.php\/wp-json\/wp\/v2\/types\/post"}],"author":[{"embeddable":true,"href":"https:\/\/gazdasagportal.hu\/index.php\/wp-json\/wp\/v2\/users\/1"}],"replies":[{"embeddable":true,"href":"https:\/\/gazdasagportal.hu\/index.php\/wp-json\/wp\/v2\/comments?post=57670"}],"version-history":[{"count":1,"href":"https:\/\/gazdasagportal.hu\/index.php\/wp-json\/wp\/v2\/posts\/57670\/revisions"}],"predecessor-version":[{"id":57671,"href":"https:\/\/gazdasagportal.hu\/index.php\/wp-json\/wp\/v2\/posts\/57670\/revisions\/57671"}],"wp:attachment":[{"href":"https:\/\/gazdasagportal.hu\/index.php\/wp-json\/wp\/v2\/media?parent=57670"}],"wp:term":[{"taxonomy":"category","embeddable":true,"href":"https:\/\/gazdasagportal.hu\/index.php\/wp-json\/wp\/v2\/categories?post=57670"},{"taxonomy":"post_tag","embeddable":true,"href":"https:\/\/gazdasagportal.hu\/index.php\/wp-json\/wp\/v2\/tags?post=57670"}],"curies":[{"name":"wp","href":"https:\/\/api.w.org\/{rel}","templated":true}]}}