{"id":57666,"date":"2015-03-13T10:23:01","date_gmt":"2015-03-13T09:23:01","guid":{"rendered":"http:\/\/stockportal.hu\/?p=57666"},"modified":"2015-03-13T10:23:01","modified_gmt":"2015-03-13T09:23:01","slug":"a-et-korrupcio-elleni-csoportja-tajekoztatast-ker-magyarorszagtol-ajanlasainak-megvalositasarol","status":"publish","type":"post","link":"https:\/\/gazdasagportal.hu\/index.php\/a-et-korrupcio-elleni-csoportja-tajekoztatast-ker-magyarorszagtol-ajanlasainak-megvalositasarol\/","title":{"rendered":"A ET korrupci\u00f3 elleni csoportja t\u00e1j\u00e9koztat\u00e1st k\u00e9r Magyarorsz\u00e1gt\u00f3l aj\u00e1nl\u00e1sainak megval\u00f3s\u00edt\u00e1s\u00e1r\u00f3l"},"content":{"rendered":"<p><strong>A strasbourgi sz\u00e9khely\u0171 Eur\u00f3pa Tan\u00e1cs (ET) \u00e1ltal l\u00e9trehozott korrupci\u00f3ellenes int\u00e9zm\u00e9ny (\u00c1llamok Csoportja a Korrupci\u00f3 Ellen, GRECO) p\u00e9nteken arra eml\u00e9keztette Magyarorsz\u00e1got, hogy e h\u00f3nap v\u00e9g\u00e9ig v\u00e1laszt v\u00e1r azokra a k\u00e9rd\u00e9seire, amelyek a korrupci\u00f3 elleni fell\u00e9p\u00e9s ter\u00e9n megfogalmazott aj\u00e1nl\u00e1sok megval\u00f3s\u00edt\u00e1s\u00e1ra vonatkoznak &#8211; r\u00e9szben a b\u00fcntetend\u0151 cselekm\u00e9nyek tekintet\u00e9ben, nagyobbr\u00e9szt azonban a p\u00e1rtfinansz\u00edroz\u00e1s \u00e1tl\u00e1that\u00f3s\u00e1g\u00e1val kapcsolatban.<\/strong><!--more--><\/p>\n<div class=\"ads-in-post1\"><div id=\"gazdasagportal.hu_fullbanner_wideboard\"><\/div>\r\n<\/div>\n<p>    A GRECO ismertette Magyarorsz\u00e1gr\u00f3l sz\u00f3l\u00f3, tavaly j\u00faniusban elfogadott jelent\u00e9s\u00e9t, amelyben azt \u00e1llap\u00edtotta meg, hogy a Magyarorsz\u00e1gr\u00f3l sz\u00f3l\u00f3 &#8222;megfelel\u0151s\u00e9gi jelent\u00e9sben&#8221; foglalt tizen\u00f6t aj\u00e1nl\u00e1s k\u00f6z\u00fcl hatot Magyarorsz\u00e1g kiel\u00e9g\u00edt\u0151 m\u00f3don megval\u00f3s\u00edtott, illetve kiel\u00e9g\u00edt\u0151 m\u00f3don kezelt. A fennmarad\u00f3 aj\u00e1nl\u00e1sok k\u00f6z\u00fcl n\u00e9gyet r\u00e9szben, \u00f6t\u00f6t egy\u00e1ltal\u00e1n nem val\u00f3s\u00edtott meg. A jelent\u00e9s sz\u00f6veg\u00e9t az ET br\u00fcsszeli irod\u00e1ja k\u00fcldte meg az MTI-nek.<br \/>\n    A jelent\u00e9s szerint a b\u00fcntetend\u0151 cselekm\u00e9nyek tekintet\u00e9ben n\u00e9gy aj\u00e1nl\u00e1snak kiel\u00e9g\u00edt\u0151 m\u00e9rt\u00e9kben lett foganatja, egy \u00f6t\u00f6diket azonban csak r\u00e9szben val\u00f3s\u00edtottak meg. Ez ut\u00f3bbit illet\u0151en a GRECO s\u00fcrgette a magyar hat\u00f3s\u00e1gokat, hogy mihamarabb z\u00e1rj\u00e1k le a korrupci\u00f3r\u00f3l sz\u00f3l\u00f3 b\u00fcntet\u0151jogi egyezm\u00e9ny kieg\u00e9sz\u00edt\u0151 jegyz\u0151k\u00f6nyv\u00e9nek a ratifik\u00e1l\u00e1s\u00e1t, \u00e9s ezzel tegy\u00e9k teljess\u00e9 a sz\u00f3ban forg\u00f3 aj\u00e1nl\u00e1s megval\u00f3s\u00edt\u00e1s\u00e1t.<br \/>\n    Ami a p\u00e1rtfinansz\u00edroz\u00e1s \u00e1tl\u00e1that\u00f3s\u00e1g\u00e1t illeti, e vonatkoz\u00e1sban a GRECO szerint rosszabb a helyzet: k\u00e9t aj\u00e1nl\u00e1s val\u00f3sult meg kiel\u00e9g\u00edt\u0151 m\u00f3don, h\u00e1rom aj\u00e1nl\u00e1s r\u00e9szlegesen, \u00f6t viszont egy\u00e1ltal\u00e1n nem.<br \/>\n    &#8222;A politikai p\u00e1rtok nyilv\u00e1ntart\u00e1sai tekintet\u00e9ben az \u00e1tl\u00e1that\u00f3s\u00e1g fokoz\u00e1sa \u00e9rdek\u00e9ben meghozott &#8211; a Megfelel\u0151s\u00e9gi jelent\u00e9sben is elismert &#8211; int\u00e9zked\u00e9sek mellett, a f\u00fcgg\u0151ben l\u00e9v\u0151 aj\u00e1nl\u00e1sokat illet\u0151en csup\u00e1n kisebb el\u0151rel\u00e9p\u00e9s tapasztalhat\u00f3. Ez k\u00fcl\u00f6n\u00f6sen elkeser\u00edt\u0151 annak t\u00fckr\u00e9ben, hogy a p\u00e1rtokr\u00f3l sz\u00f3l\u00f3 t\u00f6rv\u00e9ny, valamint a v\u00e1laszt\u00e1si elj\u00e1r\u00e1sr\u00f3l sz\u00f3l\u00f3 t\u00f6rv\u00e9ny n\u00e9h\u00e1ny r\u00e9sze m\u00f3dos\u00edt\u00e1sra ker\u00fclt. Mindazon\u00e1ltal, a GRECO \u00fcdv\u00f6zli az olyan el\u0151rel\u00e9p\u00e9seket, mint a p\u00e1rtbev\u00e9telek forr\u00e1sainak tiszt\u00e1z\u00e1sa, valamint a v\u00e1laszt\u00e1si kamp\u00e1nyid\u0151szakok pontos\u00edt\u00e1sa. Ugyanakkor, tov\u00e1bbi er\u0151fesz\u00edt\u00e9sekre van sz\u00fcks\u00e9g p\u00e9ld\u00e1ul a politikai p\u00e1rtok \u00e1tl\u00e1that\u00f3 elsz\u00e1mol\u00e1s\u00e1nak megteremt\u00e9se, valamint a p\u00e1rtsz\u00e1ml\u00e1k f\u00fcggetlen ellen\u0151rz\u00e9s\u00e9nek \u00e9s hat\u00e9kony fel\u00fcgyelet\u00e9nek biztos\u00edt\u00e1sa \u00e9rdek\u00e9ben&#8221; &#8211; olvashat\u00f3 a jelent\u00e9sben.<br \/>\n    A fentiekre tekintettel a GRECO felk\u00e9rte a magyar felet, hogy a csak r\u00e9szben vagy egy\u00e1ltal\u00e1n nem megval\u00f3s\u00edtott aj\u00e1nl\u00e1sok \u00fcgy\u00e9ben legk\u00e9s\u0151bb 2015. m\u00e1rcius 31-ig adjon tov\u00e1bbi t\u00e1j\u00e9koztat\u00e1st.<br \/>\n    A GRECO-t az Eur\u00f3pa Tan\u00e1cs 1999-ben hozta l\u00e9tre a korrupci\u00f3 elleni el\u0151\u00edr\u00e1sok jobb \u00e9rv\u00e9nyes\u00edt\u00e9se c\u00e9lj\u00e1b\u00f3l. Tags\u00e1ga nem korl\u00e1toz\u00f3dik az ET-tagorsz\u00e1gok k\u00f6r\u00e9re. Jelenleg 49 tag\u00e1llama van, 48 eur\u00f3pai orsz\u00e1g, valamint az Egyes\u00fclt \u00c1llamok.(MTI)<\/p>\n","protected":false},"excerpt":{"rendered":"<p>A strasbourgi sz\u00e9khely\u0171 Eur\u00f3pa Tan\u00e1cs (ET) \u00e1ltal l\u00e9trehozott korrupci\u00f3ellenes int\u00e9zm\u00e9ny (\u00c1llamok Csoportja a Korrupci\u00f3 Ellen, GRECO) p\u00e9nteken arra eml\u00e9keztette Magyarorsz\u00e1got, hogy e h\u00f3nap v\u00e9g\u00e9ig v\u00e1laszt v\u00e1r azokra a k\u00e9rd\u00e9seire, amelyek a korrupci\u00f3 elleni fell\u00e9p\u00e9s ter\u00e9n megfogalmazott aj\u00e1nl\u00e1sok megval\u00f3s\u00edt\u00e1s\u00e1ra vonatkoznak &#8211; r\u00e9szben a b\u00fcntetend\u0151 cselekm\u00e9nyek tekintet\u00e9ben, nagyobbr\u00e9szt azonban a p\u00e1rtfinansz\u00edroz\u00e1s \u00e1tl\u00e1that\u00f3s\u00e1g\u00e1val kapcsolatban.<\/p>\n","protected":false},"author":1,"featured_media":0,"comment_status":"open","ping_status":"closed","sticky":false,"template":"","format":"standard","meta":[],"categories":[19],"tags":[],"_links":{"self":[{"href":"https:\/\/gazdasagportal.hu\/index.php\/wp-json\/wp\/v2\/posts\/57666"}],"collection":[{"href":"https:\/\/gazdasagportal.hu\/index.php\/wp-json\/wp\/v2\/posts"}],"about":[{"href":"https:\/\/gazdasagportal.hu\/index.php\/wp-json\/wp\/v2\/types\/post"}],"author":[{"embeddable":true,"href":"https:\/\/gazdasagportal.hu\/index.php\/wp-json\/wp\/v2\/users\/1"}],"replies":[{"embeddable":true,"href":"https:\/\/gazdasagportal.hu\/index.php\/wp-json\/wp\/v2\/comments?post=57666"}],"version-history":[{"count":1,"href":"https:\/\/gazdasagportal.hu\/index.php\/wp-json\/wp\/v2\/posts\/57666\/revisions"}],"predecessor-version":[{"id":57667,"href":"https:\/\/gazdasagportal.hu\/index.php\/wp-json\/wp\/v2\/posts\/57666\/revisions\/57667"}],"wp:attachment":[{"href":"https:\/\/gazdasagportal.hu\/index.php\/wp-json\/wp\/v2\/media?parent=57666"}],"wp:term":[{"taxonomy":"category","embeddable":true,"href":"https:\/\/gazdasagportal.hu\/index.php\/wp-json\/wp\/v2\/categories?post=57666"},{"taxonomy":"post_tag","embeddable":true,"href":"https:\/\/gazdasagportal.hu\/index.php\/wp-json\/wp\/v2\/tags?post=57666"}],"curies":[{"name":"wp","href":"https:\/\/api.w.org\/{rel}","templated":true}]}}