{"id":57664,"date":"2015-03-13T10:03:41","date_gmt":"2015-03-13T09:03:41","guid":{"rendered":"http:\/\/stockportal.hu\/?p=57664"},"modified":"2015-03-13T10:03:41","modified_gmt":"2015-03-13T09:03:41","slug":"paksi-bovites-kormanyszovivo-heteken-belul-veglegesitik-az-uzemanyag-szerzodest","status":"publish","type":"post","link":"https:\/\/gazdasagportal.hu\/index.php\/paksi-bovites-kormanyszovivo-heteken-belul-veglegesitik-az-uzemanyag-szerzodest\/","title":{"rendered":"Paksi b\u0151v\u00edt\u00e9s &#8211; Korm\u00e1nysz\u00f3viv\u0151: heteken bel\u00fcl v\u00e9gleges\u00edtik az \u00fczemanyag-szerz\u0151d\u00e9st"},"content":{"rendered":"<p><strong>A korm\u00e1ny v\u00e1rakoz\u00e1sai szerint az intenz\u00edv egyeztet\u00e9seket k\u00f6vet\u0151en heteken bel\u00fcl v\u00e9gleges\u00edtik a paksi atomer\u0151m\u0171 b\u0151v\u00edt\u00e9s\u00e9vel kapcsolatos \u00fczemanyag-sz\u00e1ll\u00edt\u00e1sra vonatkoz\u00f3 szerz\u0151d\u00e9st, az Euratom \u00e9szrev\u00e9teleit figyelembe v\u00e9ve &#8211; mondta Kov\u00e1cs Zolt\u00e1n korm\u00e1nysz\u00f3viv\u0151 p\u00e9nteken Budapesten.<\/strong><!--more--><\/p>\n<div class=\"ads-in-post1\"><div id=\"gazdasagportal.hu_fullbanner_wideboard\"><\/div>\r\n<\/div>\n<p>    A korm\u00e1nysz\u00f3viv\u0151 hamisnak \u00e9s teljesen f\u00e9lrevezet\u0151nek nevezte a Financial Times c\u00edm\u0171 brit \u00fczleti lap cs\u00fct\u00f6rt\u00f6ki \u00e9rtes\u00fcl\u00e9s\u00e9t, miszerint le\u00e1ll\u00edtotta az Eur\u00f3pai Uni\u00f3 a paksi er\u0151m\u0171 b\u0151v\u00edt\u00e9s\u00e9r\u0151l Oroszorsz\u00e1ggal k\u00f6t\u00f6tt 12 milli\u00e1rd eur\u00f3s meg\u00e1llapod\u00e1s v\u00e9grehajt\u00e1s\u00e1t.<br \/>\n    Jelezte, hogy az \u00e9rintett dokumentumokkal \u00e9s a folyamatban l\u00e9v\u0151 t\u00e1rgyal\u00e1sokkal kapcsolatos minden tov\u00e1bbi r\u00e9szlet min\u0151s\u00edtett adat, \u00e9s \u00edgy jelenleg nem \u00e1ll m\u00f3djukban tov\u00e1bbi inform\u00e1ci\u00f3val szolg\u00e1lni.<br \/>\n    Kov\u00e1cs Zolt\u00e1n a korm\u00e1ny \u00e1ll\u00e1spontj\u00e1nak felolvas\u00e1s\u00e1val t\u00e1j\u00e9koztatott arr\u00f3l is, hogy a korm\u00e1ny 2014 elej\u00e9n k\u00f6t\u00f6tt korm\u00e1nyk\u00f6zi meg\u00e1llapod\u00e1st a paksi atomer\u0151m\u0171 \u00e1ramtermel\u0151 kapacit\u00e1s\u00e1nak fenntart\u00e1s\u00e1r\u00f3l, ami hozz\u00e1j\u00e1rul Magyarorsz\u00e1g g\u00e1zf\u00fcgg\u0151s\u00e9g\u00e9nek cs\u00f6kkent\u00e9s\u00e9hez is.<br \/>\n    K\u00f6z\u00f6lte: a korm\u00e1nyk\u00f6zi meg\u00e1llapod\u00e1sokat k\u00f6vet\u0151en a magyar meghatalmazott szervezet 2014. december 9-\u00e9n 3 kivitelez\u00e9si meg\u00e1llapod\u00e1st k\u00f6t\u00f6tt az orosz meghatalmazott szervezettel, a Roszatom egyik le\u00e1nyv\u00e1llalat\u00e1val. Az Eur\u00f3pai Bizotts\u00e1g ir\u00e1ny\u00e1ba minden sz\u00fcks\u00e9ges el\u0151zetes \u00e9rtes\u00edt\u00e9s ezekr\u0151l a szerz\u0151d\u00e9sekr\u0151l megt\u00f6rt\u00e9nt azok al\u00e1\u00edr\u00e1sa el\u0151tt &#8211; mondta.<br \/>\n    A szerz\u0151d\u00e9s alapj\u00e1n az Euratom mellett az Euratom ell\u00e1t\u00e1si \u00fcgyn\u00f6ks\u00e9ge is \u00e1ttekintette a nukle\u00e1ris \u00fczemanyag-ell\u00e1t\u00e1sra vonatkoz\u00f3 kivitelez\u00e9si meg\u00e1llapod\u00e1st, amivel kapcsolatban bizonyos v\u00e1ltoztat\u00e1sokat k\u00e9rt &#8211; k\u00f6z\u00f6lte.<br \/>\n    Kov\u00e1cs Zolt\u00e1n hangs\u00falyozta: a folyamatban l\u00e9v\u0151 egyeztet\u00e9sek semmilyen form\u00e1ban nem blokkolj\u00e1k a beruh\u00e1z\u00e1st \u00e9s nincsenek hat\u00e1ssal a beruh\u00e1z\u00e1si meg\u00e1llapod\u00e1sra, ami id\u00e9n janu\u00e1r elsej\u00e9n hat\u00e1lyba l\u00e9pett.(MTI)<\/p>\n","protected":false},"excerpt":{"rendered":"<p>A korm\u00e1ny v\u00e1rakoz\u00e1sai szerint az intenz\u00edv egyeztet\u00e9seket k\u00f6vet\u0151en heteken bel\u00fcl v\u00e9gleges\u00edtik a paksi atomer\u0151m\u0171 b\u0151v\u00edt\u00e9s\u00e9vel kapcsolatos \u00fczemanyag-sz\u00e1ll\u00edt\u00e1sra vonatkoz\u00f3 szerz\u0151d\u00e9st, az Euratom \u00e9szrev\u00e9teleit figyelembe v\u00e9ve &#8211; mondta Kov\u00e1cs Zolt\u00e1n korm\u00e1nysz\u00f3viv\u0151 p\u00e9nteken Budapesten.<\/p>\n","protected":false},"author":1,"featured_media":0,"comment_status":"open","ping_status":"closed","sticky":false,"template":"","format":"standard","meta":[],"categories":[19],"tags":[],"_links":{"self":[{"href":"https:\/\/gazdasagportal.hu\/index.php\/wp-json\/wp\/v2\/posts\/57664"}],"collection":[{"href":"https:\/\/gazdasagportal.hu\/index.php\/wp-json\/wp\/v2\/posts"}],"about":[{"href":"https:\/\/gazdasagportal.hu\/index.php\/wp-json\/wp\/v2\/types\/post"}],"author":[{"embeddable":true,"href":"https:\/\/gazdasagportal.hu\/index.php\/wp-json\/wp\/v2\/users\/1"}],"replies":[{"embeddable":true,"href":"https:\/\/gazdasagportal.hu\/index.php\/wp-json\/wp\/v2\/comments?post=57664"}],"version-history":[{"count":1,"href":"https:\/\/gazdasagportal.hu\/index.php\/wp-json\/wp\/v2\/posts\/57664\/revisions"}],"predecessor-version":[{"id":57665,"href":"https:\/\/gazdasagportal.hu\/index.php\/wp-json\/wp\/v2\/posts\/57664\/revisions\/57665"}],"wp:attachment":[{"href":"https:\/\/gazdasagportal.hu\/index.php\/wp-json\/wp\/v2\/media?parent=57664"}],"wp:term":[{"taxonomy":"category","embeddable":true,"href":"https:\/\/gazdasagportal.hu\/index.php\/wp-json\/wp\/v2\/categories?post=57664"},{"taxonomy":"post_tag","embeddable":true,"href":"https:\/\/gazdasagportal.hu\/index.php\/wp-json\/wp\/v2\/tags?post=57664"}],"curies":[{"name":"wp","href":"https:\/\/api.w.org\/{rel}","templated":true}]}}