{"id":5724,"date":"2013-03-22T08:31:57","date_gmt":"2013-03-22T07:31:57","guid":{"rendered":"http:\/\/stockportal.hu\/?p=5724"},"modified":"2013-03-22T09:04:02","modified_gmt":"2013-03-22T08:04:02","slug":"rezsicsokkentes-orban-ha-kell-erobol-folytatjuk-a-csokkentest","status":"publish","type":"post","link":"https:\/\/gazdasagportal.hu\/index.php\/rezsicsokkentes-orban-ha-kell-erobol-folytatjuk-a-csokkentest\/","title":{"rendered":"Rezsics\u00f6kkent\u00e9s &#8211; Orb\u00e1n: ha kell, er\u0151b\u0151l folytatjuk a cs\u00f6kkent\u00e9st"},"content":{"rendered":"<p><strong>Ha nem alakul ki egy\u00fcttm\u0171k\u00f6d\u00e9s a korm\u00e1ny \u00e9s a k\u00f6zm\u0171szolg\u00e1ltat\u00f3k k\u00f6z\u00f6tt, a kabinet er\u0151b\u0151l folytatja a rezsics\u00f6kkent\u00e9st &#8211; k\u00f6z\u00f6lte Orb\u00e1n Viktor minisztereln\u00f6k p\u00e9nteken a Kossuth R\u00e1di\u00f3 180 perc c\u00edm\u0171 m\u0171sor\u00e1ban.<!--more--><\/strong><\/p>\n<p>Azt mondta, a korm\u00e1ny szeretne egy\u00fcttm\u0171k\u00f6dni a szolg\u00e1ltat\u00f3kkal, ennek alapja azonban a tov\u00e1bbi rezsics\u00f6kkent\u00e9s, amelyet a minisztereln\u00f6k eg\u00e9sz Magyarorsz\u00e1g siker\u00e9nek nevezett.<br \/>\nSzavai szerint a szolg\u00e1ltat\u00f3k \u00f6sszefogtak a magyar csal\u00e1dok ellen, azok ellen, akikb\u0151l egy\u00e9bk\u00e9nt \u00e9lnek. A korm\u00e1nyf\u0151 hozz\u00e1tette, a privatiz\u00e1ci\u00f3 \u00f3ta eltelt \u00e9vekben ezek a c\u00e9gek sok sz\u00e1z milli\u00e1rd forintnyi profitra tettek szert, amit ki is vittek az orsz\u00e1gb\u00f3l.<br \/>\nA rezsics\u00f6kkent\u00e9s \u00fcgy\u00e9ben zajl\u00f3, a Fidesz \u00e1ltal kezdem\u00e9nyezett al\u00e1\u00edr\u00e1sgy\u0171jt\u00e9sr\u0151l sz\u00f3lva Orb\u00e1n Viktor kijelentette: sz\u00e1m\u00e1ra az a n\u00e9pszavaz\u00e1s erej\u00e9vel \u00e9r fel, mert &#8222;olyan er\u0151s bar\u00e1tai vannak a nagy nemzetk\u00f6zi szolg\u00e1ltat\u00f3knak&#8221;, amelyekkel szemben a magyar kabinet egymag\u00e1ban aligha tud a l\u00e1b\u00e1n meg\u00e1llni. &#8222;Arra van sz\u00fcks\u00e9g, hogy az eg\u00e9sz orsz\u00e1g akarat\u00e1t tekintve most egyes\u00fclj\u00f6n (&#8230;), \u00e9s egy\u00fctt v\u00e9dj\u00fck meg azt a rezsics\u00f6kkent\u00e9st, amit eddig el\u00e9rt\u00fcnk, \u00e9s egy\u00fctt tudjunk tov\u00e1bbmenni ezen az \u00faton&#8221; &#8211; mondta.<br \/>\n&#8222;Ez egy neh\u00e9z csata, van a h\u00e1tam k\u00f6zep\u00e9n ostor- \u00e9s botnyom sz\u00e9pen, nem is ak\u00e1rmilyen er\u0151ben l\u00e9v\u0151 emberek \u00fct\u00f6ttek azzal oda, de \u00e9n boldog vagyok ennek ellen\u00e9re is&#8221;, mert Magyarorsz\u00e1g v\u00e9gre el\u00e9g j\u00f3l teljes\u00edt ahhoz, hogy ilyen l\u00e9p\u00e9seket meg merjen kock\u00e1zatni &#8211; fogalmazott a rezsics\u00f6kkent\u00e9sr\u0151l a minisztereln\u00f6k.(MTI)<\/p>\n","protected":false},"excerpt":{"rendered":"<p>Ha nem alakul ki egy\u00fcttm\u0171k\u00f6d\u00e9s a korm\u00e1ny \u00e9s a k\u00f6zm\u0171szolg\u00e1ltat\u00f3k k\u00f6z\u00f6tt, a kabinet er\u0151b\u0151l folytatja a rezsics\u00f6kkent\u00e9st &#8211; k\u00f6z\u00f6lte Orb\u00e1n Viktor minisztereln\u00f6k p\u00e9nteken a Kossuth R\u00e1di\u00f3 180 perc c\u00edm\u0171 m\u0171sor\u00e1ban.<\/p>\n","protected":false},"author":1,"featured_media":0,"comment_status":"open","ping_status":"open","sticky":false,"template":"","format":"standard","meta":[],"categories":[48,18],"tags":[],"_links":{"self":[{"href":"https:\/\/gazdasagportal.hu\/index.php\/wp-json\/wp\/v2\/posts\/5724"}],"collection":[{"href":"https:\/\/gazdasagportal.hu\/index.php\/wp-json\/wp\/v2\/posts"}],"about":[{"href":"https:\/\/gazdasagportal.hu\/index.php\/wp-json\/wp\/v2\/types\/post"}],"author":[{"embeddable":true,"href":"https:\/\/gazdasagportal.hu\/index.php\/wp-json\/wp\/v2\/users\/1"}],"replies":[{"embeddable":true,"href":"https:\/\/gazdasagportal.hu\/index.php\/wp-json\/wp\/v2\/comments?post=5724"}],"version-history":[{"count":3,"href":"https:\/\/gazdasagportal.hu\/index.php\/wp-json\/wp\/v2\/posts\/5724\/revisions"}],"predecessor-version":[{"id":5726,"href":"https:\/\/gazdasagportal.hu\/index.php\/wp-json\/wp\/v2\/posts\/5724\/revisions\/5726"}],"wp:attachment":[{"href":"https:\/\/gazdasagportal.hu\/index.php\/wp-json\/wp\/v2\/media?parent=5724"}],"wp:term":[{"taxonomy":"category","embeddable":true,"href":"https:\/\/gazdasagportal.hu\/index.php\/wp-json\/wp\/v2\/categories?post=5724"},{"taxonomy":"post_tag","embeddable":true,"href":"https:\/\/gazdasagportal.hu\/index.php\/wp-json\/wp\/v2\/tags?post=5724"}],"curies":[{"name":"wp","href":"https:\/\/api.w.org\/{rel}","templated":true}]}}