{"id":5721,"date":"2013-03-22T07:35:13","date_gmt":"2013-03-22T06:35:13","guid":{"rendered":"http:\/\/stockportal.hu\/?p=5721"},"modified":"2013-03-22T07:35:13","modified_gmt":"2013-03-22T06:35:13","slug":"sziria-washington-nem-hiszi-hogy-vegyi-fegyvereket-vetettek-be-aleppoban","status":"publish","type":"post","link":"https:\/\/gazdasagportal.hu\/index.php\/sziria-washington-nem-hiszi-hogy-vegyi-fegyvereket-vetettek-be-aleppoban\/","title":{"rendered":"Sz\u00edria &#8211; Washington nem hiszi, hogy vegyi fegyvereket vetettek be Alepp\u00f3ban"},"content":{"rendered":"<p><strong>Az Egyes\u00fclt \u00c1llamok arra utal\u00f3, meggy\u0151z\u0151 inform\u00e1ci\u00f3kat kapott, hogy nem vetettek be vegyi fegyvert a sz\u00edriai Alepp\u00f3 tartom\u00e1nyban, szemben a harcol\u00f3 felek \u00e1ll\u00edt\u00e1saival &#8211; k\u00f6z\u00f6lt\u00e9k cs\u00fct\u00f6rt\u00f6k\u00f6n amerikai m\u00e9diumok korm\u00e1nyzati forr\u00e1sokra hivatkozva.<!--more--><\/strong><\/p>\n<p>Noha Washington nem z\u00e1rja ki teljesen ennek ellenkez\u0151j\u00e9t, az amerikai h\u00edrszerz\u00e9s arra a k\u00f6vetkezt\u00e9sre jutott, hogy nem t\u00f6rt\u00e9nt hal\u00e1los kimenetel\u0171 vegyifegyver-t\u00e1mad\u00e1s kedden H\u00e1n al-Asszal falun\u00e1l, amint ezt a damaszkuszi korm\u00e1ny \u00e9s a felkel\u0151k \u00e1ll\u00edtj\u00e1k, egym\u00e1st v\u00e1dolva az \u00e1ll\u00edt\u00f3lagos t\u00e1mad\u00e1s elk\u00f6vet\u00e9s\u00e9vel.<br \/>\nN\u00e9vtelen\u00fcl nyilatkoz\u00f3 amerikai hivatalos szem\u00e9lyek szerint t\u00f6rt\u00e9nt ugyan t\u00e1mad\u00e1s a t\u00e9rs\u00e9gben, de ebben hal\u00e1lt nem okoz\u00f3 vegyi anyagot &#8211; esetleg k\u00f6nnyg\u00e1zt &#8211; vethettek be.<br \/>\nBiztons\u00e1gi szak\u00e9rt\u0151k egybehangz\u00f3 v\u00e9lem\u00e9nye szerint Sz\u00edria jelent\u0151s vegyifegyver-k\u00e9szletekkel rendelkezik. Sokak att\u00f3l tartanak, hogy az Aszad-rezsim beveti ezeket az eszk\u00f6z\u00f6ket a felkel\u0151k ellen, de fenn\u00e1ll annak a vesz\u00e9lye is, hogy olyan felkel\u0151k kez\u00e9be jutnak ezek, akik sz\u00f6vets\u00e9gesei az al-Kaida terrorh\u00e1l\u00f3zatnak.<br \/>\nAz ENSZ cs\u00fct\u00f6rt\u00f6k\u00f6n bejelentette, hogy vizsg\u00e1latot ind\u00edt az \u00e1ll\u00edt\u00f3lagos sz\u00edriai vegyifegyver-bevet\u00e9ssel kapcsolatban, amely ha bebizonyosodik, akkor emberiess\u00e9g elleni b\u0171ntettnek min\u0151s\u00fcl. A nyomoz\u00e1s egy\u00fattal meg tudn\u00e1 \u00e1llap\u00edtani azt is, hogy mennyire biztons\u00e1gos a sz\u00edriai vegyifegyver-k\u00e9szletek \u0151rz\u00e9se.<br \/>\nFranciaorsz\u00e1g \u00e9s Nagy-Britannia cs\u00fct\u00f6rt\u00f6k\u00f6n lev\u00e9lben s\u00fcrgette Ban Ki Mun ENSZ-f\u0151titk\u00e1rt, hogy ind\u00edtson vizsg\u00e1latot h\u00e1rom \u00e1ll\u00edt\u00f3lagos sz\u00edriai vegyifegyver-t\u00e1mad\u00e1s \u00fcgy\u00e9ben.(MTI)<\/p>\n","protected":false},"excerpt":{"rendered":"<p>Az Egyes\u00fclt \u00c1llamok arra utal\u00f3, meggy\u0151z\u0151 inform\u00e1ci\u00f3kat kapott, hogy nem vetettek be vegyi fegyvert a sz\u00edriai Alepp\u00f3 tartom\u00e1nyban, szemben a harcol\u00f3 felek \u00e1ll\u00edt\u00e1saival &#8211; k\u00f6z\u00f6lt\u00e9k cs\u00fct\u00f6rt\u00f6k\u00f6n amerikai m\u00e9diumok korm\u00e1nyzati forr\u00e1sokra hivatkozva.<\/p>\n","protected":false},"author":1,"featured_media":0,"comment_status":"open","ping_status":"open","sticky":false,"template":"","format":"standard","meta":[],"categories":[16],"tags":[],"_links":{"self":[{"href":"https:\/\/gazdasagportal.hu\/index.php\/wp-json\/wp\/v2\/posts\/5721"}],"collection":[{"href":"https:\/\/gazdasagportal.hu\/index.php\/wp-json\/wp\/v2\/posts"}],"about":[{"href":"https:\/\/gazdasagportal.hu\/index.php\/wp-json\/wp\/v2\/types\/post"}],"author":[{"embeddable":true,"href":"https:\/\/gazdasagportal.hu\/index.php\/wp-json\/wp\/v2\/users\/1"}],"replies":[{"embeddable":true,"href":"https:\/\/gazdasagportal.hu\/index.php\/wp-json\/wp\/v2\/comments?post=5721"}],"version-history":[{"count":2,"href":"https:\/\/gazdasagportal.hu\/index.php\/wp-json\/wp\/v2\/posts\/5721\/revisions"}],"predecessor-version":[{"id":5723,"href":"https:\/\/gazdasagportal.hu\/index.php\/wp-json\/wp\/v2\/posts\/5721\/revisions\/5723"}],"wp:attachment":[{"href":"https:\/\/gazdasagportal.hu\/index.php\/wp-json\/wp\/v2\/media?parent=5721"}],"wp:term":[{"taxonomy":"category","embeddable":true,"href":"https:\/\/gazdasagportal.hu\/index.php\/wp-json\/wp\/v2\/categories?post=5721"},{"taxonomy":"post_tag","embeddable":true,"href":"https:\/\/gazdasagportal.hu\/index.php\/wp-json\/wp\/v2\/tags?post=5721"}],"curies":[{"name":"wp","href":"https:\/\/api.w.org\/{rel}","templated":true}]}}