{"id":5708,"date":"2013-03-21T20:38:51","date_gmt":"2013-03-21T19:38:51","guid":{"rendered":"http:\/\/stockportal.hu\/?p=5708"},"modified":"2013-03-21T20:57:30","modified_gmt":"2013-03-21T19:57:30","slug":"kozep-europa-rontott-londoni-elorejelzesek-az-euroovezet-miatt","status":"publish","type":"post","link":"https:\/\/gazdasagportal.hu\/index.php\/kozep-europa-rontott-londoni-elorejelzesek-az-euroovezet-miatt\/","title":{"rendered":"K\u00f6z\u00e9p-Eur\u00f3pa &#8211; Rontott londoni el\u0151rejelz\u00e9sek az eur\u00f3\u00f6vezet miatt"},"content":{"rendered":"<p><strong>A jelent\u0151sen roml\u00f3 eur\u00f3\u00f6vezeti kil\u00e1t\u00e1sok miatt a magyar, a cseh \u00e9s a lengyel gazdas\u00e1g idei teljes\u00edtm\u00e9ny\u00e9re adott el\u0151rejelz\u00e9s\u00fcket is rontott\u00e1k cs\u00fct\u00f6rt\u00f6k\u00f6n londoni p\u00e9nz\u00fcgyi elemz\u0151k, hangs\u00falyozva ugyanakkor azt a v\u00e9lem\u00e9ny\u00fcket is, hogy a h\u00e1rom orsz\u00e1g m\u00e1r t\u00faljutott a m\u00e9lyponton.<!--more--><\/strong><\/p>\n<p>A JP Morgan glob\u00e1lis p\u00e9nz\u00fcgyi szolg\u00e1ltat\u00f3 csoport londoni befektet\u00e9si r\u00e9szleg\u00e9nek felz\u00e1rk\u00f3z\u00f3 piacokkal foglalkoz\u00f3 k\u00f6zgazd\u00e1szai cs\u00fct\u00f6rt\u00f6k\u00f6n k\u00f6z\u00f6lt\u00e9k, hogy a h\u00e1z az eddigi progn\u00f3zis\u00e1ban szerepl\u0151 0,2 sz\u00e1zal\u00e9kr\u00f3l 0,6 sz\u00e1zal\u00e9kra m\u00f3dos\u00edtotta az eur\u00f3\u00f6vezeti gazdas\u00e1g idei eg\u00e9sz \u00e9vi \u00e1tlagos visszaes\u00e9s\u00e9re vonatkoz\u00f3 becsl\u00e9s\u00e9t.<br \/>\nEnnek a nyom\u00e1n a c\u00e9g elemz\u0151i a magyar gazdas\u00e1gban az eddig \u00e1ltaluk v\u00e1rt 0,5 sz\u00e1zal\u00e9kos GDP-m\u00ednusz helyett most m\u00e1r 0,7 sz\u00e1zal\u00e9kos visszaes\u00e9ssel sz\u00e1molnak 2013 eg\u00e9sz\u00e9ben. A cseh gazdas\u00e1g teljes\u00edtm\u00e9ny\u00e9re adott progn\u00f3zisukat a JP Morgan londoni szak\u00e9rt\u0151i stagn\u00e1l\u00e1sr\u00f3l 0,2 sz\u00e1zal\u00e9kos visszaes\u00e9sre m\u00f3dos\u00edtott\u00e1k, Lengyelorsz\u00e1gban pedig az eddig j\u00f3solt 1,5 sz\u00e1zal\u00e9kos n\u00f6veked\u00e9s helyett 1,3 sz\u00e1zal\u00e9kos GDP-b\u0151v\u00fcl\u00e9st v\u00e1rnak az id\u00e9n.<br \/>\nA h\u00e1z j\u00f6v\u0151re Magyarorsz\u00e1gon 1,4 sz\u00e1zal\u00e9kos n\u00f6veked\u00e9st val\u00f3sz\u00edn\u0171s\u00edt az eddigi 1,5 sz\u00e1zal\u00e9kos progn\u00f3zis helyett; 2014-re sz\u00f3l\u00f3 csehorsz\u00e1gi GDP-n\u00f6veked\u00e9si becsl\u00e9s\u00e9t 2,1 sz\u00e1zal\u00e9kr\u00f3l 1,9 sz\u00e1zal\u00e9kra vette vissza.<br \/>\nLengyelorsz\u00e1gban a JP Morgan londoni szak\u00e9rt\u0151i v\u00e1ltozatlanul 2,6 sz\u00e1zal\u00e9kos n\u00f6veked\u00e9st v\u00e1rnak 2014 eg\u00e9sz\u00e9ben.<br \/>\nA progn\u00f3zisok m\u00f3dos\u00edt\u00e1s\u00e1hoz f\u0171z\u00f6tt indokl\u00e1sukban a c\u00e9g szak\u00e9rt\u0151i felid\u00e9zt\u00e9k, hogy a h\u00e1rom orsz\u00e1g exportj\u00e1nak t\u00f6bb mint a fele az eur\u00f3\u00f6vezetbe ir\u00e1nyul; N\u00e9metorsz\u00e1g \u00f6nmaga a magyar, a cseh \u00e9s a lengyel kivitel 27 sz\u00e1zal\u00e9k\u00e1t veszi fel.<br \/>\nA JP Morgan k\u00f6zgazd\u00e1szai hangs\u00falyozt\u00e1k: \u00faj, lefel\u00e9 m\u00f3dos\u00edtott el\u0151rejelz\u00e9s\u00fck is v\u00e1ltozatlanul arra a v\u00e9lem\u00e9ny\u00fckre alapul, hogy a h\u00e1rom k\u00f6z\u00e9p-eur\u00f3pai gazdas\u00e1g m\u00e1r t\u00faljutott a legrosszabb id\u0151szakon, csak a kil\u00e1bal\u00e1s val\u00f3sz\u00edn\u0171leg a kor\u00e1bban v\u00e1rtn\u00e1l fokozatosabb lesz.<br \/>\nA h\u00e1z szerint egyes orsz\u00e1gspecifikus t\u00e9nyez\u0151k is seg\u00edthetik k\u00fcl\u00f6nb\u00f6z\u0151 m\u00e9rt\u00e9kben a n\u00f6veked\u00e9st; Magyarorsz\u00e1g eset\u00e9ben ilyen t\u00e9nyez\u0151 az aut\u00f3ipari termel\u00e9s b\u0151v\u00fcl\u00e9se, illetve &#8211; csak\u00fagy, mint Lengyelorsz\u00e1gban &#8211; a monet\u00e1ris enyh\u00edt\u00e9s.<br \/>\nA jelenlegi n\u00f6veked\u00e9si k\u00f6rnyezetben a JP Morgan londoni elemz\u0151inek cs\u00fct\u00f6rt\u00f6ki el\u0151rejelz\u00e9se szerint m\u00e9g tov\u00e1bbi h\u00e1rom, egyenk\u00e9nt 0,25 sz\u00e1zal\u00e9kpontos kamatcs\u00f6kkent\u00e9s v\u00e1rhat\u00f3 a Magyar Nemzeti Bank (MNB) r\u00e9sz\u00e9r\u0151l.<br \/>\nM\u00e1s nagy londoni h\u00e1zak az ut\u00f3bbi napokban szint\u00e9n rontott el\u0151rejelz\u00e9seket tettek k\u00f6zz\u00e9 az idei magyar kil\u00e1t\u00e1sokr\u00f3l.<br \/>\nA Morgan Stanley glob\u00e1lis p\u00e9nz\u00fcgyi szolg\u00e1ltat\u00f3 csoport londoni befektet\u00e9si r\u00e9szleg\u00e9nek felz\u00e1rk\u00f3z\u00f3 piacokkal foglalkoz\u00f3 elemz\u0151st\u00e1bja a k\u00f6z\u00e9p- \u00e9s kelet-eur\u00f3pai t\u00e9rs\u00e9g kil\u00e1t\u00e1sair\u00f3l befektet\u0151k sz\u00e1m\u00e1ra \u00f6ssze\u00e1ll\u00edtott \u00e1tfog\u00f3 tavaszi helyzet\u00e9rt\u00e9kel\u00e9s\u00e9ben k\u00f6z\u00f6lte: \u00faj progn\u00f3zisa szerint a magyar hazai \u00f6sszterm\u00e9k 2013 eg\u00e9sz\u00e9ben 0,5 sz\u00e1zal\u00e9kkal visszaesik. A h\u00e1z kor\u00e1bban stagn\u00e1l\u00e1st v\u00e1rt az idei \u00e9vre a magyar gazdas\u00e1gban.<br \/>\nA Morgan Stanley londoni elemz\u0151i szerint a fel\u00fclvizsg\u00e1latot nem els\u0151sorban a 2013-as magyarorsz\u00e1gi n\u00f6veked\u00e9si folyamatok \u00e1t\u00e9rt\u00e9kel\u00e9se indokolta, hanem j\u00f3r\u00e9szt az, hogy a magyar gazdas\u00e1g a v\u00e1rtn\u00e1l gyeng\u00e9bb helyzetb\u0151l kezdte az idei \u00e9vet.<br \/>\nA c\u00e9g 2014-re &#8211; eddigi el\u0151rejelz\u00e9s\u00e9nek megfelel\u0151en &#8211; 1,3 sz\u00e1zal\u00e9kos GDP-pluszt j\u00f3solt Magyarorsz\u00e1gnak.<br \/>\nA Goldman Sachs glob\u00e1lis bankcsoport londoni befektet\u00e9si r\u00e9szleg\u00e9nek felz\u00e1rk\u00f3z\u00f3 piacokra szakosodott k\u00f6zgazd\u00e1szai a negyedik negyed\u00e9vr\u0151l k\u00f6zz\u00e9tett m\u00e1sodik KSH-becsl\u00e9s ut\u00e1n k\u00f6z\u00f6lt\u00e9k, hogy az \u00e1ltaluk addig v\u00e1rt stagn\u00e1l\u00e1sr\u00f3l 0,4 sz\u00e1zal\u00e9kos visszaes\u00e9sre m\u00f3dos\u00edtott\u00e1k 2013 eg\u00e9sz\u00e9re sz\u00f3l\u00f3 magyar GDP-el\u0151rejelz\u00e9s\u00fcket, tekintettel a tavalyi negyedik negyed\u00e9v visszaes\u00e9s\u00e9nek m\u00e9rt\u00e9k\u00e9re.<br \/>\nA magyar GDP-\u00e9rt\u00e9k a statisztikai hivatal adatai szerint 2012 negyedik negyed\u00e9v\u00e9ben 2,7 sz\u00e1zal\u00e9kkal volt alacsonyabb az el\u0151z\u0151 \u00e9v azonos id\u0151szak\u00e1\u00e9n\u00e1l, 2012 eg\u00e9sz\u00e9ben pedig \u00e1tlagosan 1,7 sz\u00e1zal\u00e9kkal cs\u00f6kkent.(MTI)<\/p>\n","protected":false},"excerpt":{"rendered":"<p>A jelent\u0151sen roml\u00f3 eur\u00f3\u00f6vezeti kil\u00e1t\u00e1sok miatt a magyar, a cseh \u00e9s a lengyel gazdas\u00e1g idei teljes\u00edtm\u00e9ny\u00e9re adott el\u0151rejelz\u00e9s\u00fcket is rontott\u00e1k cs\u00fct\u00f6rt\u00f6k\u00f6n londoni p\u00e9nz\u00fcgyi elemz\u0151k, hangs\u00falyozva ugyanakkor azt a v\u00e9lem\u00e9ny\u00fcket is, hogy a h\u00e1rom orsz\u00e1g m\u00e1r t\u00faljutott a m\u00e9lyponton.<\/p>\n","protected":false},"author":1,"featured_media":0,"comment_status":"open","ping_status":"open","sticky":false,"template":"","format":"standard","meta":[],"categories":[12],"tags":[],"_links":{"self":[{"href":"https:\/\/gazdasagportal.hu\/index.php\/wp-json\/wp\/v2\/posts\/5708"}],"collection":[{"href":"https:\/\/gazdasagportal.hu\/index.php\/wp-json\/wp\/v2\/posts"}],"about":[{"href":"https:\/\/gazdasagportal.hu\/index.php\/wp-json\/wp\/v2\/types\/post"}],"author":[{"embeddable":true,"href":"https:\/\/gazdasagportal.hu\/index.php\/wp-json\/wp\/v2\/users\/1"}],"replies":[{"embeddable":true,"href":"https:\/\/gazdasagportal.hu\/index.php\/wp-json\/wp\/v2\/comments?post=5708"}],"version-history":[{"count":3,"href":"https:\/\/gazdasagportal.hu\/index.php\/wp-json\/wp\/v2\/posts\/5708\/revisions"}],"predecessor-version":[{"id":5717,"href":"https:\/\/gazdasagportal.hu\/index.php\/wp-json\/wp\/v2\/posts\/5708\/revisions\/5717"}],"wp:attachment":[{"href":"https:\/\/gazdasagportal.hu\/index.php\/wp-json\/wp\/v2\/media?parent=5708"}],"wp:term":[{"taxonomy":"category","embeddable":true,"href":"https:\/\/gazdasagportal.hu\/index.php\/wp-json\/wp\/v2\/categories?post=5708"},{"taxonomy":"post_tag","embeddable":true,"href":"https:\/\/gazdasagportal.hu\/index.php\/wp-json\/wp\/v2\/tags?post=5708"}],"curies":[{"name":"wp","href":"https:\/\/api.w.org\/{rel}","templated":true}]}}