{"id":56892,"date":"2015-02-26T11:01:04","date_gmt":"2015-02-26T09:01:04","guid":{"rendered":"http:\/\/stockportal.hu\/?p=56892"},"modified":"2015-04-08T08:54:38","modified_gmt":"2015-04-08T06:54:38","slug":"kereskedesi-otlet-facebook-mit-varhatunk-a-jovoben-a-reszvenytol","status":"publish","type":"post","link":"https:\/\/gazdasagportal.hu\/index.php\/kereskedesi-otlet-facebook-mit-varhatunk-a-jovoben-a-reszvenytol\/","title":{"rendered":"Keresked\u00e9si \u00f6tlet: Facebook &#8211; Mit v\u00e1rhatunk a j\u00f6v\u0151ben a r\u00e9szv\u00e9nyt\u0151l?"},"content":{"rendered":"<p><strong>Facebook &#8211; Mit v\u00e1rhatunk a j\u00f6v\u0151ben a r\u00e9szv\u00e9nyt\u0151l?<\/strong><!--more--><\/p>\n<div class=\"ads-in-post1\"><div id=\"gazdasagportal.hu_fullbanner_wideboard\"><\/div>\r\n<\/div>\n<p>A v\u00e1rtnak megfelel\u0151en 2014 utols\u00f3 negyed\u00e9v\u00e9ben t\u00f6rt\u00e9nete leger\u0151sebb negyed\u00e9v\u00e9t produk\u00e1lta a Facebook az \u00e1rbev\u00e9tel ter\u00fclet\u00e9n, 3,77 milli\u00e1rd doll\u00e1rt siker\u00fclt el\u00e9rni, f\u0151k\u00e9nt a hirdet\u00e9si bev\u00e9teleknek k\u00f6sz\u00f6nhet\u0151en. Ez \u00e9ves alapon 46 sz\u00e1zal\u00e9kos n\u00f6veked\u00e9st jelent, ami ugyan k\u00f6zel 2 \u00e9ve a legalacsonyabbnak sz\u00e1m\u00edt, de \u00edgy is egyre jobban \u00e1ll a c\u00e9g a mobilos hirdet\u00e9sek ter\u00fclet\u00e9n, m\u00e1r 69 sz\u00e1zal\u00e9ka sz\u00e1rmazik innen az \u00e1rbev\u00e9telnek.<\/p>\n<p style=\"text-align: center;\"><a href=\"http:\/\/stockportal.hu\/wp-content\/uploads\/2015\/02\/20150226_1.png\" target=\"_blank\" rel=\"noopener\"><img decoding=\"async\" loading=\"lazy\" class=\"aligncenter size-full wp-image-56893\" src=\"http:\/\/stockportal.hu\/wp-content\/uploads\/2015\/02\/20150226_1.png\" alt=\"20150226_1\" width=\"567\" height=\"318\" srcset=\"https:\/\/gazdasagportal.hu\/wp-content\/uploads\/2015\/02\/20150226_1.png 567w, https:\/\/gazdasagportal.hu\/wp-content\/uploads\/2015\/02\/20150226_1-300x168.png 300w\" sizes=\"(max-width: 567px) 100vw, 567px\" \/><\/a><em>Saj\u00e1t grafikon, forr\u00e1s: Facebook<\/em><\/p><div id=\"gazda-4092990062\" class=\"gazda-tartalomban gazda-entity-placement\"><script async src=\"https:\/\/pagead2.googlesyndication.com\/pagead\/js\/adsbygoogle.js\"><\/script>\r\n<ins class=\"adsbygoogle\"\r\n     style=\"display:block\"\r\n     data-ad-format=\"fluid\"\r\n     data-ad-layout-key=\"-6t+ed+2i-1n-4w\"\r\n     data-ad-client=\"ca-pub-1959107119989764\"\r\n     data-ad-slot=\"4008251320\"><\/ins>\r\n<script>\r\n     (adsbygoogle = window.adsbygoogle || []).push({});\r\n<\/script><\/div>\n<p>A felhaszn\u00e1l\u00f3k sz\u00e1m\u00e1nak n\u00f6veked\u00e9si \u00fcteme tov\u00e1bbra is magasnak sz\u00e1m\u00edt, a havi akt\u00edv felhaszn\u00e1l\u00f3k t\u00e1bora \u00e9ves alapon 13,4 sz\u00e1zal\u00e9kkal b\u0151v\u00fclt. B\u00e1r a trend az, hogy a n\u00f6veked\u00e9si \u00fctem egyre ink\u00e1bb lassul a magas b\u00e1zis (1,39 milli\u00e1rd f\u0151) miatt, az ut\u00f3bbi egy-m\u00e1sf\u00e9l \u00e9vben siker\u00fclt be\u00e1llni egy 13-16 sz\u00e1zal\u00e9k k\u00f6z\u00f6tti \u00e9ves b\u0151v\u00fcl\u00e9si \u00fctemre. Mivel a trend v\u00e9lhet\u0151en folytat\u00f3dik, a c\u00e9g sz\u00e1m\u00e1ra az lehet a fontos, hogy ezen bel\u00fcl tov\u00e1bb n\u00f6velje a mobilos felhaszn\u00e1l\u00f3k ar\u00e1ny\u00e1t. Egyel\u0151re j\u00f3 \u00faton j\u00e1r a c\u00e9g.<\/p>\n<p>&nbsp;<\/p>\n<p>Annak idej\u00e9n 15 \u00e9vvel ezel\u0151tt a dot-com bubor\u00e9k kidurran\u00e1sakor nem gondolta volna senki, hogy a Nasdaq \u00fajb\u00f3l el\u00e9ri, az 5000-es szintet most azonban ism\u00e9t ehhez a szinthez k\u00f6zel\u00edt az amerikai 100 legnagyobb technol\u00f3giai r\u00e9szv\u00e9nyeket tartalmaz\u00f3 index. Ebben a Facebook a 3. legnagyobb a piaci kapitaliz\u00e1ci\u00f3j\u00e1t tekintve.<\/p>\n<p><a href=\"http:\/\/stockportal.hu\/wp-content\/uploads\/2015\/02\/20150226_2.png\" target=\"_blank\" rel=\"noopener\"><img decoding=\"async\" loading=\"lazy\" class=\"aligncenter size-full wp-image-56894\" src=\"http:\/\/stockportal.hu\/wp-content\/uploads\/2015\/02\/20150226_2.png\" alt=\"20150226_2\" width=\"514\" height=\"355\" srcset=\"https:\/\/gazdasagportal.hu\/wp-content\/uploads\/2015\/02\/20150226_2.png 514w, https:\/\/gazdasagportal.hu\/wp-content\/uploads\/2015\/02\/20150226_2-300x207.png 300w\" sizes=\"(max-width: 514px) 100vw, 514px\" \/><\/a><\/p>\n<p style=\"text-align: center;\">\u00a0<em>forr\u00e1s: Stooq.com<\/em><\/p>\n<p>Ki ne tudn\u00e1 Magyarorsz\u00e1gon mi is az a Facebook? Mindenki, aki mobiltelefonnal a kez\u00e9ben j\u00e1rk\u00e1l az utc\u00e1kon, \u00e1ll a piros l\u00e1mp\u00e1n\u00e1l vagy csak a munkahely\u00e9n az asztala al\u00e1 kacsintgat, nagy val\u00f3sz\u00edn\u0171s\u00e9ggel ezt b\u00f6ng\u00e9szi.<\/p>\n<p>A vil\u00e1g egyik legnagyobb szoci\u00e1lis h\u00e1l\u00f3zata, amit m\u00e1ra mar mindenki ismer es rengetegen haszn\u00e1lnak is. Mark Zuckerberg 2004-ben alap\u00edtott c\u00e9ge berobbant az ismerets\u00e9gi h\u00e1l\u00f3zatok vil\u00e1g\u00e1ba es m\u00e1ra mar olyan szintre n\u0151tte ki mag\u00e1t, hogy a teljes internet-popul\u00e1ci\u00f3 t\u00f6bb mint 40 sz\u00e1zal\u00e9k\u00e1t bekebelezte, 1,4 milli\u00e1rd regisztr\u00e1lt felhaszn\u00e1l\u00f3val.<\/p>\n<p>Mark Zuckerberg 2009-ben \u00fagy d\u00f6nt\u00f6tt t\u0151zsd\u00e9re viszi a c\u00e9get(IPO), a Skype es a Twitter mint\u00e1j\u00e1ra, ami 2012 m\u00e1jus\u00e1ban meg is t\u00f6rt\u00e9nt.<\/p>\n<p>A nagy felhajt\u00e1s ellen\u00e9re azonban nem hozta a v\u00e1rt sikert a Facebook r\u00e9szv\u00e9nye. A 38 doll\u00e1ros kibocs\u00e1t\u00e1si \u00e1r bevezet\u00e9s ut\u00e1n, megj\u00e1rta a 18 doll\u00e1ros szintet is, azonban m\u00e1ra m\u00e1r kicsivel t\u00f6bb, mint a dupl\u00e1j\u00e1ra n\u0151tt a v\u00e1llalat \u00e9rt\u00e9ke. A c\u00e9g a 2013-as \u00e9v k\u00f6zepe \u00f3ta mondhat\u00f3 profit\u00e1bilisnak. Zuckerbergnek siker\u00fclt a c\u00e9get felemelni a vesztes\u00e9gb\u0151l. A nyeres\u00e9g, amit a 2013. j\u00faliusban kiadott jelent\u00e9se szerint az egy \u00e9vvel ezel\u0151ttihez k\u00e9pest 53 sz\u00e1zal\u00e9kkal, azaz 1,8 milli\u00e1rd doll\u00e1rral n\u00f6velt, t\u00f6bbek k\u00f6z\u00f6tt a mobilos hirdet\u00e9sek beindul\u00e1s\u00e1nak k\u00f6sz\u00f6nhet\u0151.<\/p>\n<p>Fontos lehet a mobilos bev\u00e9teleken val\u00f3 min\u00e9l nagyobb hangs\u00faly, mivel ezen a piacon m\u00e9g komoly lehet\u0151s\u00e9gei vannak a c\u00e9gnek.<\/p>\n<p>Ezt k\u00f6vet\u0151en a r\u00e9szv\u00e9ny egy intenz\u00edven emelked\u0151 trendben tartott a cs\u00facsa fel\u00e9, amit a 2014. december 22-\u00e9n el\u00e9rt 81,45 doll\u00e1ros szint jelenti.<\/p>\n<p>&nbsp;<\/p>\n<p>Amennyiben a tov\u00e1bbiakban is \u00e9rdekl\u0151dik, regisztr\u00e1ljon \u00e9s elemz\u0151ink felveszik \u00f6nnel a kapcsolatot!<\/p>\n<p style=\"text-align: center;\"><button class=\"eModal-1\" style=\"width: 250px; height: 40px; background-color:#8e0000; color:#ffffff \"><span style=\"font-size: large;\"><strong>Tov\u00e1bbi inform\u00e1ci\u00f3t k\u00e9rek<\/strong><\/span><\/button><\/p>\n<p>&nbsp;<br \/>\n<font SIZE=\"-3\">A t\u00e1j\u00e9koztat\u00e1s nem teljes k\u00f6r\u0171. A megfelel\u0151 befektet\u00e9si d\u00f6nt\u00e9s meghozatala \u00e9rdek\u00e9ben k\u00e9rj\u00fck, hogy konzult\u00e1ljon szak\u00e9rt\u0151vel, tanulm\u00e1nyozza a kapcsolatos jogszab\u00e1lyi el\u0151\u00edr\u00e1sokat, ad\u00f3hat\u00f3s\u00e1gi \u00e1ll\u00e1sfoglal\u00e1sokat. A k\u00f6z\u00f6lt elemz\u00e9sek, tanulm\u00e1nyok, piaci kommentek \u00e9s v\u00e9lem\u00e9nynyilv\u00e1n\u00edt\u00e1sok kiz\u00e1r\u00f3lag t\u00e1j\u00e9koztat\u00e1sok \u00e9s nem min\u0151s\u00fclnek ad\u00f3tan\u00e1csad\u00e1snak, befektet\u00e9si tan\u00e1csad\u00e1snak, befektet\u00e9sre val\u00f3 \u00f6szt\u00f6nz\u00e9snek, aj\u00e1nlatt\u00e9teli felh\u00edv\u00e1snak. Az oldalon \u00e9s h\u00edrlevelekben szerepl\u0151 h\u00edrek, adatok \u00e9s inform\u00e1ci\u00f3k a Solar Capital Zrt. \u00e9s a StockPortal.hu \u00e1ltal megb\u00edzhat\u00f3nak v\u00e9lt forr\u00e1sokb\u00f3l sz\u00e1rmaznak, mindazon\u00e1ltal a fentiekben foglaltak\u00e9rt az Solar Capital Markets Zrt. \u00e9s a StockPortal.hu nem v\u00e1llal felel\u0151ss\u00e9get.<\/font><\/p>\n<p>&nbsp;<\/p>\n","protected":false},"excerpt":{"rendered":"<p>Facebook &#8211; Mit v\u00e1rhatunk a j\u00f6v\u0151ben a r\u00e9szv\u00e9nyt\u0151l?<\/p>\n","protected":false},"author":1,"featured_media":48471,"comment_status":"open","ping_status":"closed","sticky":false,"template":"","format":"standard","meta":[],"categories":[146,389,8,131,153],"tags":[388,211],"_links":{"self":[{"href":"https:\/\/gazdasagportal.hu\/index.php\/wp-json\/wp\/v2\/posts\/56892"}],"collection":[{"href":"https:\/\/gazdasagportal.hu\/index.php\/wp-json\/wp\/v2\/posts"}],"about":[{"href":"https:\/\/gazdasagportal.hu\/index.php\/wp-json\/wp\/v2\/types\/post"}],"author":[{"embeddable":true,"href":"https:\/\/gazdasagportal.hu\/index.php\/wp-json\/wp\/v2\/users\/1"}],"replies":[{"embeddable":true,"href":"https:\/\/gazdasagportal.hu\/index.php\/wp-json\/wp\/v2\/comments?post=56892"}],"version-history":[{"count":1,"href":"https:\/\/gazdasagportal.hu\/index.php\/wp-json\/wp\/v2\/posts\/56892\/revisions"}],"predecessor-version":[{"id":56895,"href":"https:\/\/gazdasagportal.hu\/index.php\/wp-json\/wp\/v2\/posts\/56892\/revisions\/56895"}],"wp:featuredmedia":[{"embeddable":true,"href":"https:\/\/gazdasagportal.hu\/index.php\/wp-json\/wp\/v2\/media\/48471"}],"wp:attachment":[{"href":"https:\/\/gazdasagportal.hu\/index.php\/wp-json\/wp\/v2\/media?parent=56892"}],"wp:term":[{"taxonomy":"category","embeddable":true,"href":"https:\/\/gazdasagportal.hu\/index.php\/wp-json\/wp\/v2\/categories?post=56892"},{"taxonomy":"post_tag","embeddable":true,"href":"https:\/\/gazdasagportal.hu\/index.php\/wp-json\/wp\/v2\/tags?post=56892"}],"curies":[{"name":"wp","href":"https:\/\/api.w.org\/{rel}","templated":true}]}}