{"id":56725,"date":"2015-02-24T16:24:46","date_gmt":"2015-02-24T15:24:46","guid":{"rendered":"http:\/\/stockportal.hu\/?p=56725"},"modified":"2015-02-24T16:24:46","modified_gmt":"2015-02-24T15:24:46","slug":"vasarnapi-pihenonap-a-kereskedelmi-szovetseg-a-kereskedok-teendoire-hivja-fel-a-figyelmet","status":"publish","type":"post","link":"https:\/\/gazdasagportal.hu\/index.php\/vasarnapi-pihenonap-a-kereskedelmi-szovetseg-a-kereskedok-teendoire-hivja-fel-a-figyelmet\/","title":{"rendered":"Vas\u00e1rnapi pihen\u0151nap &#8211; A kereskedelmi sz\u00f6vets\u00e9g a keresked\u0151k teend\u0151ire h\u00edvja fel a figyelmet"},"content":{"rendered":"<p><strong>A Magyar Nemzeti Kereskedelmi Sz\u00f6vets\u00e9g (MNKSZ) a kiskereskedelemben a vas\u00e1rnapi nyitva tart\u00e1st szab\u00e1lyoz\u00f3 t\u00f6rv\u00e9ny m\u00e1rcius 15. ut\u00e1ni \u00e9letbe l\u00e9p\u00e9se miatti  keresked\u0151i feladatokra h\u00edvta fel a figyelmet.<\/strong><!--more--><\/p>\n<div class=\"ads-in-post1\"><div id=\"gazdasagportal.hu_fullbanner_wideboard\"><\/div>\r\n<\/div>\n<p>    Szathm\u00e1ry-Jahl Ang\u00e9la, a sz\u00f6vets\u00e9g eln\u00f6ke kifejtette, hogy a keresked\u0151knek t\u00e1j\u00e9koztatniuk kell a v\u00e1s\u00e1rl\u00f3t, hogy vas\u00e1rnap nyitva vagy z\u00e1rva lesznek-e, \u00e9s ennek megfelel\u0151en kell alak\u00edtaniuk \u00e1ruk\u00e9sz\u00fclet\u00fcket is.<br \/>\n    A sz\u00f6vets\u00e9g felm\u00e9r\u00e9se szerint a janu\u00e1ri \u00e9s febru\u00e1ri h\u00e9tv\u00e9g\u00e9n az \u00fczletek \u00e1tlagosan 40-45 sz\u00e1zal\u00e9kos p\u00e9nzt\u00e1rkihaszn\u00e1lts\u00e1ggal m\u0171k\u00f6dtek. A megk\u00e9rdezett v\u00e1s\u00e1rl\u00f3k 68 sz\u00e1zal\u00e9k nyilatkozott \u00fagy, hogy sz\u00e1m\u00e1ra a mindennapi bev\u00e1s\u00e1rl\u00e1s sor\u00e1n nem jelent probl\u00e9m\u00e1t az \u00faj t\u00f6rv\u00e9ny, a h\u00e9t t\u00f6bbi napj\u00e1n marad\u00e9ktalanul meg tudj\u00e1k oldani v\u00e1s\u00e1rl\u00e1saikat. A sz\u00f6vets\u00e9g adatai szerint szombatonk\u00e9nt a legmagasabb a v\u00e1s\u00e1rl\u00f3k \u00e1tlagos sz\u00e1ma, megk\u00f6zel\u00edti az 1 milli\u00f3 400 ezret, a h\u00e9tk\u00f6znapokon ez a sz\u00e1m szerd\u00e1nk\u00e9nt kiemelked\u0151en magas 1 milli\u00f3 260 ezer, a h\u00e9t t\u00f6bbi napj\u00e1n \u00e1tlagosan alig \u00e9ri el az 1 milli\u00f3t &#8211; ismertette Szatm\u00e1ry-Jahl Ang\u00e9la.<br \/>\n    Az MNKSZ szerint a kereskedelemben dolgoz\u00f3knak lehet\u0151s\u00e9get kell kapniuk vas\u00e1rnapokon a szabadid\u0151re, sz\u00f3rakoz\u00e1sra, ami a turizmusban 10 sz\u00e1zal\u00e9kos forgalom n\u00f6veked\u00e9st is eredm\u00e9nyezhet a belf\u00f6ldi utaz\u00e1sok sz\u00e1m\u00e1nak n\u00f6veked\u00e9s\u00e9vel &#8211; v\u00e9lte az eln\u00f6k.<br \/>\n    Baranovszky Gy\u00f6rgy, a Fogyaszt\u00f3v\u00e9delmi Egyes\u00fcletek Orsz\u00e1gos Sz\u00f6vets\u00e9ge (FEOSZ) eln\u00f6ke szerint a v\u00e1s\u00e1rnapi z\u00e1rva tart\u00e1s miatt p\u00e9nteken \u00e9s szombaton a v\u00e1llalkoz\u00e1soknak c\u00e9lszer\u0171 meger\u0151s\u00edtett \u00fcgyf\u00e9lszolg\u00e1latot m\u0171k\u00f6dtetni a megn\u00f6vekedett forgalom miatt.<br \/>\nMegjegyezte azt is, hogy a v\u00e1ltoz\u00e1s felveti a fogyaszt\u00f3v\u00e9delmi hat\u00f3s\u00e1g ellen\u0151rz\u00e9si lehet\u0151s\u00e9g\u00e9nek k\u00e9rd\u00e9s\u00e9t, p\u00e9ld\u00e1ul azt, hogy tudj\u00e1k-e ellen\u0151rizni a korl\u00e1toz\u00e1s betart\u00e1sra vonatkoz\u00f3 rendelkez\u00e9st.<br \/>\n    Az FEOSZ eln\u00f6ke felh\u00edvta a figyelmet a fogyaszt\u00f3i bizalom k\u00e9rd\u00e9s\u00e9re, a magyar fogyaszt\u00f3k egyre ink\u00e1bb tudatosak, tov\u00e1bb\u00e1 nem szeretik, ha megszabj\u00e1k nekik, mikor v\u00e1s\u00e1rolhatnak. Ez ut\u00f3bbi eset\u00e9ben a fogyaszt\u00f3i hozz\u00e1\u00e1ll\u00e1st neh\u00e9z lesz megv\u00e1ltoztatni &#8211; mondta Baranovszky Gy\u00f6rgy.<br \/>\n    A fogyaszt\u00f3v\u00e9delmi civil szervezet eln\u00f6ke kit\u00e9rt arra, hogy Eur\u00f3p\u00e1ban t\u00f6bb gyakorlat is van az \u00fczletek nyitva tart\u00e1s\u00e1val kapcsolatban, p\u00e9ldak\u00e9nt eml\u00edtette, a francia parlament nemr\u00e9giben 5-r\u0151l 12-re emelte az \u00e9vente vas\u00e1rnapi nyitva tart\u00e1s lehet\u0151s\u00e9g\u00e9t, mert gazdas\u00e1gilag indokoltnak tartotta, \u00e9s nem szeretn\u00e9k ha v\u00e1s\u00e1rolni P\u00e1rizs helyett Londonba menn\u00e9nek a turist\u00e1k.<br \/>\n    Gablini G\u00e1bor, az MNKSZ aleln\u00f6ke az elektronikus k\u00f6z\u00fati \u00e1ruforgalom ellen\u0151rz\u0151 rendszer(ek\u00e1er) m\u00e1rciusban \u00e9letbe l\u00e9p\u0151 v\u00e1ltoz\u00e1sair\u00f3l besz\u00e9lt. Kifejtette, a sz\u00f6vets\u00e9g egyet\u00e9rt \u00e9s t\u00e1mogatja a korm\u00e1ny sz\u00e1nd\u00e9k\u00e1t a gazdas\u00e1g feh\u00e9r\u00edt\u00e9s\u00e9re, de meg\u00edt\u00e9l\u00e9s\u00fck szerint a rendszer m\u00e9g nem kiforrott, sok bizonytalans\u00e1got tartalmaz.<br \/>\n    P\u00e9ldak\u00e9nt eml\u00edtette, hogy a haszn\u00e1lt szem\u00e9lyg\u00e9pkocsi keresked\u0151knek meg kell k\u00e9rni\u00fck az ek\u00e1er-sz\u00e1mot, ugyanakkor a &#8222;nepperek&#8221; ki tudj\u00e1k ker\u00fclni a rendszert, ez\u00e9rt az illeg\u00e1lis szerepl\u0151k kisz\u0171r\u00e9s\u00e9re nagyobb figyelmet kellene ford\u00edtani.(MTI)<\/p>\n","protected":false},"excerpt":{"rendered":"<p>A Magyar Nemzeti Kereskedelmi Sz\u00f6vets\u00e9g (MNKSZ) a kiskereskedelemben a vas\u00e1rnapi nyitva tart\u00e1st szab\u00e1lyoz\u00f3 t\u00f6rv\u00e9ny m\u00e1rcius 15. ut\u00e1ni \u00e9letbe l\u00e9p\u00e9se miatti keresked\u0151i feladatokra h\u00edvta fel a figyelmet.<\/p>\n","protected":false},"author":1,"featured_media":0,"comment_status":"open","ping_status":"closed","sticky":false,"template":"","format":"standard","meta":[],"categories":[19],"tags":[],"_links":{"self":[{"href":"https:\/\/gazdasagportal.hu\/index.php\/wp-json\/wp\/v2\/posts\/56725"}],"collection":[{"href":"https:\/\/gazdasagportal.hu\/index.php\/wp-json\/wp\/v2\/posts"}],"about":[{"href":"https:\/\/gazdasagportal.hu\/index.php\/wp-json\/wp\/v2\/types\/post"}],"author":[{"embeddable":true,"href":"https:\/\/gazdasagportal.hu\/index.php\/wp-json\/wp\/v2\/users\/1"}],"replies":[{"embeddable":true,"href":"https:\/\/gazdasagportal.hu\/index.php\/wp-json\/wp\/v2\/comments?post=56725"}],"version-history":[{"count":1,"href":"https:\/\/gazdasagportal.hu\/index.php\/wp-json\/wp\/v2\/posts\/56725\/revisions"}],"predecessor-version":[{"id":56726,"href":"https:\/\/gazdasagportal.hu\/index.php\/wp-json\/wp\/v2\/posts\/56725\/revisions\/56726"}],"wp:attachment":[{"href":"https:\/\/gazdasagportal.hu\/index.php\/wp-json\/wp\/v2\/media?parent=56725"}],"wp:term":[{"taxonomy":"category","embeddable":true,"href":"https:\/\/gazdasagportal.hu\/index.php\/wp-json\/wp\/v2\/categories?post=56725"},{"taxonomy":"post_tag","embeddable":true,"href":"https:\/\/gazdasagportal.hu\/index.php\/wp-json\/wp\/v2\/tags?post=56725"}],"curies":[{"name":"wp","href":"https:\/\/api.w.org\/{rel}","templated":true}]}}