{"id":56318,"date":"2015-02-18T14:44:35","date_gmt":"2015-02-18T13:44:35","guid":{"rendered":"http:\/\/stockportal.hu\/?p=56318"},"modified":"2015-02-18T14:44:35","modified_gmt":"2015-02-18T13:44:35","slug":"elindul-a-nemzeti-kozmuszolgaltato-marciusban","status":"publish","type":"post","link":"https:\/\/gazdasagportal.hu\/index.php\/elindul-a-nemzeti-kozmuszolgaltato-marciusban\/","title":{"rendered":"Elindul a nemzeti k\u00f6zm\u0171szolg\u00e1ltat\u00f3 m\u00e1rciusban"},"content":{"rendered":"<p><strong>Elindul az ENKSZ Els\u0151 Nemzeti K\u00f6zm\u0171szolg\u00e1ltat\u00f3 Zrt. m\u00e1rciusban, a c\u00e9gb\u00edr\u00f3s\u00e1gi bejegyz\u00e9s folyamatban van; a szolg\u00e1ltat\u00e1s megkezd\u00e9se az energiahivatal enged\u00e9ly\u00e9t\u0151l f\u00fcgg, amely m\u00e1rcius v\u00e9g\u00e9re v\u00e1rhat\u00f3 &#8211; jelentette be N\u00e9meth L\u00e1szl\u00f3n\u00e9, a Minisztereln\u00f6ks\u00e9g \u00e1llamtitk\u00e1ra szerdai budapesti sajt\u00f3t\u00e1j\u00e9koztat\u00f3j\u00e1n.<\/strong><!--more--><br \/>\n<div class=\"ads-in-post1\"><div id=\"gazdasagportal.hu_fullbanner_wideboard\"><\/div>\r\n<\/div>\n<p>A nemzeti p\u00e9nz\u00fcgyi szolg\u00e1ltat\u00e1sok\u00e9rt \u00e9s posta\u00fcgyek\u00e9rt felel\u0151s \u00e1llamtitk\u00e1r elmondta: a Magyar Fejleszt\u00e9si Bank az elm\u00falt h\u00e9ten beny\u00fajtotta a c\u00e9gb\u00edr\u00f3s\u00e1ghoz azokat a dokumentumokat, amelyek a k\u00f6zm\u0171szolg\u00e1ltat\u00f3 bejegyz\u00e9s\u00e9hez sz\u00fcks\u00e9gesek.<br \/>\nAz ENKSZ tavasszal a f\u00f6ldg\u00e1zell\u00e1t\u00e1sban kezdi meg a lakoss\u00e1gi szolg\u00e1ltat\u00e1st, a F\u0151g\u00e1z b\u00e1zis\u00e1n, de a c\u00e9g tev\u00e9kenys\u00e9g\u00e9t az eg\u00e9sz orsz\u00e1gra kiterjesztik &#8211; k\u00f6z\u00f6lte az \u00e1llamtitk\u00e1r.<br \/>\nN\u00e9meth L\u00e1szl\u00f3n\u00e9 a sajt\u00f3t\u00e1j\u00e9koztat\u00f3n bemutatta a nemzeti k\u00f6zm\u0171szolg\u00e1ltat\u00f3 vez\u00e9rigazgat\u00f3j\u00e1t, Horv\u00e1th P\u00e9ter J\u00e1nost, aki eddig az MVM Magyar Villamos M\u0171vek g\u00e1z\u00fczlet\u00e1g\u00e1nak vezet\u0151je volt.<br \/>\nAz \u00e1llamtitk\u00e1r felid\u00e9zte, hogy 2014 augusztus\u00e1ban sz\u00fcletett a korm\u00e1nyhat\u00e1rozat az els\u0151 nemzeti k\u00f6zm\u0171szolg\u00e1ltat\u00f3 c\u00e9g l\u00e9trehoz\u00e1s\u00e1r\u00f3l.<br \/>\nA Minisztereln\u00f6ks\u00e9g a napokban kiadta a Magyar Fejleszt\u00e9si Banknak azt az alap\u00edt\u00f3i hat\u00e1rozat\u00e1t, amely a nemzeti k\u00f6zm\u0171szolg\u00e1ltat\u00f3 l\u00e9trehoz\u00e1s\u00e1r\u00f3l sz\u00f3l, a Magyar Nemzeti Vagyonkezel\u0151 pedig meghatalmazta a bankot, hogy elj\u00e1rhasson az \u00e1llam nev\u00e9ben a c\u00e9galap\u00edt\u00e1sn\u00e1l &#8211; mondta el.<br \/>\n\u00cdgy hivatalosan is megkezdi tev\u00e9kenys\u00e9g\u00e9t az a t\u00e1rsas\u00e1g, amely az \u00e1llami k\u00f6zm\u0171szolg\u00e1ltat\u00e1s egys\u00e9ges \u00e9s k\u00f6zponti ir\u00e1ny\u00edt\u00e1s\u00e1\u00e9rt felel &#8211; k\u00f6z\u00f6lte N\u00e9meth L\u00e1szl\u00f3n\u00e9.<br \/>\nA c\u00e9g feladata, hogy kialak\u00edtsa az \u00e1llami k\u00f6zm\u0171szolg\u00e1ltat\u00e1sok rendszer\u00e9t a f\u00f6ldg\u00e1z, a villamos energia \u00e9s a t\u00e1vh\u0151 ter\u00fclet\u00e9n. Az \u00e1llamtitk\u00e1r a hat\u00e9kony \u00e9s olcs\u00f3 szolg\u00e1ltat\u00e1st hangs\u00falyozva kiemelte a Magyar Posta \u00e9s a d\u00edjbeszed\u0151 bekapcsol\u00e1s\u00e1t a szolg\u00e1ltat\u00e1si l\u00e1ncba.<br \/>\nFolyamatban van az \u00e1llami tulajdon\u00fa F\u0151g\u00e1z Zrt. tev\u00e9kenys\u00e9gi k\u00f6r\u00e9nek kiterjeszt\u00e9se orsz\u00e1gos szint\u0171re, \u00edgy a lakoss\u00e1gi g\u00e1zszolg\u00e1ltat\u00e1s hamarosan az eg\u00e9sz orsz\u00e1g ter\u00fclet\u00e9n el\u00e9rhet\u0151v\u00e9 v\u00e1lik a fogyaszt\u00f3k sz\u00e1m\u00e1ra &#8211; mondta.<br \/>\nIsmertette azt is: az \u00fcgyf\u00e9lszolg\u00e1lati pontok a F\u0151g\u00e1z ismert \u00fcgyf\u00e9lszolg\u00e1latai mellett a posta kirendelts\u00e9gein ny\u00edlnak meg. M\u00e9g folyik az a vizsg\u00e1lat, amely alapj\u00e1n kijel\u00f6lik azokat a helyeket, ahol v\u00e1rj\u00e1k majd a szerz\u0151dni k\u00edv\u00e1n\u00f3 \u00fcgyfeleket.<br \/>\nAz \u00e1llamtitk\u00e1r utalt arra is, hogy a posta \u00e9s a d\u00edjbeszed\u0151 ny\u00fajtotta lehet\u0151s\u00e9gek kihaszn\u00e1l\u00e1sa \u00e9sszer\u0171 egy\u00fcttm\u0171k\u00f6d\u00e9st tesz lehet\u0151v\u00e9, a fogyaszt\u00f3k sz\u00e1m\u00e1ra pedig k\u00e9nyelmes, egyablakos \u00fcgyint\u00e9z\u00e9st biztos\u00edt.<br \/>\nA k\u00e9s\u0151bbiek sor\u00e1n bekapcsolj\u00e1k az egyablakos \u00fcgyf\u00e9lkiszolg\u00e1l\u00e1sba a korm\u00e1nyablakokat is, hogy a lakoss\u00e1g m\u00e9g k\u00e9nyelmesebben int\u00e9zhesse az \u00e1llami k\u00f6zm\u0171szolg\u00e1ltat\u00e1ssal kapcsolatos minden \u00fcgy\u00e9t.<br \/>\nN\u00e9meth L\u00e1szl\u00f3n\u00e9 kiemelte: a nonprofit alapon m\u0171k\u00f6d\u0151 nemzeti k\u00f6zszolg\u00e1ltat\u00e1s azt jelenti, hogy nem profit\u00e9rdekelts\u00e9gb\u0151l tesznek meg l\u00e9p\u00e9seket, nincsenek olyan kit\u0171z\u00f6tt profitelv\u00e1r\u00e1sok, mint a k\u00fclf\u00f6ldi r\u00e9szv\u00e9nyesekn\u00e9l.<br \/>\nAz ell\u00e1t\u00e1sbiztons\u00e1got \u00e9s a fogyaszt\u00f3k \u00e9rdekeit tartj\u00e1k szem el\u0151tt, a takar\u00e9kos m\u0171k\u00f6d\u00e9sb\u0151l \u00e9s az \u00e1llami infrastrukt\u00far\u00e1k bekapcsol\u00e1s\u00e1b\u00f3l ad\u00f3d\u00f3 megtakar\u00edt\u00e1st pedig a tov\u00e1bbi rezsics\u00f6kkent\u00e9s lehet\u0151s\u00e9g\u00e9nek biztos\u00edt\u00e1s\u00e1ra, illetve fejleszt\u00e9sre, szolg\u00e1ltat\u00e1s-b\u0151v\u00edt\u00e9sre ford\u00edtj\u00e1k majd &#8211; hangs\u00falyozta az \u00e1llamtitk\u00e1r.<br \/>\nUgyanakkor piaci felt\u00e9telek mellett jelennek meg a piacon, mert minden \u00e9rv\u00e9nyes hazai \u00e9s uni\u00f3s szab\u00e1lyoz\u00e1st be fog tartani a k\u00f6zm\u0171szolg\u00e1ltat\u00f3 &#8211; tette hozz\u00e1.<br \/>\nAz \u00e1llamtitk\u00e1r kit\u00e9rt arra is, hogy a m\u00e1sodik l\u00e9pcs\u0151ben az \u00e1ramszolg\u00e1ltat\u00e1si piacra l\u00e9p be a nemzeti k\u00f6zm\u0171szolg\u00e1ltat\u00f3. Ennek \u00e9rdek\u00e9ben intenz\u00edv t\u00e1rgyal\u00e1sokat folytat a korm\u00e1ny az MFB bekapcsol\u00e1s\u00e1val a piac t\u00f6bb szerepl\u0151j\u00e9vel. Az \u00e1ramszolg\u00e1ltat\u00e1st 2016-ban mindenk\u00e9ppen el tudja kezdeni az ENKSZ, de nem kiz\u00e1rt a 2015-\u00f6s kezd\u00e9s sem &#8211; hangs\u00falyozta N\u00e9meth L\u00e1szl\u00f3n\u00e9.<br \/>\nA harmadik a t\u00e1vh\u0151szolg\u00e1ltat\u00e1s lesz, itt m\u00e9g sok feladat \u00e1ll a korm\u00e1nyzati szerepl\u0151k el\u0151tt.<br \/>\nA nemzeti k\u00f6zm\u0171szolg\u00e1ltat\u00f3 a k\u00f6vetkez\u0151 2-3 \u00e9vben fogja elnyerni azt a m\u0171k\u00f6d\u00e9si form\u00e1t \u00e9s azt az \u00fczemm\u00e9retet, amely biztos\u00edtani fogja az optim\u00e1lis hat\u00e9konys\u00e1got &#8211; \u00f6sszegezte az \u00e1llamtitk\u00e1r.<br \/>\nHorv\u00e1th P\u00e9ter J\u00e1nos, az ENKSZ Els\u0151 Nemzeti K\u00f6zm\u0171szolg\u00e1ltat\u00f3 Zrt. vez\u00e9rigazgat\u00f3ja elmondta: \u00faj fejezet kezd\u0151dik a hazai k\u00f6zm\u0171szolg\u00e1ltat\u00e1sban, az \u00e1talakul\u00e1s a fogyaszt\u00f3knak tart\u00f3san megfizethet\u0151 szolg\u00e1ltat\u00e1sokat biztos\u00edt majd. A folyamat a rezsics\u00f6kkent\u00e9ssel kezd\u0151d\u00f6tt, majd tart\u00f3ss\u00e1 t\u00e9tel\u00e9nek ig\u00e9ny\u00e9vel folytat\u00f3dott, \u00e9s most megkezd\u0151d\u00f6tt a megval\u00f3s\u00edt\u00e1s f\u00e1zisa &#8211; hangs\u00falyozta.<br \/>\nA vez\u00e9rigazgat\u00f3 ismertette: kor\u00e1bban t\u00f6bb mint 20 \u00e9vig dolgozott a Mol Csoportn\u00e1l k\u00fcl\u00f6nb\u00f6z\u0151 vezet\u0151 beoszt\u00e1sokban, 2010-t\u0151l az energiahivatalt vezette, majd az elm\u00falt 20 h\u00f3napban az MVM Magyar Villamos M\u0171vek g\u00e1z\u00fczlet\u00e1g\u00e1nak vezet\u0151je volt.(MTI)<\/p>\n<p>&nbsp;<\/p>\n","protected":false},"excerpt":{"rendered":"<p>Elindul az ENKSZ Els\u0151 Nemzeti K\u00f6zm\u0171szolg\u00e1ltat\u00f3 Zrt. m\u00e1rciusban, a c\u00e9gb\u00edr\u00f3s\u00e1gi bejegyz\u00e9s folyamatban van; a szolg\u00e1ltat\u00e1s megkezd\u00e9se az energiahivatal enged\u00e9ly\u00e9t\u0151l f\u00fcgg, amely m\u00e1rcius v\u00e9g\u00e9re v\u00e1rhat\u00f3 &#8211; jelentette be N\u00e9meth L\u00e1szl\u00f3n\u00e9, a Minisztereln\u00f6ks\u00e9g \u00e1llamtitk\u00e1ra szerdai budapesti sajt\u00f3t\u00e1j\u00e9koztat\u00f3j\u00e1n.<\/p>\n","protected":false},"author":1,"featured_media":0,"comment_status":"open","ping_status":"closed","sticky":false,"template":"","format":"standard","meta":[],"categories":[19],"tags":[],"_links":{"self":[{"href":"https:\/\/gazdasagportal.hu\/index.php\/wp-json\/wp\/v2\/posts\/56318"}],"collection":[{"href":"https:\/\/gazdasagportal.hu\/index.php\/wp-json\/wp\/v2\/posts"}],"about":[{"href":"https:\/\/gazdasagportal.hu\/index.php\/wp-json\/wp\/v2\/types\/post"}],"author":[{"embeddable":true,"href":"https:\/\/gazdasagportal.hu\/index.php\/wp-json\/wp\/v2\/users\/1"}],"replies":[{"embeddable":true,"href":"https:\/\/gazdasagportal.hu\/index.php\/wp-json\/wp\/v2\/comments?post=56318"}],"version-history":[{"count":1,"href":"https:\/\/gazdasagportal.hu\/index.php\/wp-json\/wp\/v2\/posts\/56318\/revisions"}],"predecessor-version":[{"id":56319,"href":"https:\/\/gazdasagportal.hu\/index.php\/wp-json\/wp\/v2\/posts\/56318\/revisions\/56319"}],"wp:attachment":[{"href":"https:\/\/gazdasagportal.hu\/index.php\/wp-json\/wp\/v2\/media?parent=56318"}],"wp:term":[{"taxonomy":"category","embeddable":true,"href":"https:\/\/gazdasagportal.hu\/index.php\/wp-json\/wp\/v2\/categories?post=56318"},{"taxonomy":"post_tag","embeddable":true,"href":"https:\/\/gazdasagportal.hu\/index.php\/wp-json\/wp\/v2\/tags?post=56318"}],"curies":[{"name":"wp","href":"https:\/\/api.w.org\/{rel}","templated":true}]}}