{"id":56307,"date":"2015-02-18T12:47:16","date_gmt":"2015-02-18T11:47:16","guid":{"rendered":"http:\/\/stockportal.hu\/?p=56307"},"modified":"2015-02-18T12:47:16","modified_gmt":"2015-02-18T11:47:16","slug":"adougyi-atlathatosagot-celzo-javaslatot-keszit-az-europai-bizottsag","status":"publish","type":"post","link":"https:\/\/gazdasagportal.hu\/index.php\/adougyi-atlathatosagot-celzo-javaslatot-keszit-az-europai-bizottsag\/","title":{"rendered":"Ad\u00f3\u00fcgyi \u00e1tl\u00e1that\u00f3s\u00e1got c\u00e9lz\u00f3 javaslatot k\u00e9sz\u00edt az Eur\u00f3pai Bizotts\u00e1g"},"content":{"rendered":"<p><strong>Az Eur\u00f3pai Bizotts\u00e1g szerd\u00e1n \u00fagy d\u00f6nt\u00f6tt, hogy m\u00e1rciusban uni\u00f3s jogi szab\u00e1lyoz\u00e1sra tesz javaslatot az ad\u00f3z\u00e1s ter\u00e9n biztos\u00edtand\u00f3 \u00e1tl\u00e1that\u00f3s\u00e1g \u00fcgy\u00e9ben.<\/strong><!--more--><\/p>\n<div class=\"ads-in-post1\"><div id=\"gazdasagportal.hu_fullbanner_wideboard\"><\/div>\r\n<\/div>\n<p>    Az err\u0151l sz\u00f3l\u00f3 k\u00f6zlem\u00e9ny szerint az elgondol\u00e1s az ad\u00f3kiker\u00fcl\u00e9s elleni k\u00fczdelem jegy\u00e9ben sz\u00fcletett. A biztosi test\u00fclet a nap folyam\u00e1n \u00fagynevezett orient\u00e1ci\u00f3s vit\u00e1ban tekintette \u00e1t azokat a f\u0151bb int\u00e9zked\u00e9seket, amelyek a kor\u00e1bbin\u00e1l igazs\u00e1gosabb \u00e9s \u00e1tl\u00e1that\u00f3bb uni\u00f3s ad\u00f3z\u00e1si megk\u00f6zel\u00edt\u00e9s szolg\u00e1lat\u00e1ba \u00e1ll\u00edthat\u00f3k.<br \/>\n    Jean-Claude Juncker, az EU javaslattev\u0151-v\u00e9grehajt\u00f3 int\u00e9zm\u00e9ny\u00e9nek eln\u00f6ke a k\u00f6zlem\u00e9ny szerint ennek kapcs\u00e1n azt hangs\u00falyozta, hogy az ad\u00f3csal\u00e1s \u00e9s az ad\u00f3kiker\u00fcl\u00e9s elleni k\u00fczdelem az \u00e1ltala vezetett test\u00fclet egyik legfontosabb politikai priorit\u00e1sa.<br \/>\n    A biztosok egy\u00f6ntet\u0171 v\u00e9lem\u00e9nye szerint &#8211; olvashat\u00f3 a k\u00f6zlem\u00e9nyben &#8211; az els\u0151dleges c\u00e9lkit\u0171z\u00e9s az, hogy minden v\u00e1llalkoz\u00e1s ott fizessen ad\u00f3t, ahol nyeres\u00e9gtermel\u0151 gazdas\u00e1gi tev\u00e9kenys\u00e9g\u00e9t folytatja, \u00e9s senki ne b\u00fajhasson ki k\u00f6telezetts\u00e9gei al\u00f3l. E tekintetben a biztosi test\u00fclet tagjai hat\u00e1rozottan egyet\u00e9rtettek abban, hogy az ad\u00f3z\u00e1si \u00e1tl\u00e1that\u00f3s\u00e1got mindenekel\u0151tt a t\u00e1rsas\u00e1gi ad\u00f3z\u00e1s ter\u00fclet\u00e9n lenne sz\u00fcks\u00e9ges fokozni.<br \/>\n    Pierre Moscovicit\u0151l, a gazdas\u00e1gi \u00e9s p\u00e9nz\u00fcgyek\u00e9rt, valamint ad\u00f3- \u00e9s v\u00e1m\u00fcgy\u00e9rt felel\u0151s EU-biztost\u00f3l olyan kijelent\u00e9st id\u00e9zett az Eur\u00f3pai Bizotts\u00e1g k\u00f6zlem\u00e9nye, miszerint &#8222;a vissza\u00e9l\u00e9sszer\u0171 ad\u00f3z\u00e1snak \u00e9s a k\u00e1ros ad\u00f3int\u00e9zked\u00e9seknek kedveznek a min\u00e9l hom\u00e1lyosabb felt\u00e9telek: e praktik\u00e1knak term\u00e9szetes ellens\u00e9ge az \u00e1tl\u00e1that\u00f3s\u00e1g \u00e9s az egy\u00fcttm\u0171k\u00f6d\u00e9s. Ideje, hogy olyan \u00faj korszakba l\u00e9pj\u00fcnk, amelyben az ad\u00f3hat\u00f3s\u00e1gok megny\u00edlnak egym\u00e1s fel\u00e9, \u00e9s a korm\u00e1nyok szolid\u00e1risak egym\u00e1ssal a mindenkire kiterjed\u0151 igazs\u00e1gos ad\u00f3z\u00e1s biztos\u00edt\u00e1sa \u00e9rdek\u00e9ben.&#8221;(MTI)<\/p>\n","protected":false},"excerpt":{"rendered":"<p>Az Eur\u00f3pai Bizotts\u00e1g szerd\u00e1n \u00fagy d\u00f6nt\u00f6tt, hogy m\u00e1rciusban uni\u00f3s jogi szab\u00e1lyoz\u00e1sra tesz javaslatot az ad\u00f3z\u00e1s ter\u00e9n biztos\u00edtand\u00f3 \u00e1tl\u00e1that\u00f3s\u00e1g \u00fcgy\u00e9ben.<\/p>\n","protected":false},"author":1,"featured_media":0,"comment_status":"open","ping_status":"closed","sticky":false,"template":"","format":"standard","meta":[],"categories":[20],"tags":[],"_links":{"self":[{"href":"https:\/\/gazdasagportal.hu\/index.php\/wp-json\/wp\/v2\/posts\/56307"}],"collection":[{"href":"https:\/\/gazdasagportal.hu\/index.php\/wp-json\/wp\/v2\/posts"}],"about":[{"href":"https:\/\/gazdasagportal.hu\/index.php\/wp-json\/wp\/v2\/types\/post"}],"author":[{"embeddable":true,"href":"https:\/\/gazdasagportal.hu\/index.php\/wp-json\/wp\/v2\/users\/1"}],"replies":[{"embeddable":true,"href":"https:\/\/gazdasagportal.hu\/index.php\/wp-json\/wp\/v2\/comments?post=56307"}],"version-history":[{"count":1,"href":"https:\/\/gazdasagportal.hu\/index.php\/wp-json\/wp\/v2\/posts\/56307\/revisions"}],"predecessor-version":[{"id":56308,"href":"https:\/\/gazdasagportal.hu\/index.php\/wp-json\/wp\/v2\/posts\/56307\/revisions\/56308"}],"wp:attachment":[{"href":"https:\/\/gazdasagportal.hu\/index.php\/wp-json\/wp\/v2\/media?parent=56307"}],"wp:term":[{"taxonomy":"category","embeddable":true,"href":"https:\/\/gazdasagportal.hu\/index.php\/wp-json\/wp\/v2\/categories?post=56307"},{"taxonomy":"post_tag","embeddable":true,"href":"https:\/\/gazdasagportal.hu\/index.php\/wp-json\/wp\/v2\/tags?post=56307"}],"curies":[{"name":"wp","href":"https:\/\/api.w.org\/{rel}","templated":true}]}}