{"id":56160,"date":"2015-02-16T10:47:05","date_gmt":"2015-02-16T09:47:05","guid":{"rendered":"http:\/\/stockportal.hu\/?p=56160"},"modified":"2015-02-16T10:55:26","modified_gmt":"2015-02-16T09:55:26","slug":"technikai-elemzes-forex-tozsde-deviza-arany-olaj-2015-02-16","status":"publish","type":"post","link":"https:\/\/gazdasagportal.hu\/index.php\/technikai-elemzes-forex-tozsde-deviza-arany-olaj-2015-02-16\/","title":{"rendered":"Technikai elemz\u00e9s: Forex, t\u0151zsde, deviza, arany, olaj \u2013 2015.02.16"},"content":{"rendered":"<p><strong>G\u00f6r\u00f6gorsz\u00e1g uralja a napot A mai piacot term\u00e9szetesen a G\u00f6r\u00f6gorsz\u00e1ggal kapcsolatos fejlem\u00e9nyek hat\u00e1rozz\u00e1k meg. Az eur\u00f3pai p\u00e9nz\u00fcgyminiszterek &#8211; t\u00f6bbek k\u00f6z\u00f6tt term\u00e9szetesen a g\u00f6r\u00f6g p\u00e9nz\u00fcgyminiszter, Varoufakisz &#8211; ism\u00e9t Br\u00fcsszelben tal\u00e1lkoznak, hogy meg\u00e1llapod\u00e1sra juthassanak. A g\u00f6r\u00f6g hivatalnokok szombaton t\u00e1rgyaltak a troik\u00e1val; az EU bizotts\u00e1gi eln\u00f6ke, Juncker vas\u00e1rnap besz\u00e9lt a g\u00f6r\u00f6g minisztereln\u00f6kkel, Tsziprasszal, de nincs h\u00edr d\u00f6nt\u00e9s\u00fckr\u0151l (ha egy\u00e1ltal\u00e1n sz\u00fcletett valamilyen). <\/strong><!--more--><\/p>\n<div class=\"ads-in-post1\"><div id=\"gazdasagportal.hu_fullbanner_wideboard\"><\/div>\r\n<\/div>\n<ul>\n<li><strong>G\u00f6r\u00f6gorsz\u00e1g uralja a napot\u00a0\u00a0 <\/strong>A mai piacot term\u00e9szetesen a G\u00f6r\u00f6gorsz\u00e1ggal kapcsolatos fejlem\u00e9nyek hat\u00e1rozz\u00e1k meg. Az eur\u00f3pai p\u00e9nz\u00fcgyminiszterek &#8211; t\u00f6bbek k\u00f6z\u00f6tt term\u00e9szetesen a g\u00f6r\u00f6g p\u00e9nz\u00fcgyminiszter, Varoufakisz &#8211; ism\u00e9t Br\u00fcsszelben tal\u00e1lkoznak, hogy meg\u00e1llapod\u00e1sra juthassanak. A g\u00f6r\u00f6g hivatalnokok szombaton t\u00e1rgyaltak a troik\u00e1val; az EU bizotts\u00e1gi eln\u00f6ke, Juncker vas\u00e1rnap besz\u00e9lt a g\u00f6r\u00f6g minisztereln\u00f6kkel, Tsziprasszal, de nincs h\u00edr d\u00f6nt\u00e9s\u00fckr\u0151l (ha egy\u00e1ltal\u00e1n sz\u00fcletett valamilyen). A SYRIZA p\u00e1rtot t\u00e1mogat\u00f3 megszor\u00edt\u00e1s-ellenes megmozdul\u00e1sokat tartottak 20 eur\u00f3pai v\u00e1rosban a h\u00e9tv\u00e9ge sor\u00e1n, ami fokozta az EU politikusaira h\u00e1rul\u00f3 nyom\u00e1st, hogy kompromisszumokat k\u00f6ssenek, k\u00fcl\u00f6nben a k\u00f6vetkez\u0151 v\u00e1laszt\u00e1son elb\u00facs\u00fazhatnak hivatalukt\u00f3l. V\u00e1rhat\u00f3an valamilyen meg\u00e1llapod\u00e1sra jutnak, b\u00e1r term\u00e9szetesen mindig fenn\u00e1ll bizonyos k\u00e9tely. Ha pedig nem \u00e1llapodnak meg, felmer\u00fcl a k\u00e9rd\u00e9s a val\u00f3di hat\u00e1rid\u0151t illet\u0151en. Am\u00edg benne vannak az eur\u00f3\u00f6vezetben, van rem\u00e9ny a meg\u00e1llapod\u00e1sra. Mindazon\u00e1ltal figyelemre m\u00e9lt\u00f3 volt, hogy az eur\u00f3 (\u00e9s \u201e\u00e1rny\u00e9ka\u201d, a CHF) volt az egyetlen G10 deviza, amely ma nem nyitott a doll\u00e1rhoz k\u00e9pest magasabb szinten a p\u00e9ntek reggelhez k\u00e9pest, annak ellen\u00e9re, hogy a p\u00e9nteken k\u00f6zz\u00e9tett 4. negyed\u00e9ves GDP a v\u00e1rtn\u00e1l kedvez\u0151bb lett. Ez arra utal, hogy bizonyos m\u00e9rt\u00e9k\u0171 t\u00f6bbletkock\u00e1zat van begy\u0171r\u0171z\u0151ben. Az Eurogroup G\u00f6r\u00f6gorsz\u00e1gr\u00f3l sz\u00f3l\u00f3 \u00e9rtekezlet\u00e9re csak este ker\u00fcl sor, ez\u00e9rt a keresked\u00e9s addig v\u00e1rhat\u00f3an k\u00f6vetkezetlen lesz, \u00e9s kilenghet a megjelen\u0151 h\u00edrek hat\u00e1s\u00e1ra.<\/li>\n<li><strong>Jap\u00e1n n\u00f6veked\u00e9se csal\u00f3d\u00e1st kelt\u0151 <\/strong>Jap\u00e1n el\u0151zetes 4. negyed\u00e9ves GDP-je negyed\u00e9ves szinten 2,2%-kal (szezon\u00e1lisan korrig\u00e1lt) emelkedett, amely el\u00e9gg\u00e9 kedvez\u0151tlen eredm\u00e9ny a cs\u00f6kken\u00e9ssel jellemzett k\u00e9t egym\u00e1st k\u00f6vet\u0151 negyed\u00e9v ut\u00e1n, valamint j\u00f3val alulmaradt a +3,7%-ra sz\u00e1m\u00edt\u00f3 becsl\u00e9seken. Az emelked\u00e9s negyed\u00e9ves szinten +0,6%-os volt, amelyb\u0151l 0,2 sz\u00e1zal\u00e9kpontot a k\u00e9szlet\u00e1llom\u00e1ny n\u00f6veked\u00e9se \u00e9s 0,2 sz\u00e1zal\u00e9kpontot a nett\u00f3 export tesz ki, ami szerint a belf\u00f6ldi gazdas\u00e1g csak kb. egyharmaddal j\u00e1rult hozz\u00e1 a kereslet teljes n\u00f6veked\u00e9s\u00e9hez \u2013 \u00e9s ez recesszi\u00f3b\u00f3l \u00e1ll helyre. Ezen gyenge n\u00f6veked\u00e9s k\u00f6zepette a piacok alaposan megfigyelik, mit mond a BoJ korm\u00e1nyz\u00f3ja, Kuroda szerd\u00e1n, a BoJ \u00e9rtekezlete ut\u00e1n (l\u00e1sd al\u00e1bb). A kapacit\u00e1skihaszn\u00e1lts\u00e1g m\u00e9g nem t\u00e9rt vissza a p\u00e9nz\u00fcgyi v\u00e1ls\u00e1g el\u0151tti szintre, \u00e9s az orsz\u00e1g ezen id\u0151szak 43%-\u00e1ban defl\u00e1ci\u00f3ban volt. Ha arra v\u00e1r, hogy jelent\u0151s hazai kereslet t\u00f6mje be a kibocs\u00e1t\u00e1sbeli h\u00e9zagot \u00e9s kezdje emelni az \u00e1rakat, akkor hossz\u00fa ideig kell v\u00e1rnia. Ez\u00e9rt k\u00e9tlem, hogy val\u00f3j\u00e1ban annyira agg\u00f3dnak a gyenge jen miatt, \u00e9s ez\u00e9rt \u00fagy v\u00e9lem, hogy val\u00f3sz\u00edn\u0171leg k\u00f6vetik ezt az \u00fatvonalat.<\/li>\n<li><strong>Mai esem\u00e9nyek: <\/strong>Az eur\u00f3pai nap sor\u00e1n a f\u0151 esem\u00e9ny a g\u00f6r\u00f6g ad\u00f3ss\u00e1gr\u00f3l folytatand\u00f3, d\u00f6nt\u0151 fontoss\u00e1g\u00fa Eurogroup \u00e9rtekezlet lesz.<\/li>\n<li>A Sv\u00e1jci Nemzeti Bank k\u00f6zz\u00e9teszi a l\u00e1tra sz\u00f3l\u00f3 bet\u00e9tek heti adat\u00e1t, amely f\u00e9nyt der\u00edthet arra, hogy a Bank beavatkozott-e a devizapiac t\u00f6rt\u00e9n\u00e9seibe a febru\u00e1r 13-\u00e1n v\u00e9get \u00e9rt h\u00e9ten. A tov\u00e1bbi beavatkoz\u00e1sra utal\u00f3 jelek valamelyest gyeng\u00edthetik a sv\u00e1jci frankot.<\/li>\n<li>Az eur\u00f3\u00f6vezet (decemberi) \u00e9s Norv\u00e9gia (janu\u00e1ri) kereskedelmi m\u00e9rlege is napvil\u00e1got l\u00e1t.<\/li>\n<li>Az USA-beli piacok ma nemzeti \u00fcnnep (Eln\u00f6k Napja) miatt z\u00e1rva tartanak.<\/li>\n<li>H\u00e9tf\u0151n csak egy szem\u00e9ly tart besz\u00e9det: a Riksbank korm\u00e1nyz\u00f3ja, Stefan Ingves.<\/li>\n<li><strong>A h\u00e9t h\u00e1tral\u00e9v\u0151 r\u00e9sz\u00e9ben:<\/strong> Kedden az Ausztr\u00e1l Nemzeti Bank k\u00f6zz\u00e9teszi a febru\u00e1ri \u00e9rtekezlet\u00e9r\u0151l k\u00e9sz\u00fclt jegyz\u0151k\u00f6nyvet, amikor is 25 b\u00e1zisponttal cs\u00f6kkentette a jegybanki alapkamatl\u00e1bat. A jegyz\u0151k\u00f6nyvb\u0151l val\u00f3sz\u00edn\u0171leg kider\u00fcl, hogy a kamatl\u00e1bcs\u00f6kkent\u00e9s f\u0151 okai az alacsony infl\u00e1ci\u00f3 \u00e9s a n\u00f6vekv\u0151 munkan\u00e9lk\u00fclis\u00e9g. Eur\u00f3p\u00e1ban a n\u00e9met febru\u00e1ri ZEW felm\u00e9r\u00e9s \u00e1ll majd a figyelem k\u00f6z\u00e9ppontj\u00e1ban. Mindk\u00e9t index emelkedett az el\u0151rejelz\u00e9s szerint. Ez m\u00e1r az indexek 4. egym\u00e1st k\u00f6vet\u0151 emelked\u00e9se lenne, ami tov\u00e1bbi bizony\u00edt\u00e9kokat szolg\u00e1ltatna a meglep\u0151en kedvez\u0151 4. negyed\u00e9ves GDP-hez arr\u00f3l, hogy a n\u00e9met gazdas\u00e1g lend\u00fcletbe j\u00f6n. K\u00f6zz\u00e9teszik az Egyes\u00fclt Kir\u00e1lys\u00e1g janu\u00e1ri fogyaszt\u00f3i \u00e1rindex\u00e9t, amelyben v\u00e1rhat\u00f3an tov\u00e1bbi lassul\u00e1s k\u00f6vetkezett be. Ez val\u00f3sz\u00edn\u0171leg meger\u0151s\u00edti a cs\u00fct\u00f6rt\u00f6ki infl\u00e1ci\u00f3s jelent\u00e9sben szerepl\u0151 megjegyz\u00e9seket, miszerint a fogyaszt\u00f3i \u00e1rindex nulla al\u00e1 cs\u00f6kkenhet a k\u00f6vetkez\u0151 h\u00f3napokban, \u00e9s a 2015-\u00f6s \u00e9v legnagyobb r\u00e9sz\u00e9ben k\u00f6zel marad ahhoz. Sv\u00e9dorsz\u00e1g publik\u00e1lja a CPIF indexet \u2013 a Riksbank kedvenc infl\u00e1ci\u00f3s mutat\u00f3sz\u00e1m\u00e1t \u2013 janu\u00e1rra vonatkoz\u00f3an.<\/li>\n<li>Szerd\u00e1n a Jap\u00e1n Nemzeti Bank bizotts\u00e1gi \u00e9rtekezletet tart. A f\u00f3kuszban Kuroda \u00e9rtekezletet k\u00f6vet\u0151 besz\u00e9de, valamint k\u00fcl\u00f6n\u00f6sen az \u00e1ll, hogyan komment\u00e1lja a m\u00falt h\u00e9ten terjed\u0151 h\u00edrt, miszerint a BoJ politikai d\u00f6nt\u00e9shoz\u00f3i szerint a tov\u00e1bbi k\u00f6nny\u00edt\u00e9s \u201ea termel\u00e9kenys\u00e9g ellen hathat\u201d, mivel tov\u00e1bb gyeng\u00edtheti a jent \u00e9s \u00e1rthat a bizalomnak. Az Egyes\u00fclt Kir\u00e1lys\u00e1gban k\u00f6zz\u00e9teszik a decemberi munkan\u00e9lk\u00fclis\u00e9gi r\u00e1t\u00e1t \u00e9s a Bank of England febru\u00e1ri jegyz\u0151k\u00f6nyv\u00e9t. A jegyz\u0151k\u00f6nyvb\u0151l a cs\u00fct\u00f6rt\u00f6ki infl\u00e1ci\u00f3s jelent\u00e9shez hasonl\u00f3 kil\u00e1t\u00e1sra der\u00fclhet f\u00e9ny, miszerint ha a defl\u00e1ci\u00f3 tart\u00f3sabb, mint az el\u0151rejelz\u00e9s, a Bank sz\u00fcks\u00e9g eset\u00e9n k\u00e9szen \u00e1ll a kamatl\u00e1bak cs\u00f6kkent\u00e9s\u00e9re vagy az \u00f6szt\u00f6nz\u0151 int\u00e9zked\u00e9si program kiterjeszt\u00e9s\u00e9re. Az USA-ban a Fed k\u00f6zz\u00e9teszi janu\u00e1r 27-\u00e9n \u00e9s 28-\u00e1n tartott \u00e9rtekezlet\u00e9nek jegyz\u0151k\u00f6nyv\u00e9t. A nyilatkozat valamelyest biztosabb volt a gazdas\u00e1gi helyzetet illet\u0151en: a \u201efoglalkoztat\u00e1s kedvez\u0151 n\u00f6veked\u00e9se\u201d helyett \u201ea foglalkoztat\u00e1s er\u0151teljes n\u00f6veked\u00e9se\u201d kifejez\u00e9st haszn\u00e1lt\u00e1k. B\u00e1rmilyen hivatkoz\u00e1s arra, hogy mikor kezdhetik el a normaliz\u00e1l\u00e1st, illetve amikor hagyj\u00e1k el a \u201et\u00fcrelmes\u201d kifejez\u00e9st, fellend\u00edtheti az amerikai doll\u00e1rt. Szerd\u00e1n K\u00edn\u00e1ban \u00e9s t\u00f6bb \u00e1zsiai orsz\u00e1gban kezdet\u00e9t veszi az \u00faj \u00e9v \u00fcnnepe.<\/li>\n<li>Cs\u00fct\u00f6rt\u00f6k\u00f6n az egyed\u00fcli eml\u00edt\u00e9sre m\u00e9lt\u00f3 mutat\u00f3sz\u00e1m a szok\u00e1sos \u00fajonnan regisztr\u00e1lt munkan\u00e9lk\u00fcliek \u00e1llom\u00e1nya (USA).<\/li>\n<li>A p\u00e9nteki nap a PMI-indexek\u00e9. T\u00f6bb eur\u00f3pai orsz\u00e1g \u00e9s az eur\u00f3z\u00f3na k\u00f6zz\u00e9teszi az el\u0151zetes Markit gy\u00e1rt\u00e1si \u00e9s szolg\u00e1ltat\u00e1si szektorbeli PMI-indexet febru\u00e1rra vonatkoz\u00f3an; az USA-ban a gy\u00e1rt\u00e1si PMI-index l\u00e1t napvil\u00e1got. Ezenk\u00edv\u00fcl az Egyes\u00fclt Kir\u00e1lys\u00e1g viszontelad\u00f3i \u00e9rt\u00e9kes\u00edt\u00e9s\u00e9t is publik\u00e1lj\u00e1k.<\/li>\n<\/ul>\n<p>&nbsp;<\/p>\n<div class=\"grid_16 the-market\">\n<p><strong>Az EUR\/USD p\u00e1r sz\u00fcnetet tart<\/strong><\/p>\n<p><a href=\"http:\/\/shared.ironfx.co.uk\/Morning_Pictures_2015\/February\/16February2015\/EURUSD_16Feb2015.PNG\" target=\"_blank\" rel=\"noopener\"><img decoding=\"async\" src=\"http:\/\/shared.ironfx.co.uk\/Morning_Pictures_2015\/February\/16February2015\/EURUSD_16Feb2015.PNG\" alt=\"\" \/><\/a><\/p>\n<p>Az EUR\/USD p\u00e1r p\u00e9nteken konszolid\u00e1ci\u00f3s m\u00f3don mozgott, \u00e9s az 1,1360-as (S1) t\u00e1maszszint \u00e9s az 50 peri\u00f3dus\u00fa mozg\u00f3\u00e1tlag felett maradt. Az \u00e1rfolyam v\u00e1rhat\u00f3an tov\u00e1bbra is emelkedik \u00e9s teszteli az 1,1540-es (R1) kulcsfontoss\u00e1g\u00fa ellen\u00e1ll\u00e1sszintet. R\u00f6vid t\u00e1v\u00fa mutat\u00f3sz\u00e1maink al\u00e1t\u00e1masztj\u00e1k ezt az elk\u00e9pzel\u00e9st. Az RSI emelkedett, miut\u00e1n t\u00e1maszszintre tal\u00e1lt az 50-es szint felett, mik\u00f6zben az MACD z\u00e9rus \u00e9s jelz\u0151 vonala felett marad. A hosszabb t\u00e1v\u00fa trendet tekintve szerintem a p\u00e1r tov\u00e1bbra is cs\u00f6kken\u0151 trendben van. Az EUR\/USD p\u00e1r alacsonyabb maximum szinteket \u00e9s alacsonyabb minimum szinteket \u00e9r el az 50 \u00e9s a 200 napos mozg\u00f3\u00e1tlag alatt. Ez\u00e9rt a lehets\u00e9ges n\u00f6vekv\u0151 hull\u00e1mokat tov\u00e1bbra is korrekci\u00f3s mozg\u00e1snak tartan\u00e1m.<\/p>\n<p>\u2022 T\u00e1maszszint: 1,1360 (S1), 1,1260 (S2), 1,1100 (S3).<\/p>\n<p>\u2022 Ellen\u00e1ll\u00e1sszint: 1,1540 (R1), 1,1650 (R2), 1,1730 (R3).<\/p>\n<p>&nbsp;<\/p>\n<\/div>\n<div class=\"grid_16 the-market\">\n<p><strong>A GBP\/USD p\u00e1r felfel\u00e9 \u00e1tt\u00f6rte az 1,5420-as szintet<\/strong><\/p>\n<p><a href=\"http:\/\/shared.ironfx.co.uk\/Morning_Pictures_2015\/February\/16February2015\/GBPUSD_16Feb2015.PNG\" target=\"_blank\" rel=\"noopener\"><img decoding=\"async\" src=\"http:\/\/shared.ironfx.co.uk\/Morning_Pictures_2015\/February\/16February2015\/GBPUSD_16Feb2015.PNG\" alt=\"\" \/><\/a><\/p>\n<p>A GBP\/USD p\u00e1r megrekedt az 1,5420-as korl\u00e1t alatt p\u00e9nteken, de a mai \u00e1zsiai d\u00e9lel\u0151tt sor\u00e1n siker\u00fclt azt felfel\u00e9 \u00e1tt\u00f6rnie. A r\u00f6vid t\u00e1v\u00fa ir\u00e1ny szerintem pozit\u00edv marad, ez\u00e9rt a bik\u00e1k most v\u00e1rhat\u00f3an el\u0151k\u00e9sz\u00edtik a terepet a hosszabb\u00edt\u00e1sokhoz az 1,5500-as (R1) pszichol\u00f3giai akad\u00e1ly fel\u00e9. A hosszabb t\u00e1v\u00fa trendet tekintve, am\u00edg a GBP\/USD p\u00e1r a 80-as exponenci\u00e1lis mozg\u00f3\u00e1tlag alatt van, az \u00e1ltal\u00e1nos cs\u00f6kken\u0151 trend szerintem \u00e9rv\u00e9nyben marad, \u00e9s a k\u00f6zelm\u00faltbeli emelked\u00e9st korrekci\u00f3s f\u00e1zisnak tartan\u00e1m, legal\u00e1bbis egyel\u0151re. \u00c9rdemes megjegyezn\u00fcnk, hogy a 80 napos exponenci\u00e1lis mozg\u00f3\u00e1tlag jelenleg egybeesik az 1,5500-as (R1) pszichol\u00f3giai tartom\u00e1nnyal. Ennek eredm\u00e9nyek\u00e9ppen csak az ezen tartom\u00e1ny feletti egy\u00e9rtelm\u0171 z\u00e1r\u00e1s j\u00e1rhat nagyobb bika jelleg\u0171 k\u00f6vetkezm\u00e9nyekkel, \u00e9s lehets\u00e9ges fordulat \u00e1llhat be a trendben.<\/p>\n<p>\u2022 T\u00e1maszszint: 1,5420 (S1), 1,5350 (S2), 1,5300 (S3).<\/p>\n<p>\u2022 Ellen\u00e1ll\u00e1sszint: 1,5500 (R1), 1,5590 (R2), 1,5675 (R3).<\/p>\n<p>&nbsp;<\/p>\n<\/div>\n<div class=\"grid_16 the-market\">\n<p><strong>Az EUR\/JPY p\u00e1r gyakorlatilag v\u00e1ltozatlan<\/strong><\/p>\n<p><a href=\"http:\/\/shared.ironfx.co.uk\/Morning_Pictures_2015\/February\/16February2015\/EURJPY_16Feb2015.PNG\" target=\"_blank\" rel=\"noopener\"><img decoding=\"async\" src=\"http:\/\/shared.ironfx.co.uk\/Morning_Pictures_2015\/February\/16February2015\/EURJPY_16Feb2015.PNG\" alt=\"\" \/><\/a><\/p>\n<p>Az EUR\/JPY p\u00e1r p\u00e9nteken gyakorlatilag v\u00e1ltozatlan volt, \u00e9s a 135,20-as (S1) szint \u00e9s az 50 peri\u00f3dus\u00fa mozg\u00f3\u00e1tlag k\u00f6zel\u00e9ben tart\u00f3zkodott. Mivel az \u00e1rfolyam tov\u00e1bbra is a lehets\u00e9ges \u00e9k alakzaton bel\u00fcl van, egyel\u0151re ink\u00e1bb semleges \u00e1ll\u00e1spontra helyezkedn\u00e9k a r\u00f6vid t\u00e1v\u00fa k\u00e9pet illet\u0151en, \u00e9s v\u00e1rn\u00e9k az alakzatb\u00f3l val\u00f3 kit\u00f6r\u00e9sre. A napi grafikonon l\u00e1that\u00f3, hogy a 130,00-s szintr\u0151l val\u00f3 er\u0151s helyre\u00e1ll\u00e1s korl\u00e1tozott maradt a 136,70-es (R1) tartom\u00e1ny k\u00f6zel\u00e9ben, amely a december 29. \u00e9s janu\u00e1r 26. k\u00f6z\u00f6tti cs\u00f6kken\u00e9s 38,2%-os visszat\u00e9r\u00e9si szintje k\u00f6zel\u00e9ben van. Ez\u00e9rt (legal\u00e1bbis egyel\u0151re) korrekci\u00f3s f\u00e1zisnak tekintem a helyre\u00e1ll\u00e1st.<\/p>\n<p>\u2022 T\u00e1maszszint: 135,20 (S1), 134,15 (S2), 132,30 (S3).<\/p>\n<p>\u2022 Ellen\u00e1ll\u00e1sszint: 136,70 (R1), 137,65 (R2), 139,35 (R3).<\/p>\n<p>&nbsp;<\/p>\n<\/div>\n<div class=\"grid_16 the-market\">\n<p><strong>Az arany valamelyest emelkedett<\/strong><\/p>\n<p><a href=\"http:\/\/shared.ironfx.co.uk\/Morning_Pictures_2015\/February\/16February2015\/XAUUSD_16Feb2015.PNG\" target=\"_blank\" rel=\"noopener\"><img decoding=\"async\" src=\"http:\/\/shared.ironfx.co.uk\/Morning_Pictures_2015\/February\/16February2015\/XAUUSD_16Feb2015.PNG\" alt=\"\" \/><\/a><\/p>\n<p>Az arany p\u00e9nteken tov\u00e1bb emelkedett, miut\u00e1n t\u00e1maszszintre tal\u00e1lt az 1222-es (S1) korl\u00e1t k\u00f6zel\u00e9ben, amely frakcion\u00e1lisan a janu\u00e1r 2. \u00e9s 22. k\u00f6z\u00f6tti emelked\u00e9s 61,8%-os visszat\u00e9r\u00e9si szintje k\u00f6zel\u00e9ben van, valamelyest a ford\u00edtott fej-v\u00e1ll alakzat nyakvonala felett, amely a napi grafikonon l\u00e1that\u00f3 \u00e9s janu\u00e1r 12-\u00e9n fejez\u0151d\u00f6tt be. B\u00e1r az \u00e1rfolyam strukt\u00far\u00e1ja a 4 \u00f3r\u00e1s grafikonon tov\u00e1bbra is r\u00f6vid t\u00e1v\u00fa cs\u00f6kken\u0151 trendre utal, r\u00f6vid t\u00e1v\u00fa mutat\u00f3sz\u00e1mainkra tekintve sz\u00e1m\u00edtan\u00e9k arra, hogy a visszapattan\u00e1s folytat\u00f3dik, \u00e9s tal\u00e1n teszteli az 1245-\u00f6s (R1) tartom\u00e1nyt. Az RSI emelkedett, \u00e9s most az 50-es szint k\u00f6zel\u00e9ben van, mik\u00f6zben az MACD &#8211; b\u00e1r negat\u00edv &#8211; jelent\u0151sen emelkedett, miut\u00e1n felfel\u00e9 \u00e1tt\u00e9rt ind\u00edt\u00f3 vonal\u00e1n. Hosszabb t\u00e1von tov\u00e1bbra is fenn\u00e1ll a visszapattan\u00e1s tov\u00e1bbi hosszabb\u00edt\u00e1s\u00e1nak \u00e9s a magasabb minimum szint val\u00f3sz\u00edn\u0171s\u00e9ge az alakzat nyakvonal\u00e1nak k\u00f6zel\u00e9ben. Ez\u00e9rt az 1305-\u00f6s szintr\u0151l val\u00f3 cs\u00f6kken\u00e9st tov\u00e1bbra is korrekci\u00f3s f\u00e1zisnak tartan\u00e1m.<\/p>\n<p>\u2022 T\u00e1maszszint: 1222 (E1), 1268 (E2), 1185 (E3).<\/p>\n<p>\u2022 Ellen\u00e1ll\u00e1sszint: 1245 (R1), 1255 (R2), 1275 (R3).<\/p>\n<p>&nbsp;<\/p>\n<\/div>\n<div class=\"grid_16 the-market\">\n<p><strong>A WTI ellen\u00e1ll\u00e1sszintre tal\u00e1lt az 53,50-es szint k\u00f6zel\u00e9ben<\/strong><\/p>\n<p><a href=\"http:\/\/shared.ironfx.co.uk\/Morning_Pictures_2015\/February\/16February2015\/CLH5_16Feb2015.PNG\" target=\"_blank\" rel=\"noopener\"><img decoding=\"async\" src=\"http:\/\/shared.ironfx.co.uk\/Morning_Pictures_2015\/February\/16February2015\/CLH5_16Feb2015.PNG\" alt=\"\" \/><\/a><\/p>\n<p>A WTI p\u00e9nteken emelkedett, de az emelked\u00e9st meg\u00e1ll\u00edtotta az 53,50-es (R1) szint. Az \u00e1r tov\u00e1bbra is a r\u00f6vid t\u00e1v\u00fa n\u00f6vekv\u0151 tartom\u00e1nyban van, de mivel negat\u00edv divergencia van momentum mutat\u00f3sz\u00e1maink \u00e9s az \u00e1r mozg\u00e1sa k\u00f6z\u00f6tt, egyel\u0151re a partvonalon maradn\u00e9k. Az 52,00-s (S1) t\u00e1maszszint egy\u00e9rtelm\u0171, lefel\u00e9 val\u00f3 \u00e1tt\u00f6r\u00e9se meger\u0151s\u00edti a divergencia \u00e1ltal \u00e9szlelt gyenges\u00e9get, \u00e9s hosszabb\u00edt\u00e1sokat ind\u00edthat el az 51,00-s (S2) tartom\u00e1ny fel\u00e9. A napi grafikonon a WTI tov\u00e1bbra is az 50 \u00e9s a 200 napos mozg\u00f3\u00e1tlag alatt van. Mindazon\u00e1ltal &#8211; figyelembe v\u00e9ve, hogy a 14 napos RSI visszapattant 50-es szintje k\u00f6zel\u00e9ben \u00e9s bika jelleg\u0171 tartom\u00e1ny\u00e1ban maradt, mik\u00f6zben a napi MACD \u00e9ppen csak a z\u00e9rus vonal f\u00f6l\u00e9 ker\u00fclt &#8211; ink\u00e1bb semleges \u00e1ll\u00e1sponton maradok az \u00e1ltal\u00e1nos k\u00e9pet illet\u0151en.<\/p>\n<p>\u2022 T\u00e1maszszint: 52,00 (S1), 51,00 (S2), 49,65 (S3).<\/p>\n<p>\u2022 Ellen\u00e1ll\u00e1sszint: 53,50 (R1), 54,00 (R2), 55,00 (R3).<\/p>\n<\/div>\n<p>&nbsp;<\/p><div id=\"gazda-953700755\" class=\"gazda-tartalomban gazda-entity-placement\"><script async src=\"https:\/\/pagead2.googlesyndication.com\/pagead\/js\/adsbygoogle.js\"><\/script>\r\n<ins class=\"adsbygoogle\"\r\n     style=\"display:block\"\r\n     data-ad-format=\"fluid\"\r\n     data-ad-layout-key=\"-6t+ed+2i-1n-4w\"\r\n     data-ad-client=\"ca-pub-1959107119989764\"\r\n     data-ad-slot=\"4008251320\"><\/ins>\r\n<script>\r\n     (adsbygoogle = window.adsbygoogle || []).push({});\r\n<\/script><\/div>\n","protected":false},"excerpt":{"rendered":"<p>G\u00f6r\u00f6gorsz\u00e1g uralja a napot A mai piacot term\u00e9szetesen a G\u00f6r\u00f6gorsz\u00e1ggal kapcsolatos fejlem\u00e9nyek hat\u00e1rozz\u00e1k meg. Az eur\u00f3pai p\u00e9nz\u00fcgyminiszterek &#8211; t\u00f6bbek k\u00f6z\u00f6tt term\u00e9szetesen a g\u00f6r\u00f6g p\u00e9nz\u00fcgyminiszter, Varoufakisz &#8211; ism\u00e9t Br\u00fcsszelben tal\u00e1lkoznak, hogy meg\u00e1llapod\u00e1sra juthassanak. A g\u00f6r\u00f6g hivatalnokok szombaton t\u00e1rgyaltak a troik\u00e1val; az EU bizotts\u00e1gi eln\u00f6ke, Juncker vas\u00e1rnap besz\u00e9lt a g\u00f6r\u00f6g minisztereln\u00f6kkel, Tsziprasszal, de nincs h\u00edr d\u00f6nt\u00e9s\u00fckr\u0151l (ha &#8230;<\/p>\n","protected":false},"author":1,"featured_media":39322,"comment_status":"open","ping_status":"closed","sticky":false,"template":"","format":"standard","meta":[],"categories":[146,8,131,153],"tags":[149],"_links":{"self":[{"href":"https:\/\/gazdasagportal.hu\/index.php\/wp-json\/wp\/v2\/posts\/56160"}],"collection":[{"href":"https:\/\/gazdasagportal.hu\/index.php\/wp-json\/wp\/v2\/posts"}],"about":[{"href":"https:\/\/gazdasagportal.hu\/index.php\/wp-json\/wp\/v2\/types\/post"}],"author":[{"embeddable":true,"href":"https:\/\/gazdasagportal.hu\/index.php\/wp-json\/wp\/v2\/users\/1"}],"replies":[{"embeddable":true,"href":"https:\/\/gazdasagportal.hu\/index.php\/wp-json\/wp\/v2\/comments?post=56160"}],"version-history":[{"count":3,"href":"https:\/\/gazdasagportal.hu\/index.php\/wp-json\/wp\/v2\/posts\/56160\/revisions"}],"predecessor-version":[{"id":56163,"href":"https:\/\/gazdasagportal.hu\/index.php\/wp-json\/wp\/v2\/posts\/56160\/revisions\/56163"}],"wp:featuredmedia":[{"embeddable":true,"href":"https:\/\/gazdasagportal.hu\/index.php\/wp-json\/wp\/v2\/media\/39322"}],"wp:attachment":[{"href":"https:\/\/gazdasagportal.hu\/index.php\/wp-json\/wp\/v2\/media?parent=56160"}],"wp:term":[{"taxonomy":"category","embeddable":true,"href":"https:\/\/gazdasagportal.hu\/index.php\/wp-json\/wp\/v2\/categories?post=56160"},{"taxonomy":"post_tag","embeddable":true,"href":"https:\/\/gazdasagportal.hu\/index.php\/wp-json\/wp\/v2\/tags?post=56160"}],"curies":[{"name":"wp","href":"https:\/\/api.w.org\/{rel}","templated":true}]}}