{"id":55180,"date":"2015-01-28T15:48:45","date_gmt":"2015-01-28T14:48:45","guid":{"rendered":"http:\/\/stockportal.hu\/?p=55180"},"modified":"2015-01-28T16:01:14","modified_gmt":"2015-01-28T15:01:14","slug":"forinthitelek-elhalasztottak-az-itelethirdetest-a-raiffeisen-bank-pereben-is","status":"publish","type":"post","link":"https:\/\/gazdasagportal.hu\/index.php\/forinthitelek-elhalasztottak-az-itelethirdetest-a-raiffeisen-bank-pereben-is\/","title":{"rendered":"Forinthitelek \u2013 Elhalasztott\u00e1k az \u00edt\u00e9lethirdet\u00e9st a Raiffeisen Bank per\u00e9ben is"},"content":{"rendered":"<p><strong>Febru\u00e1r 10-re halasztotta az els\u0151fok\u00fa \u00edt\u00e9let kihirdet\u00e9s\u00e9t a Raiffeisen Bank Zrt. magyar \u00e1llam ellen ind\u00edtott per\u00e9ben szerd\u00e1n a F\u0151v\u00e1rosi T\u00f6rv\u00e9nysz\u00e9k a forinthitel-szerz\u0151d\u00e9sek tisztess\u00e9gess\u00e9g\u00e9vel kapcsolatban, hasonl\u00f3an a Raiffeisen L\u00edzing Zrt. \u00fcgy\u00e9ben hozott keddi hat\u00e1rozathoz.<\/strong><!--more--><\/p>\n<div class=\"ads-in-post1\"><div id=\"gazdasagportal.hu_fullbanner_wideboard\"><\/div>\r\n<\/div>\n<p>    A b\u00edr\u00f3s\u00e1g egyben elutas\u00edtotta a felperes p\u00e9nzint\u00e9zet k\u00e9relm\u00e9t arra, hogy a t\u00f6rv\u00e9nysz\u00e9k kezdem\u00e9nyezzen az Eur\u00f3pai Uni\u00f3 B\u00edr\u00f3s\u00e1g\u00e1n\u00e1l el\u0151zetes d\u00f6nt\u00e9shozatali elj\u00e1r\u00e1st, valamint forduljon az Alkotm\u00e1nyb\u00edr\u00f3s\u00e1ghoz (Ab) a 2014. \u00e9vi 38-as t\u00f6rv\u00e9ny alkotm\u00e1nyelleness\u00e9ge miatt.     A Raiffeisen Bank keresetlevel\u00e9ben k\u00e9rte a b\u00edr\u00f3s\u00e1got, hogy \u00e1llap\u00edtsa meg: forintalap\u00fa fogyaszt\u00f3i k\u00f6lcs\u00f6nszerz\u0151d\u00e9seiben, illetve deviza fogyaszt\u00f3i k\u00f6lcs\u00f6nszerz\u0151d\u00e9seiben alkalmazott szerz\u0151d\u00e9ses kik\u00f6t\u00e9sek tisztess\u00e9gesek \u00e9s ez\u00e9rt \u00e9rv\u00e9nyesek.<br \/>\n    Az alperes magyar \u00e1llam k\u00e9pvisel\u0151je a kereset elutas\u00edt\u00e1s\u00e1t k\u00e9rte a b\u00edr\u00f3s\u00e1gt\u00f3l, mivel \u00e1ll\u00e1spontja szerint a szerz\u0151d\u00e9ses felt\u00e9telek egyik id\u0151\u00e1llapotukban sem feleltek meg a t\u00f6rv\u00e9nyi elveknek.     A felperes, a bank jogi k\u00e9pvisel\u0151je a t\u00e1rgyal\u00e1s sor\u00e1n kiemelte: a tisztess\u00e9gtelens\u00e9gi ir\u00e1nyelv szerinti notifik\u00e1ci\u00f3s k\u00f6telezetts\u00e9g megs\u00e9rt\u00e9se k\u00fcl\u00f6n\u00f6s jelent\u0151s\u00e9ggel b\u00edr. A K\u00faria devizaperek sor\u00e1n hozott \u00edt\u00e9letei kimondj\u00e1k, hogy a 2014. \u00e9vi 38-as t\u00f6rv\u00e9ny ezt az ir\u00e1nyelvet implement\u00e1lja, azaz Magyarorsz\u00e1gnak notifik\u00e1ci\u00f3s k\u00f6telezetts\u00e9ge keletkezett, amit nem teljes\u00edtett. Az ir\u00e1nyelv megs\u00e9rt\u00e9s\u00e9nek k\u00f6vetkezm\u00e9nye \u00e1ll\u00e1spontjuk szerint a t\u00f6rv\u00e9ny alkalmaz\u00e1s\u00e1nak tilalma, mivel az ir\u00e1nyelv meghat\u00e1rozott bizonyos tag\u00e1llami t\u00e1j\u00e9koztat\u00e1si \u00e9s konzult\u00e1ci\u00f3s elj\u00e1r\u00e1sokat, amiket notifik\u00e1ci\u00f3 hi\u00e1ny\u00e1ban nem tudott a Bizotts\u00e1g lefolytatni.     A bank jogi k\u00e9pvisel\u0151je egyebek mellett kifejtette: az Alkotm\u00e1nyb\u00edr\u00f3s\u00e1ghoz val\u00f3 fordul\u00e1s az\u00e9rt indokolt, mert a test\u00fclet tavaly devizaalap\u00fa k\u00f6lcs\u00f6nszerz\u0151d\u00e9sek kapcs\u00e1n hozott \u00edt\u00e9let\u00e9ben alkotm\u00e1nyos k\u00e9telyekre utalt az elj\u00e1r\u00e1s eg\u00e9sz\u00e9nek tisztess\u00e9gess\u00e9g\u00e9vel \u00f6sszef\u00fcgg\u00e9sben. Hozz\u00e1tette: az Ab egy kor\u00e1bbi hat\u00e1rozat\u00e1ban nem csak lehet\u0151s\u00e9gk\u00e9nt, hanem k\u00f6vetelm\u00e9nyk\u00e9nt r\u00f6gz\u00edtette az Ab-hoz fordul\u00e1st abban az esetben, ha egy alkalmazand\u00f3 t\u00f6rv\u00e9ny alkotm\u00e1nyoss\u00e1g\u00e1val kapcsolatban k\u00e9tely mer\u00fcl fel a b\u00edr\u00f3s\u00e1gban.     A felperes utalt a p\u00e9nzint\u00e9zetek magatart\u00e1si k\u00f3dex\u00e9re, amelyet az \u00e1llami szervek k\u00f6zrem\u0171k\u00f6d\u00e9s\u00e9vel dolgoztak ki. Ha az ez alapj\u00e1n megfogalmazott szerz\u0151d\u00e9sei felt\u00e9telek nem tisztess\u00e9gesek, akkor a felperes szerint azt kellene meg\u00e1llap\u00edtani, hogy egyebek mellett a Gazdas\u00e1gi Versenyhivatal \u00e9s a Banksz\u00f6vets\u00e9g k\u00f6zrem\u0171k\u00f6d\u00e9s\u00e9vel kidolgozott felt\u00e9telek nem felelnek meg a jogszab\u00e1lyi k\u00f6vetelm\u00e9nyeknek.       A bank jogi k\u00e9pvisel\u0151je kiemelte: az \u00e1tl\u00e1that\u00f3s\u00e1g elv\u00e9vel kapcsolatban kor\u00e1bbi \u00edt\u00e9letek indokl\u00e1s\u00e1ban k\u00fcl\u00f6nb\u00f6z\u0151 v\u00e9lem\u00e9nyek sz\u00fclettek, \u00edgy neh\u00e9z \u00e9rtelmezni a fogalmat.     A magyar \u00e1llam jogi k\u00e9pvisel\u0151je szokatlannak nevezte, hogy egy konkr\u00e9t t\u00e9m\u00e1ban foly\u00f3 elj\u00e1r\u00e1sban sz\u00e9lesk\u00f6r\u0171en elemezte a felperes a vonatkoz\u00f3 t\u00f6rv\u00e9nyt.       Elmondta: a k\u00f6lcs\u00f6nszerz\u0151d\u00e9sek nem privilegiz\u00e1lt szerz\u0151d\u00e9sek, nem indokolt a felperes \u00e1ltal alkalmazott rendk\u00edv\u00fcl sz\u00e9les oklista. A felperesnek joga van a szerz\u0151d\u00e9s egyoldal\u00fa m\u00f3dos\u00edt\u00e1s\u00e1hoz, de az oklista sz\u00e9lesk\u00f6r\u0171 \u00e9s szubjekt\u00edv elemeket is bevesz a szerz\u0151d\u00e9sm\u00f3dos\u00edt\u00e1sra okot ad\u00f3 k\u00f6r\u00fclm\u00e9nyek k\u00f6z\u00e9 \u2013 tette hozz\u00e1 a magyar \u00e1llam jogi k\u00e9pvisel\u0151je.<br \/>\n    A hitelint\u00e9zetek \u2013 a parlament \u00e1ltal tavaly elfogadott elsz\u00e1mol\u00e1si t\u00f6rv\u00e9ny \u00e9rtelm\u00e9ben \u2013 janu\u00e1r 5. \u00e9s 12. k\u00f6z\u00f6tt ind\u00edthattak pert, hogy bizony\u00edts\u00e1k a forintalap\u00fa fogyaszt\u00f3i k\u00f6lcs\u00f6nszerz\u0151d\u00e9sek egyoldal\u00fa m\u00f3dos\u00edt\u00e1s\u00e1nak tisztess\u00e9gess\u00e9g\u00e9t. A t\u00f6rv\u00e9ny szerint a forintalap\u00fa \u00e9s a t\u00e9nylegesen deviz\u00e1ban t\u00f6rlesztett k\u00f6lcs\u00f6nszerz\u0151d\u00e9sek eset\u00e9ben a p\u00e9nzint\u00e9zeteknek augusztus 1. \u00e9s szeptember 30. k\u00f6z\u00f6tt, vagy legk\u00e9s\u0151bb a polg\u00e1ri peres elj\u00e1r\u00e1s befejez\u00e9s\u00e9t\u0151l sz\u00e1m\u00edtott 60. napig kell elk\u00fcldeni\u00fck az elsz\u00e1mol\u00e1st \u00fcgyfeleiknek.<br \/>\n(MTI)<\/p>\n","protected":false},"excerpt":{"rendered":"<p>Febru\u00e1r 10-re halasztotta az els\u0151fok\u00fa \u00edt\u00e9let kihirdet\u00e9s\u00e9t a Raiffeisen Bank Zrt. magyar \u00e1llam ellen ind\u00edtott per\u00e9ben szerd\u00e1n a F\u0151v\u00e1rosi T\u00f6rv\u00e9nysz\u00e9k a forinthitel-szerz\u0151d\u00e9sek tisztess\u00e9gess\u00e9g\u00e9vel kapcsolatban, hasonl\u00f3an a Raiffeisen L\u00edzing Zrt. \u00fcgy\u00e9ben hozott keddi hat\u00e1rozathoz.<\/p>\n","protected":false},"author":1,"featured_media":0,"comment_status":"open","ping_status":"closed","sticky":false,"template":"","format":"standard","meta":[],"categories":[19,112],"tags":[],"_links":{"self":[{"href":"https:\/\/gazdasagportal.hu\/index.php\/wp-json\/wp\/v2\/posts\/55180"}],"collection":[{"href":"https:\/\/gazdasagportal.hu\/index.php\/wp-json\/wp\/v2\/posts"}],"about":[{"href":"https:\/\/gazdasagportal.hu\/index.php\/wp-json\/wp\/v2\/types\/post"}],"author":[{"embeddable":true,"href":"https:\/\/gazdasagportal.hu\/index.php\/wp-json\/wp\/v2\/users\/1"}],"replies":[{"embeddable":true,"href":"https:\/\/gazdasagportal.hu\/index.php\/wp-json\/wp\/v2\/comments?post=55180"}],"version-history":[{"count":2,"href":"https:\/\/gazdasagportal.hu\/index.php\/wp-json\/wp\/v2\/posts\/55180\/revisions"}],"predecessor-version":[{"id":55182,"href":"https:\/\/gazdasagportal.hu\/index.php\/wp-json\/wp\/v2\/posts\/55180\/revisions\/55182"}],"wp:attachment":[{"href":"https:\/\/gazdasagportal.hu\/index.php\/wp-json\/wp\/v2\/media?parent=55180"}],"wp:term":[{"taxonomy":"category","embeddable":true,"href":"https:\/\/gazdasagportal.hu\/index.php\/wp-json\/wp\/v2\/categories?post=55180"},{"taxonomy":"post_tag","embeddable":true,"href":"https:\/\/gazdasagportal.hu\/index.php\/wp-json\/wp\/v2\/tags?post=55180"}],"curies":[{"name":"wp","href":"https:\/\/api.w.org\/{rel}","templated":true}]}}