{"id":55178,"date":"2015-01-28T15:24:50","date_gmt":"2015-01-28T14:24:50","guid":{"rendered":"http:\/\/stockportal.hu\/?p=55178"},"modified":"2015-01-28T15:24:50","modified_gmt":"2015-01-28T14:24:50","slug":"csokken-a-francia-diplomasok-elvandorlasa","status":"publish","type":"post","link":"https:\/\/gazdasagportal.hu\/index.php\/csokken-a-francia-diplomasok-elvandorlasa\/","title":{"rendered":"Cs\u00f6kken a francia diplom\u00e1sok elv\u00e1ndorl\u00e1sa"},"content":{"rendered":"<p><strong>H\u00e1rom \u00e9v ut\u00e1n id\u00e9n el\u0151sz\u00f6r cs\u00f6kken\u0151 tendenci\u00e1t mutat a francia diplom\u00e1sok elv\u00e1ndorl\u00e1si kedve &#8211; der\u00fcl ki az OpinionWay k\u00f6zv\u00e9lem\u00e9ny-kutat\u00f3int\u00e9zet felm\u00e9r\u00e9sb\u0151l, amelyet szerd\u00e1n ismertetett a Le Figaro c\u00edm\u0171 napilap.<\/strong><!--more--><\/p>\n<div class=\"ads-in-post1\"><div id=\"gazdasagportal.hu_fullbanner_wideboard\"><\/div>\r\n<\/div>\n<p>    Az ezer, h\u00e1rom \u00e9ven bel\u00fcl diplom\u00e1zott francia megk\u00e9rdez\u00e9s\u00e9vel k\u00e9sz\u00fclt reprezentat\u00edv felm\u00e9r\u00e9s szerint a diplom\u00e1sok 66 sz\u00e1zal\u00e9ka b\u00edzik abban, hogy f\u00e9l \u00e9ven bel\u00fcl \u00e1ll\u00e1st tal\u00e1l haz\u00e1j\u00e1ban. Az ar\u00e1ny nyolcsz\u00e1zal\u00e9kos emelked\u00e9st mutat 2014-hez k\u00e9pest.<br \/>\n    A fiatal diplom\u00e1soknak m\u00e1r csak 21 sz\u00e1zal\u00e9ka k\u00e9pzeli el k\u00fclf\u00f6ld\u00f6n a karrierj\u00e9t, m\u00edg tavaly \u00e9s 2013-ban m\u00e9g 27 sz\u00e1zal\u00e9kos volt ez az ar\u00e1ny.<br \/>\n    Az elv\u00e1ndorl\u00e1s egy\u00e9bk\u00e9nt az elm\u00falt p\u00e1r \u00e9vben (ami\u00f3ta a 10 sz\u00e1zal\u00e9k feletti munkan\u00e9lk\u00fclis\u00e9g h\u00f3napr\u00f3l h\u00f3napra rekordot d\u00f6nt) \u00f6lt\u00f6tt nagyobb m\u00e9reteket Franciaorsz\u00e1gban: 2012-ben a diplom\u00e1soknak m\u00e9g csak 13 sz\u00e1zal\u00e9ka tervezte, hogy k\u00fclf\u00f6ld\u00f6n keres munk\u00e1t.<br \/>\n    A francia fiatalok legink\u00e1bb az Egyes\u00fclt \u00c1llamokba v\u00e1gynak, m\u00e1sodik helyen \u00e1ll Kanada, Nagy-Britannia, Ausztr\u00e1lia \u00e9s Sv\u00e1jc el\u0151tt.<br \/>\n    A legt\u00f6bben (53 sz\u00e1zal\u00e9k) az\u00e9rt indulnak el, mert \u00fagy \u00e9rzik, hogy k\u00e9ptelens\u00e9g Franciaorsz\u00e1gban munk\u00e1t tal\u00e1lni. A megk\u00e9rdezettek 45 sz\u00e1zal\u00e9k\u00e1t a tapasztalatszerz\u00e9s v\u00e1gya is vez\u00e9rli, 42 sz\u00e1zal\u00e9k pedig egy k\u00fclf\u00f6ldi nyelv t\u00f6k\u00e9letes elsaj\u00e1t\u00edt\u00e1sa c\u00e9lj\u00e1b\u00f3l v\u00e1llal k\u00fclf\u00f6ld\u00f6n munk\u00e1t.<br \/>\n    A felm\u00e9r\u00e9s szerint az is optimizmusra adhat okot, hogy a fiatal diplom\u00e1sokat egyre gyakrabban h\u00edvj\u00e1k be \u00e1ll\u00e1sinterj\u00fakra, s 16 sz\u00e1zal\u00e9kkal cs\u00f6kkent az olyanok ar\u00e1nya, akiknek egyetlen \u00e1ll\u00e1sinterj\u00fara sem siker\u00fcl eljutniuk.<br \/>\n    A fiatal diplom\u00e1soknak hatvan sz\u00e1zal\u00e9ka tal\u00e1l munk\u00e1t Franciaorsz\u00e1gban, ez egy \u00e9v alatt kilencsz\u00e1zal\u00e9kos javul\u00e1st jelent, de ehhez a kor\u00e1bbiakn\u00e1l t\u00f6bb helyre kell jelentkezni\u00fck. Egy francia frissdiplom\u00e1s \u00e1tlagosan 29 helyre k\u00fcldi el az \u00e9letrajz\u00e1t &#8211; 2014-ben m\u00e9g 27, 2013-ban pedig \u00e1tlagosan 16 \u00e1ll\u00e1shelyre jelentkezett.<br \/>\n    A f\u0151v\u00e1rosban munk\u00e1t keres\u0151 fiatal diplom\u00e1soknak azonban enn\u00e9l is t\u00f6bb, \u00e1tlagosan 38 helyre kell beadniuk a jelentkez\u00e9s\u00fcket ahhoz, hogy \u00e1ll\u00e1shoz jussanak. K\u00f6z\u00fcl\u00fck 12 sz\u00e1zal\u00e9k \u00f6tven helyre jelentkezett egyszerre.<br \/>\n    A francia munka\u00fcgyi miniszt\u00e9rium kedden este nyilv\u00e1noss\u00e1gra hozott adatai szerint egy\u00e9bk\u00e9nt a munkan\u00e9lk\u00fclis\u00e9g \u00fajabb rekordot d\u00f6nt\u00f6tt: az \u00e1ll\u00e1skeres\u0151k sz\u00e1ma december v\u00e9g\u00e9n el\u00e9rte a 3,496 milli\u00f3t, vagyis 8500-zal, 0,2 sz\u00e1zal\u00e9kkal emelkedett az el\u0151z\u0151 h\u00f3naphoz k\u00e9pest, \u00e9s 5,7 sz\u00e1zal\u00e9kkal haladta meg az egy \u00e9vvel kor\u00e1bbi \u00e9rt\u00e9ket.<br \/>\n    A miniszt\u00e9riumi nyilv\u00e1ntart\u00e1sok szerint a r\u00e9szmunkaid\u0151ben, alkalmi munk\u00e1t v\u00e9gz\u0151kkel egy\u00fctt az \u00e1ll\u00e1skeres\u0151k sz\u00e1ma 5,21 milli\u00f3. A miniszt\u00e9rium munkan\u00e9lk\u00fclis\u00e9gi r\u00e1t\u00e1t nem k\u00f6z\u00f6l, azt k\u00e9s\u0151bb a statisztikai hivatal ismerteti. A 2014. \u00e9vi harmadik negyed\u00e9vben a munkan\u00e9lk\u00fclis\u00e9gi r\u00e1ta 10,4 sz\u00e1zal\u00e9k volt.(MTI)<\/p>\n","protected":false},"excerpt":{"rendered":"<p>H\u00e1rom \u00e9v ut\u00e1n id\u00e9n el\u0151sz\u00f6r cs\u00f6kken\u0151 tendenci\u00e1t mutat a francia diplom\u00e1sok elv\u00e1ndorl\u00e1si kedve &#8211; der\u00fcl ki az OpinionWay k\u00f6zv\u00e9lem\u00e9ny-kutat\u00f3int\u00e9zet felm\u00e9r\u00e9sb\u0151l, amelyet szerd\u00e1n ismertetett a Le Figaro c\u00edm\u0171 napilap.<\/p>\n","protected":false},"author":1,"featured_media":0,"comment_status":"open","ping_status":"closed","sticky":false,"template":"","format":"standard","meta":[],"categories":[19],"tags":[],"_links":{"self":[{"href":"https:\/\/gazdasagportal.hu\/index.php\/wp-json\/wp\/v2\/posts\/55178"}],"collection":[{"href":"https:\/\/gazdasagportal.hu\/index.php\/wp-json\/wp\/v2\/posts"}],"about":[{"href":"https:\/\/gazdasagportal.hu\/index.php\/wp-json\/wp\/v2\/types\/post"}],"author":[{"embeddable":true,"href":"https:\/\/gazdasagportal.hu\/index.php\/wp-json\/wp\/v2\/users\/1"}],"replies":[{"embeddable":true,"href":"https:\/\/gazdasagportal.hu\/index.php\/wp-json\/wp\/v2\/comments?post=55178"}],"version-history":[{"count":1,"href":"https:\/\/gazdasagportal.hu\/index.php\/wp-json\/wp\/v2\/posts\/55178\/revisions"}],"predecessor-version":[{"id":55179,"href":"https:\/\/gazdasagportal.hu\/index.php\/wp-json\/wp\/v2\/posts\/55178\/revisions\/55179"}],"wp:attachment":[{"href":"https:\/\/gazdasagportal.hu\/index.php\/wp-json\/wp\/v2\/media?parent=55178"}],"wp:term":[{"taxonomy":"category","embeddable":true,"href":"https:\/\/gazdasagportal.hu\/index.php\/wp-json\/wp\/v2\/categories?post=55178"},{"taxonomy":"post_tag","embeddable":true,"href":"https:\/\/gazdasagportal.hu\/index.php\/wp-json\/wp\/v2\/tags?post=55178"}],"curies":[{"name":"wp","href":"https:\/\/api.w.org\/{rel}","templated":true}]}}