{"id":55174,"date":"2015-01-28T14:27:24","date_gmt":"2015-01-28T13:27:24","guid":{"rendered":"http:\/\/stockportal.hu\/?p=55174"},"modified":"2015-01-28T14:27:24","modified_gmt":"2015-01-28T13:27:24","slug":"ukran-valsag-lavrov-ukrajnanak-meg-kell-oriznie-semlegesseget","status":"publish","type":"post","link":"https:\/\/gazdasagportal.hu\/index.php\/ukran-valsag-lavrov-ukrajnanak-meg-kell-oriznie-semlegesseget\/","title":{"rendered":"Ukr\u00e1n v\u00e1ls\u00e1g &#8211; Lavrov: Ukrajn\u00e1nak meg kell \u0151riznie semlegess\u00e9g\u00e9t"},"content":{"rendered":"<p><strong>Ukrajn\u00e1nak meg kell \u0151riznie semlegess\u00e9g\u00e9t annak \u00e9rdek\u00e9ben, hogy megakad\u00e1lyozhat\u00f3 legyen az orsz\u00e1g tov\u00e1bbi szakad\u00e1sa &#8211; fogalmazott Szergej Lavrov orosz k\u00fcl\u00fcgyminiszter a szerbiai Horizons c\u00edm\u0171 magazinnak \u00edrt cikk\u00e9ben.<\/strong><!--more--><\/p>\n<div class=\"ads-in-post1\"><div id=\"gazdasagportal.hu_fullbanner_wideboard\"><\/div>\r\n<\/div>\n<p>    Az orosz k\u00fcl\u00fcgyminiszter kifejtette: az \u00f6sszetett helyzet ellen\u00e9re Moszkva tov\u00e1bbra is hisz abban, hogy b\u00e9k\u00e9s megold\u00e1st lehet tal\u00e1lni az ukr\u00e1n helyzetre.<br \/>\n    Viktor Janukovics ukr\u00e1n eln\u00f6k tavaly febru\u00e1ri elmozd\u00edt\u00e1sa ut\u00e1n az \u00faj kijevi vezet\u00e9s a kor\u00e1bbi semlegess\u00e9g helyett a NATO fel\u00e9 val\u00f3 k\u00f6zeled\u00e9st v\u00e1lasztotta. Lavrov szerint viszont Kijevnek tov\u00e1bbra is a semlegess\u00e9g mellett kell ki\u00e1llnia.<br \/>\n    Megism\u00e9telte azt a kor\u00e1bbi kijelent\u00e9s\u00e9t, amely szerint az Oroszorsz\u00e1ggal szembeni egyoldal\u00fa szankci\u00f3kkal hi\u00e1ba akar a Nyugat nyom\u00e1st gyakorolni Moszkv\u00e1ra, Oroszorsz\u00e1g \u00e1ll\u00e1spontja nem v\u00e1ltozik meg azzal kapcsolatban, hogy mit tart helyesnek \u00e9s igazs\u00e1gosnak.<br \/>\n    Hozz\u00e1tette: az ukr\u00e1n fejlem\u00e9nyek hat\u00e1ssal voltak Oroszorsz\u00e1g \u00e9s az Eur\u00f3pai Uni\u00f3 viszony\u00e1ra is. Megfogalmaz\u00e1sa szerint Moszkva sz\u00e1m\u00e1ra az EU \u00f3ri\u00e1si kereskedelmi \u00e9s gazdas\u00e1gi partner, m\u00edg Oroszorsz\u00e1g tov\u00e1bbra is Eur\u00f3pa kulcsfontoss\u00e1g\u00fa energiaell\u00e1t\u00f3ja marad. Ez\u00e9rt arra sz\u00e1m\u00edt, hogy a k\u00e9t oldal konstrukt\u00edvan keresi majd a megold\u00e1st a probl\u00e9m\u00e1kra.<br \/>\n    Lavrov megjegyezte, hogy az Egyes\u00fclt \u00c1llamok \u00e9s nyugati sz\u00f6vets\u00e9gesei a hidegh\u00e1bor\u00fa &#8222;gy\u0151zteseinek&#8221; ki\u00e1ltott\u00e1k ki magukat, \u00e9s t\u00f6bbsz\u00f6r is megs\u00e9rtett\u00e9k a nemzetk\u00f6zi jog kulcsfontoss\u00e1g\u00fa elemeit azzal a sz\u00e1nd\u00e9kkal, hogy saj\u00e1t akaratukat az eg\u00e9sz vil\u00e1gra r\u00e1k\u00e9nyszer\u00edts\u00e9k. Az\u00f3ta is &#8222;bar\u00e1tokra&#8221; \u00e9s &#8222;ellens\u00e9gekre&#8221; osztj\u00e1k a n\u00e9peket, \u00e9s &#8222;k\u00e9tes, z\u00e9r\u00f3 \u00f6sszeg\u0171 geopolitikai j\u00e1tszm\u00e1kat j\u00e1tszanak&#8221;.<br \/>\n    Az orosz politikus szerint a NATO Szovjetuni\u00f3nak tett \u00edg\u00e9retei &#8211; amelyek szerint a katonai blokk nem terjeszkedik majd kelet fel\u00e9 &#8211; \u00fcres szavaknak bizonyultak, mivel egyre k\u00f6zelebb ker\u00fcl Oroszorsz\u00e1g hat\u00e1raihoz. Hozz\u00e1tette: az EU keleti partners\u00e9gi programj\u00e1nak keret\u00e9ben egyes orsz\u00e1gokat arra k\u00e9nyszer\u00edtettek, hogy mesters\u00e9ges \u00e9s hamis d\u00f6nt\u00e9seket hozzanak &#8211; &#8222;vel\u00fcnk vagytok vagy ellen\u00fcnk&#8221; -, \u00e9s megszak\u00edts\u00e1k a t\u00f6rt\u00e9nelmi kapcsolataikat Oroszorsz\u00e1ggal. Ez a negat\u00edv tendencia cs\u00facsosodott ki az ukr\u00e1n v\u00e1ls\u00e1gban &#8211; sz\u00f6gezte le Lavrov, hozz\u00e1t\u00e9ve, hogy Moszkva t\u00f6bbsz\u00f6r is figyelmeztetett: ha a Kelet \u00e9s a Nyugat k\u00f6z\u00f6tti v\u00e1laszt\u00e1sra k\u00e9nyszer\u00edtik Kijevet, annak komoly k\u00f6vetkezm\u00e9nyei lesznek az orsz\u00e1g t\u00f6r\u00e9keny \u00e1llamis\u00e1g\u00e1ra.<br \/>\n    Az angol nyelv\u0171 Horizons c\u00edm\u0171 magazint &#8211; amelyben az orosz k\u00fcl\u00fcgyminiszter \u00edr\u00e1sa megjelent &#8211; a belgr\u00e1di sz\u00e9khely\u0171 egy\u00fcttm\u0171k\u00f6d\u00e9ssel \u00e9s fenntarthat\u00f3 fejl\u0151d\u00e9ssel foglalkoz\u00f3 k\u00f6zpont (CIRSD) adja ki. A k\u00f6zpontot Vuk Jeremic kor\u00e1bbi szerb k\u00fcl\u00fcgyminiszter hozta l\u00e9tre valamivel t\u00f6bb mint egy \u00e9vvel ezel\u0151tt.(MTI)<\/p>\n","protected":false},"excerpt":{"rendered":"<p>Ukrajn\u00e1nak meg kell \u0151riznie semlegess\u00e9g\u00e9t annak \u00e9rdek\u00e9ben, hogy megakad\u00e1lyozhat\u00f3 legyen az orsz\u00e1g tov\u00e1bbi szakad\u00e1sa &#8211; fogalmazott Szergej Lavrov orosz k\u00fcl\u00fcgyminiszter a szerbiai Horizons c\u00edm\u0171 magazinnak \u00edrt cikk\u00e9ben.<\/p>\n","protected":false},"author":1,"featured_media":0,"comment_status":"open","ping_status":"closed","sticky":false,"template":"","format":"standard","meta":[],"categories":[139],"tags":[],"_links":{"self":[{"href":"https:\/\/gazdasagportal.hu\/index.php\/wp-json\/wp\/v2\/posts\/55174"}],"collection":[{"href":"https:\/\/gazdasagportal.hu\/index.php\/wp-json\/wp\/v2\/posts"}],"about":[{"href":"https:\/\/gazdasagportal.hu\/index.php\/wp-json\/wp\/v2\/types\/post"}],"author":[{"embeddable":true,"href":"https:\/\/gazdasagportal.hu\/index.php\/wp-json\/wp\/v2\/users\/1"}],"replies":[{"embeddable":true,"href":"https:\/\/gazdasagportal.hu\/index.php\/wp-json\/wp\/v2\/comments?post=55174"}],"version-history":[{"count":1,"href":"https:\/\/gazdasagportal.hu\/index.php\/wp-json\/wp\/v2\/posts\/55174\/revisions"}],"predecessor-version":[{"id":55175,"href":"https:\/\/gazdasagportal.hu\/index.php\/wp-json\/wp\/v2\/posts\/55174\/revisions\/55175"}],"wp:attachment":[{"href":"https:\/\/gazdasagportal.hu\/index.php\/wp-json\/wp\/v2\/media?parent=55174"}],"wp:term":[{"taxonomy":"category","embeddable":true,"href":"https:\/\/gazdasagportal.hu\/index.php\/wp-json\/wp\/v2\/categories?post=55174"},{"taxonomy":"post_tag","embeddable":true,"href":"https:\/\/gazdasagportal.hu\/index.php\/wp-json\/wp\/v2\/tags?post=55174"}],"curies":[{"name":"wp","href":"https:\/\/api.w.org\/{rel}","templated":true}]}}