{"id":54702,"date":"2015-01-19T15:40:23","date_gmt":"2015-01-19T14:40:23","guid":{"rendered":"http:\/\/stockportal.hu\/?p=54702"},"modified":"2015-01-19T15:40:23","modified_gmt":"2015-01-19T14:40:23","slug":"technikai-elemzes-forex-tozsde-deviza-arany-olaj-2015-01-19","status":"publish","type":"post","link":"https:\/\/gazdasagportal.hu\/index.php\/technikai-elemzes-forex-tozsde-deviza-arany-olaj-2015-01-19\/","title":{"rendered":"Technikai elemz\u00e9s: Forex, t\u0151zsde, deviza, arany, olaj \u2013 2015.01.19"},"content":{"rendered":"<p><strong>Sv\u00e1jcnak nem okoz gondot az SNB d\u00f6nt\u00e9se Sv\u00e1jc p\u00e9nz\u00fcgyminisztere a helyi \u00fajs\u00e1gnak adott interj\u00faj\u00e1ban elmondta, hogy a gazdas\u00e1gnak nem okoz gondot az EUR\/CHF minimum \u00e1rfolyamk\u00fcsz\u00f6b elt\u00f6rl\u00e9se.<\/strong><!--more--><\/p>\n<div class=\"ads-in-post1\"><div id=\"gazdasagportal.hu_fullbanner_wideboard\"><\/div>\r\n<\/div>\n<p>&nbsp;<\/p>\n<div class=\"the-big-picture\">\n<p><b>Sv\u00e1jcnak nem okoz gondot az SNB d\u00f6nt\u00e9se<\/b> Sv\u00e1jc p\u00e9nz\u00fcgyminisztere a helyi \u00fajs\u00e1gnak adott interj\u00faj\u00e1ban elmondta, hogy a gazdas\u00e1gnak nem okoz gondot az EUR\/CHF minimum \u00e1rfolyamk\u00fcsz\u00f6b elt\u00f6rl\u00e9se. A miniszter hozz\u00e1tette, hogy ha az \u00e1rfolyam az 1,10-es szint felett marad, a v\u00e1llalatoknak k\u00e9pesnek kell lenni\u00fck az alkalmazkod\u00e1sra, mivel a k\u00fcsz\u00f6b 2011-es bevezet\u00e9sekor fenn\u00e1ll\u00f3 helyzetn\u00e9l jobb helyzetben vannak. Mivel azonban lefel\u00e9 hat\u00f3 nyom\u00e1s nehezedik az eur\u00f3ra, mert az EKB mennyis\u00e9gi k\u00f6nny\u00edt\u00e9si program bevezet\u00e9s\u00e9re k\u00e9sz\u00fcl, az EUR\/CHF \u00e1rfolyam szerint\u00fcnk val\u00f3sz\u00edn\u0171leg nem l\u00e9pi \u00e1t azt a szintet.<\/p>\n<p>G\u00f6r\u00f6gorsz\u00e1g bel\u00e9pett az orsz\u00e1gos v\u00e1laszt\u00e1sok utols\u00f3 het\u00e9be; Antonisz Szamarasz (\u00daj Demokr\u00e1cia P\u00e1rt) minisztereln\u00f6k m\u00e9g mindig az ellenz\u00e9ki Syriza P\u00e1rt m\u00f6g\u00f6tt van. B\u00e1r a k\u00f6zelm\u00faltbeli k\u00f6zv\u00e9lem\u00e9ny-kutat\u00e1sok (bele\u00e9rtve a mostani h\u00e9tv\u00e9g\u00e9n k\u00f6zz\u00e9tetteket) a Syriza egy\u00e9rtelm\u0171 gy\u0151zelm\u00e9t jelzik, \u00fagy t\u0171nik, hogy ez nem el\u00e9g ahhoz, hogy t\u00f6bbs\u00e9gbe ker\u00fcljenek a 300 f\u0151s parlamentben. Mivel G\u00f6r\u00f6gorsz\u00e1g seg\u00e9lyprogramj\u00e1nak b\u0151v\u00edtett hat\u00e1rideje febru\u00e1r v\u00e9g\u00e9n lej\u00e1r, a korm\u00e1nyalak\u00edt\u00e1s sikertelens\u00e9ge fokozhatja az eur\u00f3 negat\u00edv kimenetel\u00e9nek val\u00f3sz\u00edn\u0171s\u00e9g\u00e9t.<\/p>\n<p>Mai mutat\u00f3sz\u00e1mok: H\u00e9tf\u0151n viszonylag esem\u00e9nyszeg\u00e9ny a napt\u00e1runk. Az eur\u00f3pai id\u0151szakban az EU k\u00fcl\u00fcgyminiszterei \u00e9rtekezletet tartanak, amelyen az Oroszorsz\u00e1g elleni politik\u00e1t \u00e9s a franciaorsz\u00e1gi terrorcselekm\u00e9nyt t\u00e1rgyalj\u00e1k meg. Ha a jelenlegi szankci\u00f3k megtart\u00e1sa vagy \u00faj szankci\u00f3k bevezet\u00e9se mellett d\u00f6ntenek, az a rubelre n\u00e9zve tov\u00e1bbra is negat\u00edv lehet.<\/p>\n<p>A mutat\u00f3sz\u00e1mokat illet\u0151en az eur\u00f3z\u00f3na foly\u00f3 fizet\u00e9si m\u00e9rleg\u00e9t publik\u00e1lj\u00e1k.<\/p>\n<p>A h\u00e9t h\u00e1tral\u00e9v\u0151 r\u00e9sz\u00e9ben: T\u00f6bb fontos esem\u00e9ny \u00e9s mutat\u00f3sz\u00e1m-k\u00f6zz\u00e9t\u00e9tel van napirenden. A f\u00f3kuszban a cs\u00fct\u00f6rt\u00f6ki nap \u00e1ll, amikor sor ker\u00fcl az EKB monet\u00e1ris politikai \u00e9rtekezlet\u00e9re. Az eur\u00f3z\u00f3na defl\u00e1ci\u00f3ja miatt fokoz\u00f3dott az azzal kapcsolatos v\u00e1rakoz\u00e1s, miszerint a Bank v\u00e1rhat\u00f3an nagyszab\u00e1s\u00fa mennyis\u00e9gi k\u00f6nny\u00edt\u00e9si programot vezet be. Ha a Sv\u00e1jci Nemzeti Bank azon f\u00e9lelmek miatt t\u00f6r\u00f6lte el az EUR\/CHF k\u00fcsz\u00f6b\u00e9rt\u00e9ket, hogy azt nem lesz k\u00e9pes fenntartani, akkor az EKB hivatalnokai valami \u00e1t\u00fct\u0151 int\u00e9zked\u00e9st k\u00e9sz\u00edtenek el\u0151. Olyan nagyok a v\u00e1rakoz\u00e1sok az EKB drasztikus int\u00e9zked\u00e9s\u00e9t illet\u0151en, hogy szerint\u00fcnk ak\u00e1r az 500 milli\u00e1rd eur\u00f3s mennyis\u00e9gi k\u00f6nny\u00edt\u00e9si programr\u00f3l sz\u00f3l\u00f3 h\u00edresztel\u00e9s is csal\u00f3d\u00e1st kelthet. A befektet\u0151k tal\u00e1n azt a k\u00f6vetkeztet\u00e9st vonj\u00e1k le, hogy b\u00e1rmilyen m\u00e9rt\u00e9k csal\u00f3d\u00e1st kelthet. A val\u00f3sz\u00edn\u0171leg a cs\u00fct\u00f6rt\u00f6ki \u00e9rtekezlet el\u0151tt testet \u00f6lt\u0151 terv azt javasolja az eur\u00f3z\u00f3nabeli orsz\u00e1gok k\u00f6zponti bankjainak, hogy v\u00e1s\u00e1rolj\u00e1k saj\u00e1t orsz\u00e1guk k\u00f6tv\u00e9nyeit, ami korl\u00e1tozn\u00e1 a terjed\u00e9si effektust. A teljes k\u00f6tv\u00e9nyv\u00e1s\u00e1rl\u00e1si program az adott orsz\u00e1g fenn\u00e1ll\u00f3 ad\u00f3ss\u00e1g\u00e1nak 20%-\u00e1ra vagy 25%-\u00e1ra korl\u00e1toz\u00f3dik majd. Figyelembe v\u00e9ve, hogy Draghi hajland\u00f3 \u201emindent lehets\u00e9gest megtenni\u201d az eur\u00f3z\u00f3na v\u00e9delme \u00e9rdek\u00e9ben, a v\u00e1rtn\u00e1l nagyobb mennyis\u00e9gi k\u00f6nny\u00edt\u00e9si program szerint\u00fcnk tov\u00e1bbi nyom\u00e1st gyakorolhat az eur\u00f3ra.<\/p>\n<p>Kedden a n\u00e9met janu\u00e1ri ZEW felm\u00e9r\u00e9s l\u00e1t napvil\u00e1got. Mindk\u00e9t index emelkedett az el\u0151rejelz\u00e9s szerint. B\u00e1r ez az indexek harmadik egym\u00e1st k\u00f6vet\u0151 emelked\u00e9se lenne, esetleg nem elegend\u0151 ahhoz, hogy fordulatot hozzon az eur\u00f3val szembeni negat\u00edv hozz\u00e1\u00e1ll\u00e1sban.<\/p>\n<p>Szerd\u00e1n az Egyes\u00fclt Kir\u00e1lys\u00e1gban k\u00f6zz\u00e9teszik a BoE legut\u00f3bbi \u00e9rtekezlet\u00e9nek jegyz\u0151k\u00f6nyv\u00e9t. A f\u00f3kuszban ism\u00e9t az ellenz\u0151k sz\u00e1ma \u00e9s neve \u00e1ll. Kristin Forbes, a Monet\u00e1ris Politikai Bizotts\u00e1g egyik \u00faj tagj\u00e1t a sk\u00e1la \u201emegszor\u00edt\u00e1s-p\u00e1rti\u201d fel\u00e9re helyezt\u00e9k a munkaer\u0151-piaci pang\u00e1sr\u00f3l alkotott n\u00e9zetei alapj\u00e1n. Ez\u00e9rt nem lep\u0151dn\u00e9nk meg, ha a Monet\u00e1ris Politikai Bizotts\u00e1g m\u00e1sik k\u00e9t tagj\u00e1hoz csatlakozva a kamatl\u00e1bemel\u00e9s mihamarabbi megkezd\u00e9se mellett tenn\u00e9 le voks\u00e1t. A mutat\u00f3sz\u00e1mokat illet\u0151en az Egyes\u00fclt Kir\u00e1lys\u00e1g munkan\u00e9lk\u00fclis\u00e9gi r\u00e1t\u00e1ja novemberben v\u00e1rhat\u00f3an 6,0%-r\u00f3l 5,9%-ra cs\u00f6kkent, ami jelzi, hogy a munkaer\u0151-piacon kisebb m\u00e9rt\u00e9k\u0171 a pang\u00e1s. A heti \u00e1tlagkeresetekben v\u00e1rhat\u00f3an gyorsul\u00e1s k\u00f6vetkezett be, ami hozz\u00e1j\u00e1rul a pozit\u00edv foglalkoztat\u00e1si jelent\u00e9shez. A Kanadai Nemzeti Bank v\u00e1rhat\u00f3an v\u00e1ltozatlan szinten tartja jegybanki alapkamatl\u00e1b\u00e1t. B\u00e1r a p\u00e9nteken k\u00f6zz\u00e9teend\u0151 fogyaszt\u00f3i \u00e1rindex a v\u00e1rakoz\u00e1sok szerint cs\u00f6kken, a cs\u00f6kken\u0151 olaj\u00e1rak miatt a BoC val\u00f3sz\u00edn\u0171leg a kor\u00e1bban tervezettn\u00e9l hosszabb ideig nem m\u00f3dos\u00edt politik\u00e1j\u00e1n, ami miatt a CAD tov\u00e1bbra is \u00e9rz\u00e9keny marad.<\/p>\n<p>V\u00e9gezet\u00fcl p\u00e9nteken (l\u00e1sd fent) Kanada decemberi fogyaszt\u00f3i \u00e1rindexe v\u00e1rhat\u00f3an lassult. Emiatt tov\u00e1bbi \u00e9rt\u00e9kes\u00edt\u00e9si nyom\u00e1s nehezedhet a kanadai doll\u00e1rra.<\/p>\n<\/div>\n<div class=\"slidingDiv1\">\n<div class=\"the-market\">\n<h3>A Piac<\/h3>\n<p><a id=\"technical\"><\/a><\/p>\n<div class=\"grid_16 the-market\">\n<h4>Az EUR\/USD p\u00e1r t\u00e1maszszintre tal\u00e1lt az 1,1500-as szint alatt<\/h4>\n<p><a href=\"http:\/\/shared.ironfx.co.uk\/Morning_Pictures_2015\/January\/19January2015\/EURUSD_19Jan2015.PNG\" target=\"_blank\" rel=\"noopener\"><img decoding=\"async\" src=\"http:\/\/shared.ironfx.co.uk\/Morning_Pictures_2015\/January\/19January2015\/EURUSD_19Jan2015.PNG\" alt=\"\" \/><\/a><\/p>\n<p>Az EUR\/USD p\u00e1r p\u00e9nteken tov\u00e1bbra is cs\u00f6kkent, \u00e9s a keresked\u00e9s egy ideig az 1,1500-as szint alatt zajlott. Az \u00e1rfolyam azonban bizonyos mennyis\u00e9g\u0171 v\u00e9teli megb\u00edz\u00e1st v\u00e1ltott ki az 1,1460-as (S1) szint k\u00f6zel\u00e9ben, \u00e9s visszapattant az 1,1500-as (R1) szint f\u00f6l\u00e9. Az ir\u00e1ny cs\u00f6kken\u0151 marad, \u00e9s ez\u00e9rt az 1,1460-as (S1) szint lefel\u00e9 val\u00f3 \u00e1tt\u00f6r\u00e9se v\u00e1rhat\u00f3an el\u0151k\u00e9sz\u00edtheti a terepet a hosszabb\u00edt\u00e1sokhoz az 1,1370-es (S2) akad\u00e1ly fel\u00e9, amelyet a 2003. november 7-i minimum szint hat\u00e1roz meg. A napi mutat\u00f3sz\u00e1mok gyorsul\u00f3 medve jelleg\u0171 momentumot jeleznek, \u00e9s fokozz\u00e1k a tov\u00e1bbi cs\u00f6kken\u00e9sek val\u00f3sz\u00edn\u0171s\u00e9g\u00e9t. A 14 napos RSI t\u00faladott tartom\u00e1ny\u00e1ban marad \u00e9s lefel\u00e9 mutat, mik\u00f6zben a napi MACD z\u00e9rus \u00e9s jelz\u0151 vonala alatt van \u00e9s szint\u00e9n lefel\u00e9 mutat. Az \u00e1ltal\u00e1nos trendet illet\u0151en a napi grafikonon az \u00e1rfolyam strukt\u00far\u00e1ja m\u00e9g mindig cs\u00f6kken\u0151 trendre utal. A p\u00e1r alacsonyabb maximum szinteket \u00e9s alacsonyabb minimum szinteket \u00e9r el az 50 \u00e9s a 200 napos mozg\u00f3\u00e1tlag alatt.<\/p>\n<p>\u2022 T\u00e1maszszint: 1,1460 (S1), 1,1370 (S2), 1,1225 (S3).<\/p>\n<p>\u2022 Ellen\u00e1ll\u00e1sszint: 1,1650 (R1), 1,1730 (R2), 1,1860 (R3).<\/p>\n<\/div>\n<div class=\"grid_16 the-market\">\n<h4>A GBP\/USD p\u00e1r cs\u00f6kkent, miut\u00e1n ellen\u00e1ll\u00e1sszintre tal\u00e1lt az 1,5275-\u00f6s szint k\u00f6zel\u00e9ben<\/h4>\n<p><a href=\"http:\/\/shared.ironfx.co.uk\/Morning_Pictures_2015\/January\/19January2015\/GBPUSD_19Jan2015.PNG\" target=\"_blank\" rel=\"noopener\"><img decoding=\"async\" src=\"http:\/\/shared.ironfx.co.uk\/Morning_Pictures_2015\/January\/19January2015\/GBPUSD_19Jan2015.PNG\" alt=\"\" \/><\/a><\/p>\n<p>A GBP\/USD p\u00e1r p\u00e9nteken cs\u00f6kkent, miut\u00e1n ellen\u00e1ll\u00e1sszintre tal\u00e1lt az 1,5275-\u00f6s (R1) akad\u00e1ly k\u00f6zel\u00e9ben, de a cs\u00f6kken\u00e9st meg\u00e1ll\u00edtotta az 1,5075-\u00f6s (S1) szint, amely a keddi minimum szint \u00e1ltal meghat\u00e1rozott t\u00e1maszszint. Az RSI 50-es szintje al\u00e1 cs\u00f6kkent, mik\u00f6zben az MACD ind\u00edt\u00f3 vonala al\u00e1 ker\u00fclt \u00e9s negat\u00edv jelz\u00e9st kapott, ami medve jelleg\u0171 momentumot jelez. B\u00e1r ezen r\u00f6vid t\u00e1v\u00fa mutat\u00f3sz\u00e1mok kedveznek a tov\u00e1bbi cs\u00f6kken\u00e9seknek, egyel\u0151re ink\u00e1bb a partvonalon maradn\u00e9k, ami a r\u00f6vid t\u00e1v\u00fa k\u00e9pet illeti. Ennek oka az, hogy a napi mutat\u00f3sz\u00e1mok lassul\u00e1st jeleznek a hosszabb t\u00e1v\u00fa cs\u00f6kken\u0151 trend momentum\u00e1ban. A 14 napos RSI kil\u00e9pett t\u00faladott tartom\u00e1ny\u00e1b\u00f3l, mik\u00f6zben az MACD a legals\u00f3 szintre \u00e9rt, \u00e9s hamarosan ind\u00edt\u00f3 vonala f\u00f6l\u00e9 ker\u00fclhet. Figyelembe v\u00e9ve ezen technikai jelz\u00e9seket \u00e9s a trend 1,5000-es (S3) pszichol\u00f3giai szinthez val\u00f3 k\u00f6zels\u00e9g\u00e9t, egyel\u0151re v\u00e1rn\u00e9k az 1,5000-es (S3) szint alatti egy\u00e9rtelm\u0171 z\u00e1r\u00e1sra, miel\u0151tt ism\u00e9t b\u00edzn\u00e9k az \u00e1ltal\u00e1nos cs\u00f6kken\u0151 \u00fatvonalban.<\/p>\n<p>\u2022 T\u00e1maszszint: 1,5075 (S1), 1,5030 (S2), 1,5000 (S3).<\/p>\n<p>\u2022 Ellen\u00e1ll\u00e1sszint: 1,5275 (R1), 1,5420 (R2), 1,5500 (R3).<\/p>\n<\/div>\n<div class=\"grid_16 the-market\">\n<h4>Az EUR\/JPY p\u00e1r el\u00e9rte a 135,00-s tartom\u00e1nyt<\/h4>\n<p><a href=\"http:\/\/shared.ironfx.co.uk\/Morning_Pictures_2015\/January\/19January2015\/EURJPY_19Jan2015.PNG\" target=\"_blank\" rel=\"noopener\"><img decoding=\"async\" src=\"http:\/\/shared.ironfx.co.uk\/Morning_Pictures_2015\/January\/19January2015\/EURJPY_19Jan2015.PNG\" alt=\"\" \/><\/a><\/p>\n<p>Az EUR\/JPY p\u00e1r jelent\u0151sen cs\u00f6kkent, \u00e9s lefel\u00e9 \u00e1tt\u00f6rte a 137,00-s (R1) (ellen\u00e1ll\u00e1sszintt\u00e9 v\u00e1lt) t\u00e1maszszintet, majd el\u00e9rte a 135,00-s (S1) kulcsfontoss\u00e1g\u00fa tartom\u00e1nyt. A r\u00f6vid t\u00e1v\u00fa ir\u00e1ny cs\u00f6kken\u0151, \u00e9s emiatt a 135,00-s (S1) tartom\u00e1ny lefel\u00e9 t\u00f6rt\u00e9n\u0151 \u00e1tt\u00f6r\u00e9se v\u00e1rhat\u00f3an megc\u00e9lozza az okt\u00f3ber 16-i minimum szintet (134,15 &#8211; S2). A napi grafikonon a 137,00-s (R1) lefel\u00e9 t\u00f6rt\u00e9n\u0151 \u00e1tt\u00f6r\u00e9se jelezte a december 30-\u00e1n befejez\u0151d\u00f6tt fej-v\u00e1ll alakzat 2. c\u00e9lj\u00e1nak lefel\u00e9 t\u00f6rt\u00e9n\u0151 \u00e1tt\u00f6r\u00e9s\u00e9t. Ez meger\u0151s\u00edti a k\u00f6z\u00e9pt\u00e1v\u00fa negat\u00edv k\u00e9pet \u00e9s fokozza a tov\u00e1bbi cs\u00f6kken\u00e9s val\u00f3sz\u00edn\u0171s\u00e9g\u00e9t a k\u00f6zelj\u00f6v\u0151ben. Napi momentum mutat\u00f3sz\u00e1maink gyorsul\u00f3 negat\u00edv momentumot jeleznek \u00e9s al\u00e1t\u00e1masztj\u00e1k ezt az elk\u00e9pzel\u00e9st. A 14 napos RSI t\u00faladott tartom\u00e1ny\u00e1ban marad \u00e9s lefel\u00e9 mutat, mik\u00f6zben a napi MACD m\u00e9lyebbre ker\u00fclt a negat\u00edv tartom\u00e1nyban.<\/p>\n<p>\u2022 T\u00e1maszszint: 135,00 (S1), 134,15 (S2), 133,00 (S3).<\/p>\n<p>\u2022 Ellen\u00e1ll\u00e1sszint: 137,00 (R1), 139,00 (R2), 140,00 (R3).<\/p>\n<\/div>\n<div class=\"grid_16 the-market\">\n<h4>Az arany felfel\u00e9 \u00e1tt\u00f6rte az 1270-es szintet<\/h4>\n<p><a href=\"http:\/\/shared.ironfx.co.uk\/Morning_Pictures_2015\/January\/19January2015\/XAUUSD_19Jan2015.PNG\" target=\"_blank\" rel=\"noopener\"><img decoding=\"async\" src=\"http:\/\/shared.ironfx.co.uk\/Morning_Pictures_2015\/January\/19January2015\/XAUUSD_19Jan2015.PNG\" alt=\"\" \/><\/a><\/p>\n<p>Az arany p\u00e9nteken folytatta rallyj\u00e1t, \u00e9s felfel\u00e9 \u00e1tt\u00f6rte az 1270-es (S1) t\u00e1maszszintt\u00e9 v\u00e1lt ellen\u00e1ll\u00e1sszinti akad\u00e1lyt. B\u00e1r ez a mozg\u00e1s fokozza a val\u00f3sz\u00edn\u0171s\u00e9g\u00e9t annak, hogy tov\u00e1bb emelkedik az 1300-as (R1) kerek \u00e9rt\u00e9k fel\u00e9, sz\u00e1m\u00edtan\u00e9k a lehets\u00e9ges visszat\u00e9r\u00e9sre, miel\u0151tt a v\u00e9teli poz\u00edci\u00f3kkal rendelkez\u0151k ism\u00e9t \u00e1tveszik az ir\u00e1ny\u00edt\u00e1st. Agg\u00e1lyaim alapj\u00e1t a momentum jelz\u00e9sek k\u00e9pezik. Az RSI ism\u00e9t cs\u00f6kkent \u00e9s hamarosan b\u00e1rmikor kil\u00e9phet t\u00falvett tartom\u00e1ny\u00e1b\u00f3l, mik\u00f6zben az MACD annak jeleit mutatja, hogy megkezd\u0151dhet a tet\u0151z\u00e9s. A napi grafikonon a nemesf\u00e9m emelkedett, miut\u00e1n janu\u00e1r 12-\u00e9n befejez\u0151d\u00f6tt a ford\u00edtott fej-v\u00e1ll alakzat, \u00e9s emiatt a k\u00e9p pozit\u00edv marad.<\/p>\n<p>\u2022 T\u00e1maszszint: 1270 (S1), 1255 (S2), 1238 (S3).<\/p>\n<p>\u2022 Ellen\u00e1ll\u00e1sszint: 1300 (R1), 1320 (R2), 1340 (R3).<\/p>\n<\/div>\n<div class=\"grid_16 the-market\">\n<h4>A WTI visszapattant a 45,90-es szintr\u0151l<\/h4>\n<p><a href=\"http:\/\/shared.ironfx.co.uk\/Morning_Pictures_2015\/January\/19January2015\/CLG5_19Jan2015.PNG\" target=\"_blank\" rel=\"noopener\"><img decoding=\"async\" src=\"http:\/\/shared.ironfx.co.uk\/Morning_Pictures_2015\/January\/19January2015\/CLG5_19Jan2015.PNG\" alt=\"\" \/><\/a><\/p>\n<p>A WTI emelkedett, miut\u00e1n t\u00e1maszszintre tal\u00e1lt a 45,90-es (S3) szinten. H\u00e9tf\u0151n a korai eur\u00f3pai d\u00e9lel\u0151tt sor\u00e1n a WTI margin\u00e1lisan a 48,80-as (R1) ellen\u00e1ll\u00e1sszinti akad\u00e1ly alatt van. Ezen szint felfel\u00e9 val\u00f3 \u00e1tt\u00f6r\u00e9se ism\u00e9t tesztelheti a 49,65-\u00f6s (R2) kulcsfontoss\u00e1g\u00fa korl\u00e1tot, amelyet a janu\u00e1r 8-ai \u00e9s 9-ei maximum szint hat\u00e1roz meg. A napi grafikonon a WTI m\u00e9g mindig alacsonyabb maximum szinteket \u00e9s alacsonyabb minimum szinteket \u00e9r el az 50 \u00e9s a 200 napos mozg\u00f3\u00e1tlag alatt, \u00e9s ez\u00e1ltal az \u00e1ltal\u00e1nos cs\u00f6kken\u0151 trend \u00e9rv\u00e9nyben marad. A 14 napos RSI azonban kil\u00e9pett t\u00faladott tartom\u00e1ny\u00e1b\u00f3l \u00e9s most valamelyest felfel\u00e9 mutat, mik\u00f6zben az MACD &#8211; b\u00e1r negat\u00edv &#8211; felfel\u00e9 \u00e1tt\u00e9rt ind\u00edt\u00f3 vonal\u00e1n. Ezenk\u00edv\u00fcl pozit\u00edv divergencia tal\u00e1lhat\u00f3 mindk\u00e9t mutat\u00f3sz\u00e1m \u00e9s az \u00e1r mozg\u00e1sa k\u00f6z\u00f6tt. Ennek eredm\u00e9nyek\u00e9ppen a n\u00f6vekv\u0151 korrekci\u00f3s f\u00e1zis v\u00e1rhat\u00f3an folytat\u00f3dik.<\/p>\n<p>\u2022 T\u00e1maszszint: 47,90 (S1), 46,50 (S2), 45,90 (S3).<\/p>\n<p>\u2022 Ellen\u00e1ll\u00e1sszint: 48,80 (R1), 49,65 (R2), 51,25 (R3) .<\/p>\n<\/div>\n<\/div>\n<\/div>\n","protected":false},"excerpt":{"rendered":"<p>Sv\u00e1jcnak nem okoz gondot az SNB d\u00f6nt\u00e9se Sv\u00e1jc p\u00e9nz\u00fcgyminisztere a helyi \u00fajs\u00e1gnak adott interj\u00faj\u00e1ban elmondta, hogy a gazdas\u00e1gnak nem okoz gondot az EUR\/CHF minimum \u00e1rfolyamk\u00fcsz\u00f6b elt\u00f6rl\u00e9se.<\/p>\n","protected":false},"author":1,"featured_media":39322,"comment_status":"open","ping_status":"closed","sticky":false,"template":"","format":"standard","meta":[],"categories":[146,8,131,153],"tags":[149],"_links":{"self":[{"href":"https:\/\/gazdasagportal.hu\/index.php\/wp-json\/wp\/v2\/posts\/54702"}],"collection":[{"href":"https:\/\/gazdasagportal.hu\/index.php\/wp-json\/wp\/v2\/posts"}],"about":[{"href":"https:\/\/gazdasagportal.hu\/index.php\/wp-json\/wp\/v2\/types\/post"}],"author":[{"embeddable":true,"href":"https:\/\/gazdasagportal.hu\/index.php\/wp-json\/wp\/v2\/users\/1"}],"replies":[{"embeddable":true,"href":"https:\/\/gazdasagportal.hu\/index.php\/wp-json\/wp\/v2\/comments?post=54702"}],"version-history":[{"count":1,"href":"https:\/\/gazdasagportal.hu\/index.php\/wp-json\/wp\/v2\/posts\/54702\/revisions"}],"predecessor-version":[{"id":54703,"href":"https:\/\/gazdasagportal.hu\/index.php\/wp-json\/wp\/v2\/posts\/54702\/revisions\/54703"}],"wp:featuredmedia":[{"embeddable":true,"href":"https:\/\/gazdasagportal.hu\/index.php\/wp-json\/wp\/v2\/media\/39322"}],"wp:attachment":[{"href":"https:\/\/gazdasagportal.hu\/index.php\/wp-json\/wp\/v2\/media?parent=54702"}],"wp:term":[{"taxonomy":"category","embeddable":true,"href":"https:\/\/gazdasagportal.hu\/index.php\/wp-json\/wp\/v2\/categories?post=54702"},{"taxonomy":"post_tag","embeddable":true,"href":"https:\/\/gazdasagportal.hu\/index.php\/wp-json\/wp\/v2\/tags?post=54702"}],"curies":[{"name":"wp","href":"https:\/\/api.w.org\/{rel}","templated":true}]}}