{"id":54322,"date":"2015-01-12T11:12:02","date_gmt":"2015-01-12T10:12:02","guid":{"rendered":"http:\/\/stockportal.hu\/?p=54322"},"modified":"2015-01-12T11:12:02","modified_gmt":"2015-01-12T10:12:02","slug":"tavaly-mintegy-tiz-szazalekkal-tobb-csaknem-felmillio-hasznaltauto-cserelt-gazdat-magyarorszagon","status":"publish","type":"post","link":"https:\/\/gazdasagportal.hu\/index.php\/tavaly-mintegy-tiz-szazalekkal-tobb-csaknem-felmillio-hasznaltauto-cserelt-gazdat-magyarorszagon\/","title":{"rendered":"Tavaly mintegy t\u00edz sz\u00e1zal\u00e9kkal t\u00f6bb, csaknem f\u00e9lmilli\u00f3 haszn\u00e1ltaut\u00f3 cser\u00e9lt gazd\u00e1t Magyarorsz\u00e1gon"},"content":{"rendered":"<p><strong>Tavaly mintegy t\u00edz sz\u00e1zal\u00e9kkal t\u00f6bb, csaknem f\u00e9lmilli\u00f3 haszn\u00e1ltaut\u00f3 cser\u00e9lt gazd\u00e1t Magyarorsz\u00e1gon, a j\u00e1rm\u0171vek \u00e1tlag\u00e1ra 9 sz\u00e1zal\u00e9kkal n\u0151t, \u00edgy meghaladta az 1,6 milli\u00f3 forintot &#8211; k\u00f6z\u00f6lte a Haszn\u00e1ltaut\u00f3.hu aut\u00f3s port\u00e1l h\u00e9tf\u0151n az MTI-vel.<\/strong><!--more--><\/p>\n<div class=\"ads-in-post1\"><div id=\"gazdasagportal.hu_fullbanner_wideboard\"><\/div>\r\n<\/div>\n<p>    A mennyis\u00e9gi n\u00f6veked\u00e9st az \u00fajaut\u00f3-elad\u00e1sok \u00e9s a haszn\u00e1ltaut\u00f3-import kedvez\u0151 alakul\u00e1sa seg\u00edtette 2014-ben. &#8222;Az \u00e1raknak a szinte nem is l\u00e9tez\u0151 infl\u00e1ci\u00f3t j\u00f3val meghalad\u00f3 n\u00f6veked\u00e9se pedig els\u0151sorban a roml\u00f3 forint\u00e1rfolyamnak, illetve a 2014 elej\u00e9t\u0151l a haszn\u00e1ltaut\u00f3-behozatalra is kiterjesztett vagyonszerz\u00e9si illet\u00e9knek tulajdon\u00edthat\u00f3&#8221; &#8211; id\u00e9zi a k\u00f6zlem\u00e9ny Fodor L\u00e1szl\u00f3t, a Haszn\u00e1ltaut\u00f3.hu marketingvezet\u0151j\u00e9t.<br \/>\n    A legnagyobb m\u00e9rt\u00e9kben, k\u00f6zel 15 sz\u00e1zal\u00e9kkal a legt\u00f6bb hirdet\u00e9st k\u00e9pvisel\u0151 als\u00f3 k\u00f6z\u00e9pkateg\u00f3ri\u00e1ba tartoz\u00f3 aut\u00f3k \u00e1tlag\u00e1ra n\u0151tt, de a k\u00edn\u00e1latban szint\u00e9n jelent\u0151s, 27 sz\u00e1zal\u00e9kos ar\u00e1nyt k\u00e9pvisel\u0151 k\u00f6z\u00e9p- \u00e9s fels\u0151 k\u00f6z\u00e9pkateg\u00f3ri\u00e1s haszn\u00e1lt j\u00e1rm\u0171veket is \u00e1tlagosan 8 sz\u00e1zal\u00e9kkal dr\u00e1g\u00e1bban lehet megkapni, mint egy \u00e9ve.<br \/>\n    A Magyarorsz\u00e1gon \u00e9rt\u00e9kes\u00edtett haszn\u00e1ltaut\u00f3k fele \u00f6t m\u00e1rka valamelyik\u00e9t k\u00e9pviseli: 14 sz\u00e1zal\u00e9kos r\u00e9szar\u00e1ny\u00e1val tov\u00e1bbra is az Opel vezet, a m\u00e1sodik legjobban forg\u00f3 m\u00e1rka a Suzuki, t\u00edz sz\u00e1zal\u00e9kos r\u00e9szesed\u00e9ssel. Ezeket sorrendben a Volkswagen, a Ford \u00e9s a Renault k\u00f6veti, a rangsor j\u00f3l t\u00fckr\u00f6zi a hazai szem\u00e9lyaut\u00f3-\u00e1llom\u00e1ny \u00f6sszet\u00e9tel\u00e9t is &#8211; k\u00f6z\u00f6lt\u00e9k.<br \/>\n    A k\u00f6zlem\u00e9ny szerint az elkelt haszn\u00e1lt szem\u00e9lyg\u00e9pkocsik \u00f6ssz\u00e9rt\u00e9k\u00e9nek v\u00e1ltoz\u00e1s\u00e1t jelz\u0151 haszn\u00e1ltaut\u00f3 index a tavalyi utols\u00f3 negyed\u00e9vben 134,4 sz\u00e1zal\u00e9kra emelkedett.<br \/>\n    Az index meggy\u0151z\u0151 m\u00e9rt\u00e9kben maga m\u00f6g\u00f6tt hagyta azt a s\u00e1vot, amelyb\u0151l a v\u00e1ls\u00e1g kezdete \u00f3ta \u00e9vekig nem tudott kit\u00f6rni &#8211; emelte ki Fodor L\u00e1szl\u00f3, hozz\u00e1t\u00e9ve, hogy mostanra m\u00e1r t\u00f6bb mint harmad\u00e1val nagyobb \u00f6ssz\u00e9rt\u00e9kben cser\u00e9lnek gazd\u00e1t a haszn\u00e1lt aut\u00f3k a magyar piacon, mint 2009 elej\u00e9n.<br \/>\n    A Haszn\u00e1ltaut\u00f3.hu negyed\u00e9vente k\u00f6zli a haszn\u00e1ltaut\u00f3-piac aktu\u00e1lis \u00e1llapot\u00e1t le\u00edr\u00f3 indexet. Az index egy ar\u00e1nysz\u00e1m, amely az adott id\u0151szakban elkelt haszn\u00e1ltaut\u00f3k aktu\u00e1lis \u00f6ssz\u00e9rt\u00e9k\u00e9t viszony\u00edtja a v\u00e1ls\u00e1g kezdetekor, 2009 els\u0151 negyed\u00e9v\u00e9ben m\u00e9rt szinthez. 100 sz\u00e1zal\u00e9k feletti \u00e1llapota azt jelzi, hogy a haszn\u00e1ltaut\u00f3-piac lend\u00fclete felette j\u00e1r a b\u00e1zisnak tekintett id\u0151szak teljes\u00edtm\u00e9ny\u00e9nek &#8211; \u00e1ll a k\u00f6zlem\u00e9nyben.(MTI)<\/p>\n","protected":false},"excerpt":{"rendered":"<p>Tavaly mintegy t\u00edz sz\u00e1zal\u00e9kkal t\u00f6bb, csaknem f\u00e9lmilli\u00f3 haszn\u00e1ltaut\u00f3 cser\u00e9lt gazd\u00e1t Magyarorsz\u00e1gon, a j\u00e1rm\u0171vek \u00e1tlag\u00e1ra 9 sz\u00e1zal\u00e9kkal n\u0151t, \u00edgy meghaladta az 1,6 milli\u00f3 forintot &#8211; k\u00f6z\u00f6lte a Haszn\u00e1ltaut\u00f3.hu aut\u00f3s port\u00e1l h\u00e9tf\u0151n az MTI-vel.<\/p>\n","protected":false},"author":1,"featured_media":0,"comment_status":"open","ping_status":"closed","sticky":false,"template":"","format":"standard","meta":[],"categories":[19],"tags":[],"_links":{"self":[{"href":"https:\/\/gazdasagportal.hu\/index.php\/wp-json\/wp\/v2\/posts\/54322"}],"collection":[{"href":"https:\/\/gazdasagportal.hu\/index.php\/wp-json\/wp\/v2\/posts"}],"about":[{"href":"https:\/\/gazdasagportal.hu\/index.php\/wp-json\/wp\/v2\/types\/post"}],"author":[{"embeddable":true,"href":"https:\/\/gazdasagportal.hu\/index.php\/wp-json\/wp\/v2\/users\/1"}],"replies":[{"embeddable":true,"href":"https:\/\/gazdasagportal.hu\/index.php\/wp-json\/wp\/v2\/comments?post=54322"}],"version-history":[{"count":1,"href":"https:\/\/gazdasagportal.hu\/index.php\/wp-json\/wp\/v2\/posts\/54322\/revisions"}],"predecessor-version":[{"id":54323,"href":"https:\/\/gazdasagportal.hu\/index.php\/wp-json\/wp\/v2\/posts\/54322\/revisions\/54323"}],"wp:attachment":[{"href":"https:\/\/gazdasagportal.hu\/index.php\/wp-json\/wp\/v2\/media?parent=54322"}],"wp:term":[{"taxonomy":"category","embeddable":true,"href":"https:\/\/gazdasagportal.hu\/index.php\/wp-json\/wp\/v2\/categories?post=54322"},{"taxonomy":"post_tag","embeddable":true,"href":"https:\/\/gazdasagportal.hu\/index.php\/wp-json\/wp\/v2\/tags?post=54322"}],"curies":[{"name":"wp","href":"https:\/\/api.w.org\/{rel}","templated":true}]}}